{"id":605668,"date":"2026-08-06T22:07:20","date_gmt":"2026-08-06T22:07:20","guid":{"rendered":"https:\/\/www.europesays.com\/pl\/605668\/"},"modified":"2026-08-06T22:07:20","modified_gmt":"2026-08-06T22:07:20","slug":"w-pierwszej-rundzie-pucharu-polski-pilkarze-gks-u-tychy-zagraja-z-lks-em-lodz","status":"publish","type":"post","link":"https:\/\/www.europesays.com\/pl\/605668\/","title":{"rendered":"W pierwszej rundzie Pucharu Polski pi\u0142karze GKS-u Tychy zagraj\u0105 z \u0141KS-em \u0141\u00f3d\u017a"},"content":{"rendered":"<p>            <a href=\"https:\/\/noweinfo.pl\/wp-content\/uploads\/2026\/08\/GKS_Lewandowski.jpg\" data-caption=\"W meczu z Zag\u0142\u0119biem Sosnowiec gola dla Tyszan zdoby\u0142 Mateusz Lewandowski; fot \u0141ukasz Sobala\" rel=\"nofollow noopener\" target=\"_blank\"><img loading=\"lazy\" decoding=\"async\" width=\"696\" height=\"438\" class=\"entry-thumb td-modal-image\" src=\"https:\/\/www.europesays.com\/pl\/wp-content\/uploads\/2026\/08\/GKS_Lewandowski-696x438.jpg\"   alt=\"\" title=\"GKS_Lewandowski\"\/><\/a>W meczu z Zag\u0142\u0119biem Sosnowiec gola dla Tyszan zdoby\u0142 Mateusz Lewandowski; fot \u0141ukasz Sobala<br \/>\n            W czwartek 6 sierpnia odby\u0142o si\u0119 losowanie pierwszej rundy rozgrywek o Puchar Polski w pi\u0142ce no\u017cnej. Dru\u017cyna GKS-u Tychy zagra w niej z \u0141KS-em \u0141\u00f3d\u017a. Dzie\u0144 wcze\u015bniej, w rundzie wst\u0119pnej Tyszanie pokonali u siebie Zag\u0142\u0119bie Sosnowiec 1:0 (1:0).<\/p>\n<p>Mecz z Zag\u0142\u0119biem Sosnowiec nie by\u0142 porywaj\u0105cy. Kibice GKS-u komentowali, \u017ce wynik jest lepszy ni\u017c gra Tr\u00f3jkolorowych. Jedyn\u0105 bramk\u0119 spotkania zdoby\u0142 w 37. minucie Mateusz Lewandowski. Napastnik GKS-u g\u0142ow\u0105 sfinalizowa\u0142 do\u015brodkowanie Paw\u0142a Olkowskiego.<\/p>\n<p>Zaraz po przerwie Tyszanie byli bliscy strzelenia drugiej bramki, ale po uderzeniu Tymoteusza Rygu\u0142y skutecznie interweniowa\u0142 bramkarz Zag\u0142\u0119bia. Po jednej z akcji Sosnowiczan pi\u0142ka odbi\u0142a si\u0119 od s\u0142upka. Innym razem dobrze interweniowa\u0142 w tyskiej bramce Jakub M\u0105drzyk. W doliczonym czasie gry zwyci\u0119stwo dla GKS-u uratowa\u0142 golkiper Tr\u00f3jkolorowych, broni\u0105c pi\u0142k\u0119 po rzucie ro\u017cnym dla Sosnowca.<\/p>\n<p>6 sierpnia odby\u0142o si\u0119 losowanie pierwszej rundy Pucharu Polski na szczeblu centralnym. Los zetkn\u0105\u0142 GKS-u Tychy z \u0141KS-em \u0141\u00f3d\u017a. Spotkanie odb\u0119dzie si\u0119 w Tychach na pocz\u0105tku wrze\u015bnia br.<\/p>\n<p>GKS Tychy \u2013 Zag\u0142\u0119bie Sosnowiec 1:0 (1:0)<\/p>\n<p>Bramka: Mateusz Lewandowski, 37.<\/p>\n<p>GKS: M\u0105drzyk \u2013 Chorosi\u0144ski, Hoyo Kowalski,Tumala, Olkowski \u2013 Begala, Horvat, Tr\u0105bka (84. Wojtczak) \u2013 K\u0105dzior (60. G\u0119bala), Lewandowski (60. Kasprzyk), Rygu\u0142a (60. Koniuszy).<\/p>\n<p>Zag\u0142\u0119bie: Kud\u0142a \u2013 Ko\u015bmicki, Rozwandowicz, Gryszkiewicz \u2013 Soumare (46. Jarek),\u00a0 Dmian Tront, Rodriguez, Predenkiewicz \u2013 Chmarek (79. Kupidura), Bar\u0107 (79. Zawojski), Podg\u00f3rski.<\/p>\n<p>\u017b\u00f3\u0142te kartki: Horvat, Chorosi\u0144ski, Begala \u2013 Rodriguez, Ko\u015bmicki, Zawojski.<\/p>\n<p>(J), \u017ar\u00f3d\u0142o: gkstychy.info<\/p>\n","protected":false},"excerpt":{"rendered":"W meczu z Zag\u0142\u0119biem Sosnowiec gola dla Tyszan zdoby\u0142 Mateusz Lewandowski; fot \u0141ukasz Sobala W czwartek 6 sierpnia&hellip;\n","protected":false},"author":2,"featured_media":605669,"comment_status":"","ping_status":"","sticky":false,"template":"","format":"standard","meta":{"footnotes":"","_share_on_mastodon":"0"},"categories":[51608],"tags":[3639,3650,3652,99652,269,42,38,40,39,41,4824,14201],"class_list":["post-605668","post","type-post","status-publish","format-standard","has-post-thumbnail","category-lodz","tag-gks-tychy","tag-lks-lodz","tag-lodz","tag-mateusz-lewandowski","tag-pilka-nozna","tag-pl","tag-poland","tag-polish","tag-polska","tag-polski","tag-puchar-polski","tag-zaglebie-sosnowiec"],"share_on_mastodon":{"url":"https:\/\/pubeurope.com\/@pl\/117050845301480710","error":""},"_links":{"self":[{"href":"https:\/\/www.europesays.com\/pl\/wp-json\/wp\/v2\/posts\/605668","targetHints":{"allow":["GET"]}}],"collection":[{"href":"https:\/\/www.europesays.com\/pl\/wp-json\/wp\/v2\/posts"}],"about":[{"href":"https:\/\/www.europesays.com\/pl\/wp-json\/wp\/v2\/types\/post"}],"author":[{"embeddable":true,"href":"https:\/\/www.europesays.com\/pl\/wp-json\/wp\/v2\/users\/2"}],"replies":[{"embeddable":true,"href":"https:\/\/www.europesays.com\/pl\/wp-json\/wp\/v2\/comments?post=605668"}],"version-history":[{"count":0,"href":"https:\/\/www.europesays.com\/pl\/wp-json\/wp\/v2\/posts\/605668\/revisions"}],"wp:featuredmedia":[{"embeddable":true,"href":"https:\/\/www.europesays.com\/pl\/wp-json\/wp\/v2\/media\/605669"}],"wp:attachment":[{"href":"https:\/\/www.europesays.com\/pl\/wp-json\/wp\/v2\/media?parent=605668"}],"wp:term":[{"taxonomy":"category","embeddable":true,"href":"https:\/\/www.europesays.com\/pl\/wp-json\/wp\/v2\/categories?post=605668"},{"taxonomy":"post_tag","embeddable":true,"href":"https:\/\/www.europesays.com\/pl\/wp-json\/wp\/v2\/tags?post=605668"}],"curies":[{"name":"wp","href":"https:\/\/api.w.org\/{rel}","templated":true}]}}