{"id":606042,"date":"2026-08-07T02:26:38","date_gmt":"2026-08-07T02:26:38","guid":{"rendered":"https:\/\/www.europesays.com\/pl\/606042\/"},"modified":"2026-08-07T02:26:38","modified_gmt":"2026-08-07T02:26:38","slug":"rok-prezydentury-nawrockiego-chce-zmienic-jej-model","status":"publish","type":"post","link":"https:\/\/www.europesays.com\/pl\/606042\/","title":{"rendered":"Rok prezydentury Nawrockiego. \u201eChc\u0119 zmieni\u0107 jej model\u201d"},"content":{"rendered":"<p>Prezydent Karol Nawrocki podsumowa\u0142 w czwartek pierwszy rok urz\u0119dowania podczas spotkania na dziedzi\u0144cu Pa\u0142acu Prezydenckiego. Podkre\u015bla\u0142, \u017ce chce pozosta\u0107 \u201eg\u0142osem Polek i Polak\u00f3w\u201d oraz zapowiedzia\u0142 kontynuowanie aktywnego modelu prezydentury.<\/p>\n<p>Wyst\u0105pienie poprzedzi\u0142a cz\u0119\u015b\u0107 artystyczna. Raper Leszek Ka\u017amierczak \u201eEldo\u201d wraz z dzie\u0107mi z zespo\u0142u \u201eZag\u00f3rza\u0144ska si\u0142a\u201d wykona\u0142 utw\u00f3r \u201eNie pytaj o ni\u0105\u201d, inspirowany piosenk\u0105 Grzegorza Ciechowskiego \u201eNie pytaj o Polsk\u0119\u201d. Zesp\u00f3\u0142 wykona\u0142 r\u00f3wnie\u017c hymn narodowy.\u00a0\u2013 To wy byli\u015bcie, drodzy pa\u0144stwo, moj\u0105 si\u0142\u0105 i moj\u0105 nadziej\u0105 i pozostajecie ni\u0105 tak\u017ce dzisiaj. Jeste\u015bcie si\u0142\u0105 i nadziej\u0105 Prezydenta Rzeczypospolitej Polskiej. Wy, nar\u00f3d \u2013 powiedzia\u0142 Nawrocki.<\/p>\n<p>Jak zaznaczy\u0142, jedna rzecz po pierwszym roku sprawowania urz\u0119du pozostaje niezmienna.\u00a0\u2013 Chc\u0119 by\u0107 g\u0142osem Polek i Polak\u00f3w. Chc\u0119 by\u0107 g\u0142osem polskiego narodu; b\u0119d\u0119, jestem nim przy podpisywaniu ka\u017cdej ustawy, przy ka\u017cdej inicjatywie ustawodawczej \u2013 zadeklarowa\u0142.<\/p>\n<p>\u201eChc\u0119 zmieni\u0107 model prezydentury\u201d<\/p>\n<p>Nawrocki podkre\u015bli\u0142, \u017ce w ci\u0105gu pierwszych dwunastu miesi\u0119cy wyst\u0105pi\u0142 z 22 inicjatywami ustawodawczymi, czyli \u015brednio z dwiema miesi\u0119cznie. Wed\u0142ug niego 21 z nich znajduje si\u0119 obecnie w \u201esejmowej zamra\u017carce\u201d.\u00a0\u2013 Zrobi\u0142em to dlatego, bo chc\u0119 w istocie zmieni\u0107 model prezydentury. Tak, prezydent nie jest tylko od tego, aby prawo opiniowa\u0107 i zajmowa\u0107 si\u0119 ustawami, kt\u00f3re przychodz\u0105 z Sejmu. Prezydent jest te\u017c od tego, aby wychodzi\u0107 z inicjatywami ustawodawczymi i aby nie\u015b\u0107 wasz g\u0142os i wasze postulaty \u2013 m\u00f3wi\u0142.<\/p>\n<p>Jako jeden z projekt\u00f3w oczekuj\u0105cych na rozpatrzenie wskaza\u0142 propozycj\u0119, kt\u00f3ra \u2013 wed\u0142ug prezydenta \u2013 ma doprowadzi\u0107 do obni\u017cenia cen energii elektrycznej o 33 proc.<\/p>\n<p>Nawrocki odni\u00f3s\u0142 si\u0119 r\u00f3wnie\u017c do odrzucenia przez Senat jego kolejnego wniosku o przeprowadzenie referendum dotycz\u0105cego unijnej polityki klimatycznej i Zielonego \u0141adu. Zapewni\u0142 jednocze\u015bnie, \u017ce cho\u0107 nie wszystkie zapowiadane przez niego rozwi\u0105zania uda\u0142o si\u0119 dotychczas wprowadzi\u0107, nie zamierza z nich rezygnowa\u0107.<\/p>\n<p>259 podpis\u00f3w, 41 wet<\/p>\n<p>Prezydent odpowiedzia\u0142 r\u00f3wnie\u017c na zarzuty przedstawicieli koalicji rz\u0105dz\u0105cej, wed\u0142ug kt\u00f3rych zbyt cz\u0119sto korzysta z prawa weta. Zapowiedzia\u0142, \u017ce w pi\u0105tek podpisze cztery kolejne ustawy.\u00a0Wed\u0142ug przedstawionego przez niego bilansu po tych decyzjach liczba podpisanych ustaw wyniesie 259, a zawetowanych \u2013 41. \u0141\u0105cznie daje to 300 rozpatrzonych ustaw.\u00a0\u2013 259 podpisanych ustaw pokazuje, \u017ce tam, gdzie tylko mog\u0119 znale\u017a\u0107 odrobin\u0119 kompromisu, gdzie mog\u0119 dostrzec, \u017ce to prawo pisane jest dla Polak\u00f3w, \u017ce Polakom si\u0119 przyda, nawet je\u015bli mam pewne obiekcje (&#8230;), to zawsze je podpisz\u0119 \u2013 powiedzia\u0142 Nawrocki.<\/p>\n<p>Zaapelowa\u0142 r\u00f3wnie\u017c do marsza\u0142ka Sejmu o rozpocz\u0119cie prac nad prezydenckim projektem tzw. \u201epolskiego SAFE\u201d, dotycz\u0105cym finansowania modernizacji polskiej armii z wykorzystaniem rezerw z\u0142ota Narodowego Banku Polskiego.\u00a0Nawrocki zapewni\u0142, \u017ce po roku sprawowania urz\u0119du nie odczuwa zm\u0119czenia i zamierza kontynuowa\u0107 obrany kurs.\u00a0\u2013 Mam ci\u0105gle wiele energii na kolejne cztery lata. Mam 100 proc. baterii \u2013 powiedzia\u0142.<\/p>\n","protected":false},"excerpt":{"rendered":"Prezydent Karol Nawrocki podsumowa\u0142 w czwartek pierwszy rok urz\u0119dowania podczas spotkania na dziedzi\u0144cu Pa\u0142acu Prezydenckiego. Podkre\u015bla\u0142, \u017ce chce&hellip;\n","protected":false},"author":2,"featured_media":606043,"comment_status":"","ping_status":"","sticky":false,"template":"","format":"standard","meta":{"footnotes":"","_share_on_mastodon":"0"},"categories":[62712],"tags":[119891,21690,690,1005,89130,21691,6008,9378,21692],"class_list":["post-606042","post","type-post","status-publish","format-standard","has-post-thumbnail","category-karol-nawrocki","tag-dr-karol-nawrocki","tag-gosc-niedzielny","tag-karol-nawrocki","tag-prezydent","tag-prezydentura","tag-publicystyka-katolicka","tag-rocznica","tag-tygodnik-katolicki","tag-wiadomosci-z-zycia-kosciola-polski-i-swiata"],"share_on_mastodon":{"url":"https:\/\/pubeurope.com\/@pl\/117051862767766941","error":""},"_links":{"self":[{"href":"https:\/\/www.europesays.com\/pl\/wp-json\/wp\/v2\/posts\/606042","targetHints":{"allow":["GET"]}}],"collection":[{"href":"https:\/\/www.europesays.com\/pl\/wp-json\/wp\/v2\/posts"}],"about":[{"href":"https:\/\/www.europesays.com\/pl\/wp-json\/wp\/v2\/types\/post"}],"author":[{"embeddable":true,"href":"https:\/\/www.europesays.com\/pl\/wp-json\/wp\/v2\/users\/2"}],"replies":[{"embeddable":true,"href":"https:\/\/www.europesays.com\/pl\/wp-json\/wp\/v2\/comments?post=606042"}],"version-history":[{"count":0,"href":"https:\/\/www.europesays.com\/pl\/wp-json\/wp\/v2\/posts\/606042\/revisions"}],"wp:featuredmedia":[{"embeddable":true,"href":"https:\/\/www.europesays.com\/pl\/wp-json\/wp\/v2\/media\/606043"}],"wp:attachment":[{"href":"https:\/\/www.europesays.com\/pl\/wp-json\/wp\/v2\/media?parent=606042"}],"wp:term":[{"taxonomy":"category","embeddable":true,"href":"https:\/\/www.europesays.com\/pl\/wp-json\/wp\/v2\/categories?post=606042"},{"taxonomy":"post_tag","embeddable":true,"href":"https:\/\/www.europesays.com\/pl\/wp-json\/wp\/v2\/tags?post=606042"}],"curies":[{"name":"wp","href":"https:\/\/api.w.org\/{rel}","templated":true}]}}