{"id":606162,"date":"2026-08-07T03:48:16","date_gmt":"2026-08-07T03:48:16","guid":{"rendered":"https:\/\/www.europesays.com\/pl\/606162\/"},"modified":"2026-08-07T03:48:16","modified_gmt":"2026-08-07T03:48:16","slug":"nowa-zelandia-zaskoczona-pogoda-w-stolicy-spadl-pierwszy-snieg-od-15-lat","status":"publish","type":"post","link":"https:\/\/www.europesays.com\/pl\/606162\/","title":{"rendered":"Nowa Zelandia zaskoczona pogod\u0105. W stolicy spad\u0142 pierwszy \u015bnieg od 15 lat"},"content":{"rendered":"<p>W stolicy Nowej Zelandii, Wellington, po raz pierwszy od 15 lat spad\u0142 \u015bnieg. Z powodu fali polarnego powietrza znad Antarktydy, w wielu miejscach kraju odczuwalny by\u0142 znaczny ch\u0142\u00f3d. Sytuacja ta w cz\u0119\u015bci region\u00f3w utrzyma\u0142a si\u0119 do pi\u0105tkowego poranka \u2014 jak informuje nowozelandzka s\u0142u\u017cba meteorologiczna.<\/p>\n<p>Dalszy ci\u0105g artyku\u0142u pod materia\u0142em wideo<\/p>\n<p>We wtorek nad Now\u0105 Zelandi\u0119 nadci\u0105gn\u0105\u0142 front atmosferyczny, kt\u00f3ry przyni\u00f3s\u0142 mr\u00f3z, wiatr oraz opady \u015bniegu. Po po\u0142udniu w stolicy kraju, Wellington, po raz pierwszy od 15 lat spad\u0142 \u015bnieg \u2014 zjawisko to wywo\u0142a\u0142o sensacj\u0119. <\/p>\n<p><a href=\"https:\/\/www.onet.pl\/\" title=\"Strona G\u0142\u00f3wna\" aria-label=\"Strona G\u0142\u00f3wna\" data-astro-prefetch=\"tap\" class=\"ods-a-logo-main-desktop\" rel=\"nofollow noopener\" target=\"_blank\"><img src=\"https:\/\/cdn.wiadomosci.onet.pl\/img\/Logo_desktop_Onet.svg\" class=\"ods-a-logo-main-desktop__image\" alt=\"Logo\" width=\"107\" height=\"60\" fetchpriority=\"high\" decoding=\"sync\" style=\"height:60px\"\/><\/a><\/p>\n<p class=\"ods-m-google-article__text\">Czytaj nas cz\u0119\u015bciej w Google<\/p>\n<p><a href=\"https:\/\/google.com\/preferences\/source?q=onet.pl\" target=\"_blank\" rel=\"noopener noreferrer nofollow\" aria-label=\"Dodaj w Google\" title=\"Dodaj w Google\" class=\"ods-a-button ods-a-button__primary ods-a-button__default ods-a-button-l\">Dodaj w Google<\/a><\/p>\n<p>Jak donosi brytyjski &#8222;The Guardian&#8221;, &#8222;pracownicy biurowi wybiegli na zewn\u0105trz, by stan\u0105\u0107 w zamieci \u015bnie\u017cnej, a rozradowani mieszka\u0144cy, wyra\u017caj\u0105c jednocze\u015bnie zdziwienie i rado\u015b\u0107, zalewali media spo\u0142eczno\u015bciowe nagraniami&#8221;.<\/p>\n<p>W Dunedin, drugim co do wielko\u015bci mie\u015bcie Wyspy Po\u0142udniowej, najwi\u0119kszej wyspy Nowej Zelandii, uczniowie zostali odes\u0142ani ze szk\u00f3\u0142 do dom\u00f3w. Wielu Nowozelandczyk\u00f3w postanowi\u0142o <a href=\"https:\/\/podroze.onet.pl\/aktualnosci\/nagranie-z-bielska-bialej-niesie-sie-po-sieci-oto-co-zrobil-mieszkaniec-miasta\/zhb69jr\" id=\"c6446c9d-4ffa-4811-a392-c9f2abda71ea\" rel=\"nofollow noopener\" target=\"_blank\">skorzysta\u0107 ze \u015bniegu, kt\u00f3ry pojawi\u0142 si\u0119 na ulicach,<\/a> przemierzaj\u0105c je na nartach.Policzyli\u015bmy, kt\u00f3re miasta najgorzej znosz\u0105 upa\u0142y. Sprawd\u017a nasz ranking<img class=\"ods-a-photo ods-a-photo--background\" src=\"https:\/\/www.europesays.com\/pl\/wp-content\/uploads\/2026\/08\/1786074496_777_ksNk9lBaHR0cHM6Ly9vY2RuLmV1L3B1bHNjbXMvTURBXy9hZDM5NmI3YTc4ZTRlMzZkMDZhMWY3NTU4YzdkYzdlOC5wbmeRlQLNA.jpeg\" height=\"253\" width=\"450\" alt=\"Indeks Podatno\u015bci na Upa\u0142y\" loading=\"lazy\" fetchpriority=\"low\" decoding=\"async\"\/><\/p>\n<p>Tymczasem w nocy z czwartku na pi\u0105tek (pi\u0105tek rano czasu lokalnego) nowozelandzka s\u0142u\u017cba meteorologiczna poinformowa\u0142a, \u017ce najzimniejszym regionem o poranku by\u0142a tzw. pustynna droga \u2014 autostrada krajowa nr 1 przebiegaj\u0105ca przez pustyni\u0119 Rangipo, gdzie temperatura spad\u0142a do -10,6 st. Celsjusza.<\/p>\n","protected":false},"excerpt":{"rendered":"W stolicy Nowej Zelandii, Wellington, po raz pierwszy od 15 lat spad\u0142 \u015bnieg. Z powodu fali polarnego powietrza&hellip;\n","protected":false},"author":2,"featured_media":606163,"comment_status":"","ping_status":"","sticky":false,"template":"","format":"standard","meta":{"footnotes":"","_share_on_mastodon":"0"},"categories":[14],"tags":[61195,32,33,27,34,35,28,31,48,25,10663,46,55,78,40,41,47,7312,80,29,30,26,82,83,84,7441],"class_list":["post-606162","post","type-post","status-publish","format-standard","has-post-thumbnail","category-swiat","tag-bottomfeed_styl","tag-breaking-news","tag-breakingnews","tag-headlines","tag-latest-news","tag-latestnews","tag-naglowki","tag-najwazniejsze-artykuly","tag-nat_styl","tag-news","tag-nowa_zelandia","tag-omp","tag-phx","tag-pogoda","tag-polish","tag-polski","tag-screening_general","tag-snieg","tag-swiat","tag-top-stories","tag-topstories","tag-wiadomosci","tag-world","tag-world-news","tag-worldnews","tag-zima"],"share_on_mastodon":{"url":"https:\/\/pubeurope.com\/@pl\/117052185288878415","error":""},"_links":{"self":[{"href":"https:\/\/www.europesays.com\/pl\/wp-json\/wp\/v2\/posts\/606162","targetHints":{"allow":["GET"]}}],"collection":[{"href":"https:\/\/www.europesays.com\/pl\/wp-json\/wp\/v2\/posts"}],"about":[{"href":"https:\/\/www.europesays.com\/pl\/wp-json\/wp\/v2\/types\/post"}],"author":[{"embeddable":true,"href":"https:\/\/www.europesays.com\/pl\/wp-json\/wp\/v2\/users\/2"}],"replies":[{"embeddable":true,"href":"https:\/\/www.europesays.com\/pl\/wp-json\/wp\/v2\/comments?post=606162"}],"version-history":[{"count":0,"href":"https:\/\/www.europesays.com\/pl\/wp-json\/wp\/v2\/posts\/606162\/revisions"}],"wp:featuredmedia":[{"embeddable":true,"href":"https:\/\/www.europesays.com\/pl\/wp-json\/wp\/v2\/media\/606163"}],"wp:attachment":[{"href":"https:\/\/www.europesays.com\/pl\/wp-json\/wp\/v2\/media?parent=606162"}],"wp:term":[{"taxonomy":"category","embeddable":true,"href":"https:\/\/www.europesays.com\/pl\/wp-json\/wp\/v2\/categories?post=606162"},{"taxonomy":"post_tag","embeddable":true,"href":"https:\/\/www.europesays.com\/pl\/wp-json\/wp\/v2\/tags?post=606162"}],"curies":[{"name":"wp","href":"https:\/\/api.w.org\/{rel}","templated":true}]}}