{"id":606198,"date":"2026-08-07T04:11:09","date_gmt":"2026-08-07T04:11:09","guid":{"rendered":"https:\/\/www.europesays.com\/pl\/606198\/"},"modified":"2026-08-07T04:11:09","modified_gmt":"2026-08-07T04:11:09","slug":"polki-pokazaly-moc-kapitalny-start-na-mistrzostwach-swiata","status":"publish","type":"post","link":"https:\/\/www.europesays.com\/pl\/606198\/","title":{"rendered":"Polki pokaza\u0142y moc. Kapitalny start na mistrzostwach \u015bwiata"},"content":{"rendered":"\n<p class=\"contentpart contentpart--default contentpart--text\" data-position=\"0\">Na czwartek, 6 sierpnia zaplanowany zosta\u0142 pocz\u0105tek rywalizacji w tegorocznych mistrzostwach \u015bwiata siatkarek U-17. Ju\u017c w pierwszym dniu do gry przyst\u0105pi\u0142a reprezentacja Polski kobiet, a jej rywalem by\u0142a Argentyna.<\/p>\n<p class=\"contentpart contentpart--default contentpart--text\" data-position=\"1\">W premierowej ods\u0142onie Bia\u0142o-Czerwone zaprezentowa\u0142y si\u0119 z bardzo dobrej strony. Ostatecznie zwyci\u0119\u017cy\u0142y 25:20, dzi\u0119ki czemu udanie otworzy\u0142y zar\u00f3wno mecz, jak i turniej.<\/p>\n<p>  <img decoding=\"async\" src=\"https:\/\/v.wpimg.pl\/X3dwLnN2d1IFFTpdYUl6R0ZNbgcnEHQREVV2TGEGbUtRT2MdOlZ2RBQUKABgQjQcDRotCStBd1IAAWMeIlM7VgwYIAorQAdEFFk_GCkQJQ\" alt=\"\" width=\"45\" height=\"58\" loading=\"lazy\"\/>  <\/p>\n<p class=\"contentpart contentpart--default contentpart--text\" data-position=\"2\">Je\u017celi chodzi o drug\u0105 parti\u0119 tego spotkania, to ten dostarczy\u0142 wi\u0119kszych emocji. W ko\u0144c\u00f3wce jednak lepiej zaprezentowa\u0142y si\u0119 Polki, kt\u00f3re po wypracowaniu pi\u0142ek setowych by\u0142y w stanie postawi\u0107 kropk\u0119 nad &#8222;i&#8221;, zwyci\u0119\u017caj\u0105c 25:22.<\/p>\n<p class=\"contentpart contentpart--default contentpart--text\" data-position=\"3\">Przy wyniku 2:0 Argentynki nie prezentowa\u0142y si\u0119 tak dobrze, jak wcze\u015bniej. Ostatecznie praktycznie nie by\u0142y w stanie nawi\u0105za\u0107 walki z naszymi siatkarkami, kt\u00f3re zanotowa\u0142y najlepszy wyst\u0119p i rozbi\u0142y rywalki 25:16.<\/p>\n<p class=\"contentpart contentpart--default contentpart--text\" data-position=\"4\">Tym samym nasza kadra narodowa znakomicie otworzy\u0142a tegoroczne mistrzostwa \u015bwiata. Polki, kt\u00f3re trafi\u0142y do grupy C, zmierz\u0105 si\u0119 jeszcze z\u00a0Brazyli\u0105 (7.08, 20:00), Japoni\u0105 (09.08, 2:00), Chorwacj\u0105 (10.08, 20:00) i Hiszpani\u0105 (11.08, 20:00). Cztery najlepsze zespo\u0142y z sze\u015bciu awansuj\u0105 do 1\/8 fina\u0142u.<\/p>\n<p class=\"contentpart contentpart--default contentpart--text\" data-position=\"5\">Mistrzostwa \u015bwiata U-17:<\/p>\n<p class=\"contentpart contentpart--default contentpart--text\" data-position=\"6\"><a href=\"https:\/\/sportowefakty.wp.pl\/argentyna\" rel=\"nofollow noopener\" target=\"_blank\">Argentyna U-17<\/a>\u00a0&#8211;\u00a0<a href=\"https:\/\/sportowefakty.wp.pl\/siatkowka\/reprezentacja-polski-kobiet-u-17\" rel=\"nofollow noopener\" target=\"_blank\">Polska U-17<\/a>\u00a00:3 (20:25, 22:25, 16:25)<\/p>\n<p class=\"contentpart contentpart--default contentpart--text\" data-position=\"7\">ZOBACZ WIDEO: D\u0142uga podr\u00f3\u017c za siatkarzami. &#8222;Ciesz\u0119 si\u0119, \u017ce jeste\u015bmy w Polsce&#8221;<\/p>\n","protected":false},"excerpt":{"rendered":"Na czwartek, 6 sierpnia zaplanowany zosta\u0142 pocz\u0105tek rywalizacji w tegorocznych mistrzostwach \u015bwiata siatkarek U-17. Ju\u017c w pierwszym dniu&hellip;\n","protected":false},"author":2,"featured_media":606199,"comment_status":"","ping_status":"","sticky":false,"template":"","format":"standard","meta":{"footnotes":"","_share_on_mastodon":"0"},"categories":[24],"tags":[968,3037,42,38,40,39,41,50167,539,23016,24908,131,960,127,126],"class_list":["post-606198","post","type-post","status-publish","format-standard","has-post-thumbnail","category-sport","tag-argentyna","tag-mistrzostwa-swiata","tag-pl","tag-poland","tag-polish","tag-polska","tag-polski","tag-reprezentacja-polski-kobiet-u-17","tag-reprezentacje","tag-reprezentacje-mlodziezowe","tag-rozgrywki-mlodziezowe","tag-siatkowka","tag-siatkowka-na-swiecie","tag-sport","tag-sports"],"share_on_mastodon":{"url":"https:\/\/pubeurope.com\/@pl\/117052276485765954","error":""},"_links":{"self":[{"href":"https:\/\/www.europesays.com\/pl\/wp-json\/wp\/v2\/posts\/606198","targetHints":{"allow":["GET"]}}],"collection":[{"href":"https:\/\/www.europesays.com\/pl\/wp-json\/wp\/v2\/posts"}],"about":[{"href":"https:\/\/www.europesays.com\/pl\/wp-json\/wp\/v2\/types\/post"}],"author":[{"embeddable":true,"href":"https:\/\/www.europesays.com\/pl\/wp-json\/wp\/v2\/users\/2"}],"replies":[{"embeddable":true,"href":"https:\/\/www.europesays.com\/pl\/wp-json\/wp\/v2\/comments?post=606198"}],"version-history":[{"count":0,"href":"https:\/\/www.europesays.com\/pl\/wp-json\/wp\/v2\/posts\/606198\/revisions"}],"wp:featuredmedia":[{"embeddable":true,"href":"https:\/\/www.europesays.com\/pl\/wp-json\/wp\/v2\/media\/606199"}],"wp:attachment":[{"href":"https:\/\/www.europesays.com\/pl\/wp-json\/wp\/v2\/media?parent=606198"}],"wp:term":[{"taxonomy":"category","embeddable":true,"href":"https:\/\/www.europesays.com\/pl\/wp-json\/wp\/v2\/categories?post=606198"},{"taxonomy":"post_tag","embeddable":true,"href":"https:\/\/www.europesays.com\/pl\/wp-json\/wp\/v2\/tags?post=606198"}],"curies":[{"name":"wp","href":"https:\/\/api.w.org\/{rel}","templated":true}]}}