{"id":606444,"date":"2026-08-07T06:54:20","date_gmt":"2026-08-07T06:54:20","guid":{"rendered":"https:\/\/www.europesays.com\/pl\/606444\/"},"modified":"2026-08-07T06:54:20","modified_gmt":"2026-08-07T06:54:20","slug":"gdzie-obejrzec-piatkowe-mecze-pko-bank-polski-ekstraklasy-i-betclic-1-ligi-program-tv-pilkanozna-pl","status":"publish","type":"post","link":"https:\/\/www.europesays.com\/pl\/606444\/","title":{"rendered":"Gdzie obejrze\u0107 pi\u0105tkowe mecze PKO Bank Polski Ekstraklasy i Betclic 1 Ligi? [PROGRAM TV] \u2013 Pi\u0142kaNo\u017cna.pl"},"content":{"rendered":"<p>\n            fot. Piotr Matusewicz \/ PressFocus\n        <\/p>\n<p class=\"text-4 text-center text-global-text-primary\">W pi\u0105tek rozpoczn\u0105 si\u0119 trzecie kolejki mecz\u00f3w w ramach PKO Bank Polski Ekstraklasy i Betclic 1 Ligi. Dojdzie te\u017c do pierwszego starcia w 2. Bundeslidze. Gdzie je obejrze\u0107?\n        <\/p>\n<p>Polonia Bytom \u2013 Pogo\u0144 Siedlce, Betclic 1 Liga, 17:53, sport.tvp.pl<\/p>\n<p>Polonia Warszawa \u2013 Ruch Chorz\u00f3w, Betclic 1 Liga, 20:25, TVP Sport, sport.tvp.pl<\/p>\n<p>* {<br \/>\n                    position: sticky;<br \/>\n                    position: -webkit-sticky;<br \/>\n                    top: 170px;<br \/>\n                }<br \/>\n            ]]><\/p>\n<p>Wis\u0142a Krak\u00f3w \u2013 Wis\u0142a P\u0142ock, PKO Bank Polski Ekstraklasa, 20:25, Canal+ Sport, Canal+ Sport 3, Canal+ 4K<\/p>\n<p>VfL Bochum \u2013 Hertha BSC, 2. Bundesliga, 20:25, Eleven Sports 1<\/p>\n","protected":false},"excerpt":{"rendered":"fot. Piotr Matusewicz \/ PressFocus W pi\u0105tek rozpoczn\u0105 si\u0119 trzecie kolejki mecz\u00f3w w ramach PKO Bank Polski Ekstraklasy&hellip;\n","protected":false},"author":2,"featured_media":606445,"comment_status":"","ping_status":"","sticky":false,"template":"","format":"standard","meta":{"footnotes":"","_share_on_mastodon":"0"},"categories":[52122],"tags":[19923,274,6010,752,42,38,40,39,41,25065],"class_list":["post-606444","post","type-post","status-publish","format-standard","has-post-thumbnail","category-pko-bank-polski","tag-1-liga","tag-ekstraklasa","tag-pko-bank-polski","tag-pko-bp","tag-pl","tag-poland","tag-polish","tag-polska","tag-polski","tag-program-tv"],"share_on_mastodon":{"url":"https:\/\/pubeurope.com\/@pl\/117052916546065702","error":""},"_links":{"self":[{"href":"https:\/\/www.europesays.com\/pl\/wp-json\/wp\/v2\/posts\/606444","targetHints":{"allow":["GET"]}}],"collection":[{"href":"https:\/\/www.europesays.com\/pl\/wp-json\/wp\/v2\/posts"}],"about":[{"href":"https:\/\/www.europesays.com\/pl\/wp-json\/wp\/v2\/types\/post"}],"author":[{"embeddable":true,"href":"https:\/\/www.europesays.com\/pl\/wp-json\/wp\/v2\/users\/2"}],"replies":[{"embeddable":true,"href":"https:\/\/www.europesays.com\/pl\/wp-json\/wp\/v2\/comments?post=606444"}],"version-history":[{"count":0,"href":"https:\/\/www.europesays.com\/pl\/wp-json\/wp\/v2\/posts\/606444\/revisions"}],"wp:featuredmedia":[{"embeddable":true,"href":"https:\/\/www.europesays.com\/pl\/wp-json\/wp\/v2\/media\/606445"}],"wp:attachment":[{"href":"https:\/\/www.europesays.com\/pl\/wp-json\/wp\/v2\/media?parent=606444"}],"wp:term":[{"taxonomy":"category","embeddable":true,"href":"https:\/\/www.europesays.com\/pl\/wp-json\/wp\/v2\/categories?post=606444"},{"taxonomy":"post_tag","embeddable":true,"href":"https:\/\/www.europesays.com\/pl\/wp-json\/wp\/v2\/tags?post=606444"}],"curies":[{"name":"wp","href":"https:\/\/api.w.org\/{rel}","templated":true}]}}