{"id":606539,"date":"2026-08-07T07:52:10","date_gmt":"2026-08-07T07:52:10","guid":{"rendered":"https:\/\/www.europesays.com\/pl\/606539\/"},"modified":"2026-08-07T07:52:10","modified_gmt":"2026-08-07T07:52:10","slug":"rok-karola-nawrockiego-jan-szyszko-wskazuje-co-prezydent-robi-dobrze","status":"publish","type":"post","link":"https:\/\/www.europesays.com\/pl\/606539\/","title":{"rendered":"Rok Karola Nawrockiego. Jan Szyszko wskazuje, co prezydent robi dobrze"},"content":{"rendered":"<p>W czwartek min\u0105\u0142<a href=\"https:\/\/wiadomosci.onet.pl\/kraj\/rok-prezydentury-karola-nawrockiego-polacy-podzieleni-w-ocenie\/8fc3cy3\" id=\"fcb01410-2124-4ba2-811e-07918277f3e4\" rel=\"nofollow noopener\" target=\"_blank\"> rok prezydentury Karola Nawrockiego<\/a>. \u2014 Odnotowa\u0142em, to na pewno. Widzia\u0142em wydarzenie przed pa\u0142acem prezydenckim, kt\u00f3re z du\u017c\u0105 pomp\u0105 zosta\u0142o zrobione. Dzie\u0144 jak si\u0119 zacz\u0105\u0142, tak si\u0119 sko\u0144czy\u0142 i \u017cyjemy dalej \u2014 komentuje Jan Szyszko. Zdaniem wiceministra rok ten nie by\u0142 prze\u0142omowy &#8222;dla postrzegania sukces\u00f3w Karola Nawrockiego&#8221;.Dalszy ci\u0105g artyku\u0142u pod materia\u0142em wideo<\/p>\n<p>Polityk pytany by\u0142 o wskazanie jednej pozytywnej rzeczy w prezydenturze Nawrockiego, kt\u00f3ra s\u0142u\u017cy\u0142a zar\u00f3wno prezydentowi, jak i obywatelom. Szyszko stwierdza, \u017ce jest to trudne. \u2014 Mog\u0119 wskaza\u0107 jedn\u0105 dobr\u0105 rzecz, kt\u00f3r\u0105 Karol Nawrocki robi na pewno, ale to nie ma takiego wp\u0142ywu na obywateli. Robi dobr\u0105 komunikacj\u0119 i PR. Pojawi\u0142o si\u0119 w Polsce takie wra\u017cenie, jakoby Karol Nawrocki by\u0142 prezydentem sprawczym i realizowa\u0142 swoje obietnice \u2014 m\u00f3wi.<\/p>\n<p><a href=\"https:\/\/www.onet.pl\/\" title=\"Strona G\u0142\u00f3wna\" aria-label=\"Strona G\u0142\u00f3wna\" data-astro-prefetch=\"tap\" class=\"ods-a-logo-main-desktop\" rel=\"nofollow noopener\" target=\"_blank\"><img src=\"https:\/\/cdn.wiadomosci.onet.pl\/img\/Logo_desktop_Onet.svg\" class=\"ods-a-logo-main-desktop__image\" alt=\"Logo\" width=\"107\" height=\"60\" fetchpriority=\"high\" decoding=\"sync\" style=\"height:60px\"\/><\/a><\/p>\n<p class=\"ods-m-google-article__text\">Czytaj nas cz\u0119\u015bciej w Google<\/p>\n<p><a href=\"https:\/\/google.com\/preferences\/source?q=wiadomosci.onet.pl\" target=\"_blank\" rel=\"noopener noreferrer nofollow\" aria-label=\"Dodaj w Google\" title=\"Dodaj w Google\" class=\"ods-a-button ods-a-button__primary ods-a-button__default ods-a-button-l\">Dodaj w Google<\/a><\/p>\n<p>Dalej wskazuje, \u017ce sprawdzi\u0142 21 obietnic Nawrockiego z kampanii wyborczej i \u017cadna z nich nie zosta\u0142a przez prezydenta zrealizowana.<\/p>\n<p>Jan Szyszko odpowiada na s\u0142owa Karola Nawrockiego. &#8222;U\u017calanie si\u0119 nad sob\u0105&#8221;<\/p>\n<p>Dopytywany o relacje Polski z USA, kt\u00f3re za czas\u00f3w prezydentury Nawrockiego s\u0105 bardzo dobre, Szyszko stwierdza, \u017ce jest to wsp\u00f3lna zas\u0142uga. \u2014 Na pewno relacje ameryka\u0144skie s\u0105 rzecz\u0105, kt\u00f3ra na szcz\u0119\u015bcie wymyka si\u0119 sporowi politycznemu w Polsce i tutaj jest bardzo dobra wsp\u00f3\u0142praca Pa\u0142acu Prezydenckiego z Kancelari\u0105 Premiera, z MON, ze wszystkimi podmiotami bezpo\u015brednio zaanga\u017cowanymi w relacje z USA. I to jest rzecz bardzo dobra \u2014 m\u00f3wi polityk.<\/p>\n<p>Gra o tron na prawicy. &#8222;Prezydent zdaje sobie spraw\u0119, \u017ce to mo\u017ce by\u0107 misja niewykonalna&#8221;<img class=\"ods-a-photo ods-a-photo--background\" src=\"https:\/\/www.europesays.com\/pl\/wp-content\/uploads\/2026\/08\/HxAk9lGaHR0cHM6Ly9vY2RuLmV1L3B1bHNjbXMvTURBXy9jNjkxOWQwZC1kNDIwLTQ4MGYtOTY2NC0yOTFkYjU2Mzc1OWUuanBlZ.jpeg\" height=\"300\" width=\"450\" loading=\"lazy\" fetchpriority=\"low\" decoding=\"async\"\/>Podczas <a href=\"https:\/\/wiadomosci.onet.pl\/kraj\/prezydent-zabral-glos-w-rocznice-zaprzysiezenia-przez-caly-ten-czas-jestem-glosem\/kyx9v66\" id=\"f15b3802-1c55-4a19-9aa8-b34b2a64131d\" rel=\"nofollow noopener\" target=\"_blank\">czwartkowego wyst\u0105pienia <\/a>Nawrocki m\u00f3wi\u0142, \u017ce zdecydowana wi\u0119kszo\u015b\u0107 jego pomys\u0142\u00f3w &#8222;jest w zamra\u017carce w polskim Sejmie&#8221;. Szyszko ostro odpowiada na te s\u0142owa. \u2014 To jest u\u017calanie si\u0119 nad sob\u0105. Prezydent wiedzia\u0142, w jakich warunkach i z jakim rz\u0105dem b\u0119dzie wsp\u00f3\u0142pracowa\u0142 przez pierwsze dwa lata. Je\u015bli z jakiego\u015b powodu ta wsp\u00f3\u0142praca nie jest dla niego sprawcza, nie jest dla niego satysfakcjonuj\u0105ca, to raczej \u015bwiadczy to o jego nieskuteczno\u015bci i o tym, \u017ce nie potrafi si\u0119 dogada\u0107 \u2014 m\u00f3wi.Wiceminister o sporze na prawicy. &#8222;Ma\u0142ostkowe&#8221;<\/p>\n<p>Wiceminister komentuje tak\u017ce fal\u0119 krytyki, jaka spad\u0142a na Mateusza Morawieckiego ze strony polityk\u00f3w PiS po tym, jak by\u0142y premier u\u017cywa\u0142 telefonu podczas uroczysto\u015bci z okazji roku prezydentury prezydenta. \u2014 Relacje po prawicowej stronie s\u0105 na tyle chyba s\u0142abe i mizerne, \u017ce si\u0119ga si\u0119 po takie ma\u0142e triki, \u017ce kto\u015b siedzia\u0142 w telefonie, siedzia\u0142 nie tak, mo\u017ce mia\u0142 niedoprasowan\u0105 koszul\u0119. Ja rozumiem, \u017ce mog\u0142o doj\u015b\u0107 do takiej sytuacji, ale je\u017celi takie rzeczy s\u0105 wyci\u0105gane publicznie, to te relacje na prawicy chyba s\u0105 fatalne \u2014 stwierdza polityk.<\/p>\n<p>Karol Nawrocki do Donalda Tuska nie dzwoni, czyli rok wojny totalnej<img class=\"ods-a-photo ods-a-photo--background\" src=\"https:\/\/www.europesays.com\/pl\/wp-content\/uploads\/2026\/08\/h_Ik9lBaHR0cHM6Ly9vY2RuLmV1L3B1bHNjbXMvTURBXy8wMDc1ZTAzZWQ1ZjZjMTQ2OThkNDk5NzkwOTY3YzA1OC5qcGeRlQLNA.jpeg\" height=\"300\" width=\"450\" loading=\"lazy\" fetchpriority=\"low\" decoding=\"async\"\/><\/p>\n<p>\u2014 To jakie rzeczy politycy PiS sobie wyci\u0105gaj\u0105, jest ma\u0142ostkowe i to s\u0105 takie zachowania, kt\u00f3rych po czasie si\u0119 cz\u0142owiek wstydzi. Nie warto. Warto by\u0107 przyzwoitym \u2014 dodaje.<\/p>\n","protected":false},"excerpt":{"rendered":"W czwartek min\u0105\u0142 rok prezydentury Karola Nawrockiego. \u2014 Odnotowa\u0142em, to na pewno. Widzia\u0142em wydarzenie przed pa\u0142acem prezydenckim, kt\u00f3re&hellip;\n","protected":false},"author":2,"featured_media":606540,"comment_status":"","ping_status":"","sticky":false,"template":"","format":"standard","meta":{"footnotes":"","_share_on_mastodon":"0"},"categories":[62713],"tags":[12913,61195,1345,51342,43,49,48,56992,46,529,47],"class_list":["post-606539","post","type-post","status-publish","format-standard","has-post-thumbnail","category-donald-tusk","tag-_onet_rano_","tag-bottomfeed_styl","tag-donald-tusk","tag-jan_szyszko","tag-karol_nawrocki","tag-kraj","tag-nat_styl","tag-newbb_tst1","tag-omp","tag-pis","tag-screening_general"],"share_on_mastodon":{"url":"https:\/\/pubeurope.com\/@pl\/117053145734136130","error":""},"_links":{"self":[{"href":"https:\/\/www.europesays.com\/pl\/wp-json\/wp\/v2\/posts\/606539","targetHints":{"allow":["GET"]}}],"collection":[{"href":"https:\/\/www.europesays.com\/pl\/wp-json\/wp\/v2\/posts"}],"about":[{"href":"https:\/\/www.europesays.com\/pl\/wp-json\/wp\/v2\/types\/post"}],"author":[{"embeddable":true,"href":"https:\/\/www.europesays.com\/pl\/wp-json\/wp\/v2\/users\/2"}],"replies":[{"embeddable":true,"href":"https:\/\/www.europesays.com\/pl\/wp-json\/wp\/v2\/comments?post=606539"}],"version-history":[{"count":0,"href":"https:\/\/www.europesays.com\/pl\/wp-json\/wp\/v2\/posts\/606539\/revisions"}],"wp:featuredmedia":[{"embeddable":true,"href":"https:\/\/www.europesays.com\/pl\/wp-json\/wp\/v2\/media\/606540"}],"wp:attachment":[{"href":"https:\/\/www.europesays.com\/pl\/wp-json\/wp\/v2\/media?parent=606539"}],"wp:term":[{"taxonomy":"category","embeddable":true,"href":"https:\/\/www.europesays.com\/pl\/wp-json\/wp\/v2\/categories?post=606539"},{"taxonomy":"post_tag","embeddable":true,"href":"https:\/\/www.europesays.com\/pl\/wp-json\/wp\/v2\/tags?post=606539"}],"curies":[{"name":"wp","href":"https:\/\/api.w.org\/{rel}","templated":true}]}}