{"id":606746,"date":"2026-08-07T09:56:13","date_gmt":"2026-08-07T09:56:13","guid":{"rendered":"https:\/\/www.europesays.com\/pl\/606746\/"},"modified":"2026-08-07T09:56:13","modified_gmt":"2026-08-07T09:56:13","slug":"beda-utrudnienia-na-s17-lublin-warszawa-nawet-40-tys-pojazdow-na-dobe","status":"publish","type":"post","link":"https:\/\/www.europesays.com\/pl\/606746\/","title":{"rendered":"B\u0119d\u0105 utrudnienia na S17 Lublin-Warszawa. \u201eNawet 40 tys. pojazd\u00f3w na dob\u0119\u201d"},"content":{"rendered":"<p><img decoding=\"async\" data-not-lazy=\"\" alt=\"B\u0119d\u0105 utrudnienia na S17 Lublin-Warszawa. \u201eNawet 40 tys. pojazd\u00f3w na dob\u0119\u201d - Zdj\u0119cie g\u0142\u00f3wne\" style=\"object-fit:cover;object-position:center;position:absolute;left:0;top:0;width:100%;height:100%;\" src=\"https:\/\/www.europesays.com\/pl\/wp-content\/uploads\/2026\/08\/b94136f1-7c7f-4222-85c4-4448fefb33e8.webp\"\/><\/p>\n<p>Autor: GDDKiA | Opis: Prace b\u0119d\u0105 wykonywane odcinkami po 3-4 km, a ich fina\u0142 przewidziany jest pod koniec listopada 2026 r.<\/p>\n<p>Chodzi o ekspresow\u0105 obwodnic\u0119 Garwolina, kt\u00f3ra zosta\u0142a oddana do ruchu w 2007 r. Odci\u0105\u017cy\u0142a miasto od ruchu tranzytowego, a kierowcom pod\u0105\u017caj\u0105cym na Lubelszczyzn\u0119 czy w kierunku stolicy skr\u00f3ci\u0142a czas podr\u00f3\u017cy. Nat\u0119\u017cenie ruchu si\u0119ga nawet 40 tys. pojazd\u00f3w na dob\u0119. Aby zapewni\u0107 d\u0142u\u017csze \u201e\u017cycie\u201d tej trasy, trzeba przeprowadzi\u0107 remont, kt\u00f3ry obejmie m.in. wymian\u0119 warstwy \u015bcieralnej nawierzchni.<\/p>\n<p>Chodzi o 12 km obwodnicy Garwolina w ci\u0105gu S17. <\/p>\n<p>&#8211; Najpierw sfrezujemy nawierzchni\u0119, a nast\u0119pnie u\u0142o\u017cymy warstw\u0119 \u015bcieraln\u0105 oraz namalujemy oznakowanie poziome. Pierwszy etap prac obejmie pasy awaryjny i prawy. Po ich zako\u0144czeniu wykonawca przeniesie si\u0119 na lewy pas ruchu. Prace b\u0119d\u0105 wykonywane odcinkami po 3-4 km, a ich fina\u0142 przewidziany jest pod koniec listopada 2026 r Aby zminimalizowa\u0107 utrudnienia dla kierowc\u00f3w, prace na \u0142\u0105cznicach w\u0119z\u0142\u00f3w Garwolin Zach\u00f3d i Garwolin Po\u0142udnie planujemy wykona\u0107 w godzinach nocnych &#8211; informuje GDDKiA. <\/p>\n<p>Prace wykona Przedsi\u0119biorstwo Rob\u00f3t In\u017cynieryjno-Drogowych Gr\u00f3jec.<\/p>\n","protected":false},"excerpt":{"rendered":"Autor: GDDKiA | Opis: Prace b\u0119d\u0105 wykonywane odcinkami po 3-4 km, a ich fina\u0142 przewidziany jest pod koniec&hellip;\n","protected":false},"author":2,"featured_media":606747,"comment_status":"","ping_status":"","sticky":false,"template":"","format":"standard","meta":{"footnotes":"","_share_on_mastodon":"0"},"categories":[51612],"tags":[1856,1081,42,38,40,39,41,20302],"class_list":["post-606746","post","type-post","status-publish","format-standard","has-post-thumbnail","category-lublin","tag-gddkia","tag-lublin","tag-pl","tag-poland","tag-polish","tag-polska","tag-polski","tag-s17"],"share_on_mastodon":{"url":"https:\/\/pubeurope.com\/@pl\/117053633136399416","error":""},"_links":{"self":[{"href":"https:\/\/www.europesays.com\/pl\/wp-json\/wp\/v2\/posts\/606746","targetHints":{"allow":["GET"]}}],"collection":[{"href":"https:\/\/www.europesays.com\/pl\/wp-json\/wp\/v2\/posts"}],"about":[{"href":"https:\/\/www.europesays.com\/pl\/wp-json\/wp\/v2\/types\/post"}],"author":[{"embeddable":true,"href":"https:\/\/www.europesays.com\/pl\/wp-json\/wp\/v2\/users\/2"}],"replies":[{"embeddable":true,"href":"https:\/\/www.europesays.com\/pl\/wp-json\/wp\/v2\/comments?post=606746"}],"version-history":[{"count":0,"href":"https:\/\/www.europesays.com\/pl\/wp-json\/wp\/v2\/posts\/606746\/revisions"}],"wp:featuredmedia":[{"embeddable":true,"href":"https:\/\/www.europesays.com\/pl\/wp-json\/wp\/v2\/media\/606747"}],"wp:attachment":[{"href":"https:\/\/www.europesays.com\/pl\/wp-json\/wp\/v2\/media?parent=606746"}],"wp:term":[{"taxonomy":"category","embeddable":true,"href":"https:\/\/www.europesays.com\/pl\/wp-json\/wp\/v2\/categories?post=606746"},{"taxonomy":"post_tag","embeddable":true,"href":"https:\/\/www.europesays.com\/pl\/wp-json\/wp\/v2\/tags?post=606746"}],"curies":[{"name":"wp","href":"https:\/\/api.w.org\/{rel}","templated":true}]}}