{"id":606832,"date":"2026-08-07T10:42:13","date_gmt":"2026-08-07T10:42:13","guid":{"rendered":"https:\/\/www.europesays.com\/pl\/606832\/"},"modified":"2026-08-07T10:42:13","modified_gmt":"2026-08-07T10:42:13","slug":"wspolna-lista-ko-i-psl-minister-zabral-glos","status":"publish","type":"post","link":"https:\/\/www.europesays.com\/pl\/606832\/","title":{"rendered":"Wsp\u00f3lna lista KO i PSL? Minister zabra\u0142 g\u0142os"},"content":{"rendered":"\n<p>&#13;<br \/>\n&#8222;Dziennik Gazeta Prawna&#8221; poda\u0142 w\u00a0czwartek, \u017ce\u00a0liderzy Koalicji Obywatelskiej i\u00a0Polskiego Stronnictwa Ludowego mieli omawia\u0107 pomys\u0142 startu ze\u00a0wsp\u00f3lnej listy w\u00a0wyborach parlamentarnych w\u00a02027 roku oraz\u00a0mo\u017cliwo\u015b\u0107 desygnowania Kosiniaka-Kamysza na\u00a0premiera. &#13;\n<\/p>\n<p>Wsp\u00f3lny start PSL z\u00a0KO w\u00a0zamian z\u00a0tek\u0119 premiera dla\u00a0Kosiniaka-Kamysza?<\/p>\n<p>&#13;<br \/>\nZgodnie z\u00a0doniesieniami dziennika, Donald Tusk mia\u0142 zaproponowa\u0107 obecnemu wicepremierowi i\u00a0szefowi MON oddanie stanowiska premiera, je\u015bli na\u00a0wiosn\u0119 2027 roku notowania obu partii b\u0119d\u0105 tak z\u0142e, \u017ce\u00a0realna stanie si\u0119 mo\u017cliwo\u015b\u0107 utraty w\u0142adzy. Warunek wobec PSL mia\u0142 by\u0107 jeden \u2013\u00a0<a href=\"https:\/\/dorzeczy.pl\/opinie\/925267\/kosiniak-kamysz-premierem-tusk-zlozyl-propozycje.html\" rel=\"nofollow noopener\" target=\"_blank\">wsp\u00f3lna lista wyborcza.<\/a> &#13;\n<\/p>\n<p>&#13;<br \/>\nPierwszym sprawdzianem tego, czy\u00a0wsp\u00f3lna lista mia\u0142aby w\u00a0og\u00f3le sens b\u0119d\u0105 wybory na\u00a0prezydenta Krakowa. KO i\u00a0PSL popar\u0142y tam senator Monik\u0119 Pi\u0105tkowsk\u0105. Wa\u017cny ma\u00a0by\u0107 nie\u00a0tylko wynik, ale\u00a0tak\u017ce to, jak b\u0119d\u0105 wsp\u00f3\u0142pracowa\u0107 cz\u0142onkowie obu partii. &#13;\n<\/p>\n<p>Motyka dementuje doniesienia gazety<\/p>\n<p>&#13;<br \/>\nDo doniesie\u0144 gazety odni\u00f3s\u0142 si\u0119 minister energii, Mi\u0142osz Motyka z\u00a0PSL. &#13;\n<\/p>\n<p>&#13;<br \/>\n\u2013 Te\u00a0decyzje podejmuje Polskie Stronnictwo Ludowe suwerennie i\u00a0dzisiaj nie\u00a0ma\u00a0\u017cadnej takiej decyzji i\u00a0te\u017c nie\u00a0wida\u0107 jej na\u00a0horyzoncie, powiem szczerze. Przygotowujemy si\u0119 do\u00a0samodzielnego startu, budujemy w\u0142asn\u0105 podmiotowo\u015b\u0107, mamy w\u0142asne sukcesy w\u00a0rz\u0105dzie \u2013\u00a0powiedzia\u0142 w\u00a0Polsat News. &#13;\n<\/p>\n<p>&#13;<br \/>\nPolityk PSL doda\u0142, \u017ce\u00a0&#8222;artyku\u0142 \u00bbDGP\u00ab to\u00a0raczej ciekawostka, natomiast takiego planu nie\u00a0ma&#8221;. &#13;\n<\/p>\n<p>Nowy sonda\u017c. PSL poza Sejmem<\/p>\n<p>&#13;<br \/>\nZ nowego sonda\u017cu poparcia dla\u00a0partii politycznych, <a href=\"https:\/\/dorzeczy.pl\/kraj\/925609\/nowy-sondaz-zle-wiesci-dla-pis.html\" rel=\"nofollow noopener\" target=\"_blank\">przeprowadzonego przez o\u015brodek Opinia24,<\/a> wynika, \u017ce\u00a0na najwy\u017cszy wynik mo\u017ce liczy\u0107 Koalicja Obywatelska. G\u0142os na\u00a0ugrupowanie Donalda Tuska odda\u0142oby 30,3 proc. respondent\u00f3w. Oznacza to\u00a0spadek o\u00a01 pkt proc. w\u00a0por\u00f3wnaniu do\u00a0lipcowego badania. &#13;\n<\/p>\n<p>&#13;<br \/>\nZ kolei ch\u0119\u0107 oddania g\u0142osu na\u00a0PSL deklaruje jedynie 1,1 proc. badanych (spadek o\u00a00,5 pkt proc.). &#13;\n<\/p>\n<p>&#13;<br \/>\n   Czytaj te\u017c:<br \/><a href=\"https:\/\/dorzeczy.pl\/kraj\/925609\/nowy-sondaz-zle-wiesci-dla-pis.html\" rel=\"follow nofollow noopener\" data-schema=\"DORZECZY\" data-image=\"https:\/\/img.dorzeczy.pl\/_thumb\/c4\/48\/00a43aa4845b535da7d387536c35.jpeg\" target=\"_blank\">Z\u0142e wie\u015bci dla\u00a0PiS. Opublikowano wyniki nowego sonda\u017cu<\/a>   Czytaj te\u017c:<br \/><a href=\"https:\/\/dorzeczy.pl\/opinie\/925267\/kosiniak-kamysz-premierem-tusk-zlozyl-propozycje.html\" rel=\"follow nofollow noopener\" data-schema=\"DORZECZY\" data-image=\"https:\/\/img.dorzeczy.pl\/_thumb\/03\/8c\/2b745ca46639c5ab2e71293d0a2e.jpeg\" target=\"_blank\">Kosiniak-Kamysz premierem? Tusk z\u0142o\u017cy\u0142 propozycj\u0119, ale\u00a0postawi\u0142 warunek<\/a> &#13;<\/p>\n","protected":false},"excerpt":{"rendered":"&#13; &#8222;Dziennik Gazeta Prawna&#8221; poda\u0142 w\u00a0czwartek, \u017ce\u00a0liderzy Koalicji Obywatelskiej i\u00a0Polskiego Stronnictwa Ludowego mieli omawia\u0107 pomys\u0142 startu ze\u00a0wsp\u00f3lnej listy&hellip;\n","protected":false},"author":2,"featured_media":606833,"comment_status":"","ping_status":"","sticky":false,"template":"","format":"standard","meta":{"footnotes":"","_share_on_mastodon":"0"},"categories":[62713],"tags":[1345,98,3940,49,1906,103,101,4678,120071,10142],"class_list":["post-606832","post","type-post","status-publish","format-standard","has-post-thumbnail","category-donald-tusk","tag-donald-tusk","tag-dorzeczy","tag-ko","tag-kraj","tag-milosz-motyka","tag-obserwator-mediow","tag-premier","tag-psl","tag-wspolna-lista","tag-wybory-parlamentarne"],"share_on_mastodon":{"url":"https:\/\/pubeurope.com\/@pl\/117053813435339042","error":""},"_links":{"self":[{"href":"https:\/\/www.europesays.com\/pl\/wp-json\/wp\/v2\/posts\/606832","targetHints":{"allow":["GET"]}}],"collection":[{"href":"https:\/\/www.europesays.com\/pl\/wp-json\/wp\/v2\/posts"}],"about":[{"href":"https:\/\/www.europesays.com\/pl\/wp-json\/wp\/v2\/types\/post"}],"author":[{"embeddable":true,"href":"https:\/\/www.europesays.com\/pl\/wp-json\/wp\/v2\/users\/2"}],"replies":[{"embeddable":true,"href":"https:\/\/www.europesays.com\/pl\/wp-json\/wp\/v2\/comments?post=606832"}],"version-history":[{"count":0,"href":"https:\/\/www.europesays.com\/pl\/wp-json\/wp\/v2\/posts\/606832\/revisions"}],"wp:featuredmedia":[{"embeddable":true,"href":"https:\/\/www.europesays.com\/pl\/wp-json\/wp\/v2\/media\/606833"}],"wp:attachment":[{"href":"https:\/\/www.europesays.com\/pl\/wp-json\/wp\/v2\/media?parent=606832"}],"wp:term":[{"taxonomy":"category","embeddable":true,"href":"https:\/\/www.europesays.com\/pl\/wp-json\/wp\/v2\/categories?post=606832"},{"taxonomy":"post_tag","embeddable":true,"href":"https:\/\/www.europesays.com\/pl\/wp-json\/wp\/v2\/tags?post=606832"}],"curies":[{"name":"wp","href":"https:\/\/api.w.org\/{rel}","templated":true}]}}