{"id":607134,"date":"2026-08-07T13:32:13","date_gmt":"2026-08-07T13:32:13","guid":{"rendered":"https:\/\/www.europesays.com\/pl\/607134\/"},"modified":"2026-08-07T13:32:13","modified_gmt":"2026-08-07T13:32:13","slug":"paliwo-tansze-nawet-o-kilkadziesiat-groszy-na-takie-prognozy-kierowcy-czekali","status":"publish","type":"post","link":"https:\/\/www.europesays.com\/pl\/607134\/","title":{"rendered":"Paliwo ta\u0144sze nawet o kilkadziesi\u0105t groszy? Na takie prognozy kierowcy czekali"},"content":{"rendered":"<p>Kiedy kierowcy mog\u0105 spodziewa\u0107 si\u0119 obni\u017cek cen paliw na stacjach.<\/p>\n<p>Jakie s\u0105 aktualne ceny paliw w hurcie na pocz\u0105tku sierpnia 2026 roku.<\/p>\n<p>Dlaczego ceny paliw na stacjach nie odzwierciedlaj\u0105 spadk\u00f3w hurtowych.<\/p>\n<p>    <a name=\"eztoc42499480_0_5\" id=\"eztoc42499480_0_5\"\/>Dobre wie\u015bci w sprawie cen<br \/>\n<a href=\"https:\/\/wiadomosci.radiozet.pl\/tag\/kategoria\/paliwo\" target=\"_blank\" rel=\"dofollow noopener\">paliw<\/a><\/p>\n<p>Wed\u0142ug analityk\u00f3w portalu e-petrol.pl w pierwszym tygodniu sierpnia wszystkie podstawowe paliwa wyra\u017anie potania\u0142y w sprzeda\u017cy hurtowej. Najwi\u0119kszy spadek dotyczy\u0142 oleju nap\u0119dowego.\u00a0Od 1 do 7 sierpnia 2026 r. cena diesla spad\u0142a o 489 z\u0142 za metr sze\u015bcienny \u2013 z 6695 do 6206 z\u0142. Benzyna Pb95 potania\u0142a o 464 z\u0142 za metr sze\u015bcienny i kosztuje obecnie w hurcie 5273 z\u0142. Z kolei benzyna Pb98 spad\u0142a o 463 z\u0142, do 5974 z\u0142 za metr sze\u015bcienny. Ta\u0144szy jest r\u00f3wnie\u017c olej opa\u0142owy, kt\u00f3rego cena zmniejszy\u0142a si\u0119 o 444 z\u0142, do 4818 z\u0142 za metr sze\u015bcienny. Cho\u0107 ceny na stacjach wci\u0105\u017c pozostaj\u0105 wysokie, to jednak, wskazuj\u0105 eksperci e-petrol.pl, ju\u017c niebawem kierowcy mog\u0105 zobaczy\u0107 efekty tych zmian podczas tankowania.<\/p>\n<p>W tej chwili \u015brednia cena benzyny Pb95 wynosi 7,55 z\u0142 za litr, a olej nap\u0119dowy po ostatnich podwy\u017ckach kosztuje \u015brednio 8,22 z\u0142 za litr.\u00a0Analitycy przewiduj\u0105 jednak, \u017ce w okresie od 10 do 16 sierpnia ceny powinny spa\u015b\u0107. Prognozy zak\u0142adaj\u0105, \u017ce\u00a0benzyna Pb95 b\u0119dzie kosztowa\u0107 7,21\u20137,36 z\u0142\/l,\u00a0diesel 7,99\u20138,19 z\u0142\/l,\u00a0benzyna Pb98 osi\u0105gnie poziom 8,09\u20138,28 z\u0142\/l, a autogaz spadnie poni\u017cej 3 z\u0142 \u2013 do poziomu\u00a02,90\u20132,99 z\u0142\/l.\u00a0Oznacza to, \u017ce w przypadku benzyny i oleju nap\u0119dowego mo\u017cliwe s\u0105 obni\u017cki si\u0119gaj\u0105ce kilkudziesi\u0119ciu groszy na litrze.<\/p>\n<p>\t\t\t\t                                    \t<a name=\"eztoc42499480_0_6\" id=\"eztoc42499480_0_6\"\/>Rz\u0105d rozwa\u017ca dzia\u0142ania os\u0142onowe<\/p>\n<p>Wysokie ceny paliw sprawi\u0142y, \u017ce rz\u0105d zacz\u0105\u0142 analizowa\u0107 mo\u017cliwo\u015b\u0107 wprowadzenia rozwi\u0105za\u0144, kt\u00f3re ograniczy\u0142yby skutki podwy\u017cek dla kierowc\u00f3w. Premier Donald Tusk zapowiedzia\u0142, \u017ce decyzja w tej sprawie mo\u017ce zapa\u015b\u0107 po obserwacji sytuacji zwi\u0105zanej m.in. z cie\u015bnin\u0105 Ormuz.<\/p>\n<p>Minister energii Mi\u0142osz Motyka poinformowa\u0142 natomiast, \u017ce w przysz\u0142ym tygodniu mo\u017ce pojawi\u0107 si\u0119 decyzja dotycz\u0105ca ewentualnego przywr\u00f3cenia programu os\u0142onowego dla cen paliw. Jak<br \/>\n<a href=\"https:\/\/wiadomosci.radiozet.pl\/biznes\/milosz-motyka-o-cenach-paliw-w-polsce-zauwaza-niepokojace-zjawisko\" target=\"_blank\" rel=\"dofollow noopener\">wskaza\u0142 kr\u00f3tko po zako\u0144czeniu programu CPN<\/a>, dostrzega niepokoj\u0105cy mechanizm, kiedy to koncerny zbyt szybko podnosz\u0105 ceny, nawet kilkukrotnie w trakcie jednego dnia, a kiedy trzeba obni\u017ca\u0107 \u2013 obni\u017cki s\u0105 wstrzymywane. W ten spos\u00f3b, cho\u0107 spadki na rynkach \u015bwiatowych pokazuj\u0105, \u017ce ceny na stacjach mog\u0105 by\u0107 ni\u017csze, ceny wci\u0105\u017c s\u0105 sztucznie utrzymywane przez sprzedawc\u00f3w na wy\u017cszych poziomach.<\/p>\n<p>Na razie kierowcy mog\u0105 liczy\u0107 przede wszystkim na efekt spadk\u00f3w cen hurtowych. Je\u015bli sytuacja na rynku ropy pozostanie stabilna, ta\u0144sze tankowanie powinno by\u0107 odczuwalne ju\u017c w najbli\u017cszych dniach. W sytuacji wzrost\u00f3w rz\u0105d zapowiada\u0142 nowy pakiet os\u0142onowy, kt\u00f3ry ma ochroni\u0107 polskie gospodarstwa domowe w okresie wzmo\u017conych wakacyjnych powrot\u00f3w, co<br \/>\n<a href=\"https:\/\/wiadomosci.radiozet.pl\/biznes\/donald-tusk-zapowiada-obnizki-cen-paliw-na-ostatnie-dwa-tygodnie-wakacji\" target=\"_blank\" rel=\"dofollow noopener\">zapowiada\u0142 premier Donald Tusk na dwa ostatnie tygodnie sierpnia<\/a>.<\/p>\n<p>\u0179r\u00f3d\u0142o: Radio ZET\/PAP<\/p>\n<p>By\u0142e\u015b \u015bwiadkiem czego\u015b niespodziewanego? Masz temat, kt\u00f3rym powinni\u015bmy si\u0119 zaj\u0105\u0107?<\/p>\n<p>Zg\u0142o\u015b spraw\u0119 przez <a href=\"https:\/\/wiadomosci.radiozet.pl\/czerwony-telefon\" target=\"_blank\" title=\"Czerwony telefon Radia Zet\" rel=\"nofollow noopener\">Czerwony telefon Radia ZET<\/a><\/p>\n","protected":false},"excerpt":{"rendered":"Kiedy kierowcy mog\u0105 spodziewa\u0107 si\u0119 obni\u017cek cen paliw na stacjach. Jakie s\u0105 aktualne ceny paliw w hurcie na&hellip;\n","protected":false},"author":2,"featured_media":607135,"comment_status":"","ping_status":"","sticky":false,"template":"","format":"standard","meta":{"footnotes":"","_share_on_mastodon":"0"},"categories":[52097],"tags":[497,9039,774,5021,504,42,38,40,39,41,10199],"class_list":["post-607134","post","type-post","status-publish","format-standard","has-post-thumbnail","category-orlen","tag-benzyna","tag-ceny-paliw","tag-orlen","tag-paliwo","tag-pieniadze","tag-pl","tag-poland","tag-polish","tag-polska","tag-polski","tag-stacja-benzynowa"],"share_on_mastodon":{"url":"https:\/\/pubeurope.com\/@pl\/117054481583759854","error":""},"_links":{"self":[{"href":"https:\/\/www.europesays.com\/pl\/wp-json\/wp\/v2\/posts\/607134","targetHints":{"allow":["GET"]}}],"collection":[{"href":"https:\/\/www.europesays.com\/pl\/wp-json\/wp\/v2\/posts"}],"about":[{"href":"https:\/\/www.europesays.com\/pl\/wp-json\/wp\/v2\/types\/post"}],"author":[{"embeddable":true,"href":"https:\/\/www.europesays.com\/pl\/wp-json\/wp\/v2\/users\/2"}],"replies":[{"embeddable":true,"href":"https:\/\/www.europesays.com\/pl\/wp-json\/wp\/v2\/comments?post=607134"}],"version-history":[{"count":0,"href":"https:\/\/www.europesays.com\/pl\/wp-json\/wp\/v2\/posts\/607134\/revisions"}],"wp:featuredmedia":[{"embeddable":true,"href":"https:\/\/www.europesays.com\/pl\/wp-json\/wp\/v2\/media\/607135"}],"wp:attachment":[{"href":"https:\/\/www.europesays.com\/pl\/wp-json\/wp\/v2\/media?parent=607134"}],"wp:term":[{"taxonomy":"category","embeddable":true,"href":"https:\/\/www.europesays.com\/pl\/wp-json\/wp\/v2\/categories?post=607134"},{"taxonomy":"post_tag","embeddable":true,"href":"https:\/\/www.europesays.com\/pl\/wp-json\/wp\/v2\/tags?post=607134"}],"curies":[{"name":"wp","href":"https:\/\/api.w.org\/{rel}","templated":true}]}}