{"id":607730,"date":"2026-08-07T19:13:13","date_gmt":"2026-08-07T19:13:13","guid":{"rendered":"https:\/\/www.europesays.com\/pl\/607730\/"},"modified":"2026-08-07T19:13:13","modified_gmt":"2026-08-07T19:13:13","slug":"pis-chce-deportowac-bezrobotnych-ukraincow-polska-to-nie-jest-oboz-pracy","status":"publish","type":"post","link":"https:\/\/www.europesays.com\/pl\/607730\/","title":{"rendered":"PiS chce deportowa\u0107 bezrobotnych Ukrai\u0144c\u00f3w. &#8222;Polska to nie jest ob\u00f3z pracy&#8221;"},"content":{"rendered":"<p>Politolog o pomy\u015ble PiS: to po prostu obrzydliwe<\/p>\n<p class=\"font-primary mb-8 text-lg leading-[1.55] [&amp;_a]:text-[#23437D] [&amp;_a]:underline [&amp;_a]:font-bold\">Prawo i Sprawiedliwo\u015b\u0107 zapowiada, \u017ce po ewentualnym przej\u0119ciu w\u0142adzy, wdro\u017cy <a href=\"https:\/\/jedynka.polskieradio.pl\/publicystyka\/pis-straszy-deportacja-ukraincow-to-idiotyczny-nieracjonalny-populizm\" rel=\"nofollow noopener\" target=\"_blank\">plan deportacji cz\u0119\u015bci Ukrai\u0144c\u00f3w<\/a>, kt\u00f3rzy przebywaj\u0105 w Polsce. Jak wskaza\u0142 europose\u0142 PiS Tomasz Boche\u0144ski chodzi o m\u0119\u017cczyzn w wieku poborowym, kt\u00f3rzy nie maj\u0105 legalnego zatrudnienia. Zdaniem polityka PiS dostarczenie rekrut\u00f3w, kt\u00f3rzy przebywaj\u0105 w Polsce, pomo\u017ce Ukrainie pokona\u0107 Rosj\u0119.<\/p>\n<p class=\"font-primary mb-8 text-lg leading-[1.55] [&amp;_a]:text-[#23437D] [&amp;_a]:underline [&amp;_a]:font-bold\">Wojciech Mo\u015bcibrodzki na antenie Polskiego Radia 24 bardzo krytycznie oceni\u0142 pomys\u0142 Tobiasza Boche\u0144skiego. &#8211;\u00a0Jeszcze w Polsce praca nie jest obowi\u0105zkiem. Nie znajduj\u0119 s\u0142\u00f3w oburzenia na u\u017cywanie tego typu narracji do pr\u00f3by zdobycia kilku, mo\u017ce dw\u00f3ch, trzech punkt\u00f3w procentowych w badaniach popularno\u015bci, do wykorzystywania nastroj\u00f3w antyukrai\u0144skich, antyimigranckich. Jest to po prostu obrzydliwe &#8211; oceni\u0142.<\/p>\n<p>Redakcja poleca<\/p>\n<p class=\"font-primary mb-8 text-lg leading-[1.55] [&amp;_a]:text-[#23437D] [&amp;_a]:underline [&amp;_a]:font-bold\">Politolog zwr\u00f3ci\u0142 uwag\u0119, \u017ce takie propozycje mog\u0105 &#8222;prowadzi\u0107 do eskalacji i do wyrwania si\u0119 emocji spod kontroli&#8221;. &#8211; Uwa\u017cam, \u017ce politycy partii zas\u0142u\u017conych, bo maj\u0105cych dwadzie\u015bcia par\u0119 lat w naszym systemie politycznym,\u00a0 kt\u00f3rzy odwo\u0142uj\u0105 si\u0119 do warto\u015bci konserwatywnych i do warto\u015bci chrze\u015bcija\u0144skich, powinni jednak zachowa\u0107 minimum przyzwoito\u015bci i nie prowokowa\u0107 takich nastroj\u00f3w. Oczywi\u015bcie zdaj\u0119 sobie spraw\u0119, \u017ce to si\u0119 nie uda &#8211; przyzna\u0142. Wojciech Mo\u015bcibrodzki podkre\u015bli\u0142, \u017ce &#8222;nie mo\u017cna ludzi kategoryzowa\u0107 ze wzgl\u0119du na to, czy pracuj\u0105, czy nie&#8221;. &#8211; Polska powinna by\u0107 przyjaznym krajem dla wszystkich, a nie obozem pracy &#8211; powiedzia\u0142 go\u015b\u0107 Polskiego Radia 24.<\/p>\n<p>&#8222;Cze\u015b\u0107 spo\u0142ecze\u0144stwa zaczyna si\u0119 zastanawia\u0107, czy odruch serca si\u0119 op\u0142aca\u0142&#8221;<\/p>\n<p class=\"font-primary mb-8 text-lg leading-[1.55] [&amp;_a]:text-[#23437D] [&amp;_a]:underline [&amp;_a]:font-bold\">Zdaniem Doroty Peretiatkowicz w polskim spo\u0142ecze\u0144stwie wyra\u017anie wida\u0107 &#8222;wszystkie elementy zm\u0119czenia obecn\u0105 sytuacj\u0105&#8221; zwi\u0105zan\u0105 ze wspieraniem Ukrainy. W ocenie socjolozki wynika ono z faktu, \u017ce stan, kt\u00f3ry mia\u0142 by\u0107 przej\u015bciowy, wci\u0105\u017c nie doczeka\u0142 si\u0119 sta\u0142ych rozwi\u0105za\u0144. W efekcie &#8211; jak t\u0142umaczy\u0142a &#8211; dominuje poczucie tymczasowo\u015bci. Narasta wra\u017cenie, \u017ce kryzys trwa bez ko\u0144ca, a brakuje mu stabilizacji oraz &#8222;uregulowania prawnego i spo\u0142ecznego&#8221;. &#8211; To zm\u0119czenie rzeczywi\u015bcie narasta. Nie ma ju\u017c takiej wdzi\u0119czno\u015bci (Ukrai\u0144c\u00f3w &#8211; red.), a w ca\u0142\u0105 spraw\u0119 wci\u0105gane s\u0105 pewne w\u0105tki historyczne. W efekcie cz\u0119\u015b\u0107 spo\u0142ecze\u0144stwa zaczyna si\u0119 zastanawia\u0107, czy w og\u00f3le mamy w tym interes, czy jest nam to do czegokolwiek potrzebne i czy ten odruch serca nam si\u0119 op\u0142aca\u0142. Dotyczy to jednak tylko cz\u0119\u015bci spo\u0142ecze\u0144stwa i trzeba to powiedzie\u0107 g\u0142o\u015bno i wyra\u017anie &#8211; podkre\u015bli\u0142a.<\/p>\n<p>Redakcja poleca<\/p>\n<p class=\"font-primary mb-8 text-lg leading-[1.55] [&amp;_a]:text-[#23437D] [&amp;_a]:underline [&amp;_a]:font-bold\">Go\u015bcini Polskiego Radia 24 podkre\u015bli\u0142a, &#8222;\u017ce politycy przez ostatnich kilka lat nap\u0119dzili olbrzymi strach w polskim spo\u0142ecze\u0144stwie&#8221;. &#8211; Nasze badania pokazuj\u0105, \u017ce 80 procent Polak\u00f3w czuje permanentny l\u0119k przed sytuacj\u0105 wewn\u0119trzn\u0105 i zewn\u0119trzn\u0105. Boimy si\u0119 wojny, boimy si\u0119 nieodpowiedzialnych polityk\u00f3w, boimy si\u0119 Unii Europejskiej lub &#8211; wr\u0119cz przeciwnie &#8211; tego, \u017ce z niej wyjdziemy. To, co robi\u0105 politycy, to szukanie wentylu bezpiecze\u0144stwa, czyli znalezienie koz\u0142a ofiarnego, kt\u00f3rego mo\u017cna by obarczy\u0107 odpowiedzialno\u015bci\u0105 za to, co si\u0119 teraz dzieje &#8211; powiedzia\u0142a.<\/p>\n<p>Redakcja poleca<\/p>\n","protected":false},"excerpt":{"rendered":"Politolog o pomy\u015ble PiS: to po prostu obrzydliwe Prawo i Sprawiedliwo\u015b\u0107 zapowiada, \u017ce po ewentualnym przej\u0119ciu w\u0142adzy, wdro\u017cy&hellip;\n","protected":false},"author":2,"featured_media":607731,"comment_status":"","ping_status":"","sticky":false,"template":"","format":"standard","meta":{"footnotes":"","_share_on_mastodon":"0"},"categories":[12],"tags":[409,42,38,40,39,41,88176,7797,415],"class_list":["post-607730","post","type-post","status-publish","format-standard","has-post-thumbnail","category-polska","tag-migracja","tag-pl","tag-poland","tag-polish","tag-polska","tag-polski","tag-polskie-radio-24","tag-prawo-i-sprawiedliwosc","tag-ukraina"],"share_on_mastodon":{"url":"https:\/\/pubeurope.com\/@pl\/117055822543193418","error":""},"_links":{"self":[{"href":"https:\/\/www.europesays.com\/pl\/wp-json\/wp\/v2\/posts\/607730","targetHints":{"allow":["GET"]}}],"collection":[{"href":"https:\/\/www.europesays.com\/pl\/wp-json\/wp\/v2\/posts"}],"about":[{"href":"https:\/\/www.europesays.com\/pl\/wp-json\/wp\/v2\/types\/post"}],"author":[{"embeddable":true,"href":"https:\/\/www.europesays.com\/pl\/wp-json\/wp\/v2\/users\/2"}],"replies":[{"embeddable":true,"href":"https:\/\/www.europesays.com\/pl\/wp-json\/wp\/v2\/comments?post=607730"}],"version-history":[{"count":0,"href":"https:\/\/www.europesays.com\/pl\/wp-json\/wp\/v2\/posts\/607730\/revisions"}],"wp:featuredmedia":[{"embeddable":true,"href":"https:\/\/www.europesays.com\/pl\/wp-json\/wp\/v2\/media\/607731"}],"wp:attachment":[{"href":"https:\/\/www.europesays.com\/pl\/wp-json\/wp\/v2\/media?parent=607730"}],"wp:term":[{"taxonomy":"category","embeddable":true,"href":"https:\/\/www.europesays.com\/pl\/wp-json\/wp\/v2\/categories?post=607730"},{"taxonomy":"post_tag","embeddable":true,"href":"https:\/\/www.europesays.com\/pl\/wp-json\/wp\/v2\/tags?post=607730"}],"curies":[{"name":"wp","href":"https:\/\/api.w.org\/{rel}","templated":true}]}}