{"id":608424,"date":"2026-08-08T03:07:18","date_gmt":"2026-08-08T03:07:18","guid":{"rendered":"https:\/\/www.europesays.com\/pl\/608424\/"},"modified":"2026-08-08T03:07:18","modified_gmt":"2026-08-08T03:07:18","slug":"stanowczy-glos-z-argentyny-w-sprawie-przyszlosci-leo-messiego-po-ms-2026","status":"publish","type":"post","link":"https:\/\/www.europesays.com\/pl\/608424\/","title":{"rendered":"Stanowczy g\u0142os z Argentyny w sprawie przysz\u0142o\u015bci Leo Messiego po M\u015a 2026"},"content":{"rendered":"<p>Od zako\u0144czenia mistrzostw \u015bwiata 2026 min\u0119\u0142o ju\u017c nieco czasu. Argenty\u0144czycy nie zdo\u0142ali obroni\u0107 tytu\u0142u po tym, jak w finale ulegli 0:1 Hiszpanom. Po turnieju kibice zacz\u0119li si\u0119 zastanawia\u0107, jaka przysz\u0142o\u015b\u0107 w kadrze czeka Leo Messiego. Teraz g\u0142os w tej sprawie zabra\u0142 prezes tamtejszej federacji pi\u0142karskiej \u2014 Claudio Tapia.<\/p>\n<p>Dalszy ci\u0105g artyku\u0142u pod materia\u0142em wideoSzef argenty\u0144skiej pi\u0142ki prosto z mostu o przysz\u0142o\u015bci Leo Messiego w kadrze<a href=\"https:\/\/przegladsportowy.onet.pl\/\" title=\"Strona g\u0142\u00f3wna serwisu\" aria-label=\"Strona g\u0142\u00f3wna serwisu\" data-astro-prefetch=\"tap\" class=\"ods-a-logo-main-desktop\" rel=\"nofollow noopener\" target=\"_blank\"><img src=\"https:\/\/cdn.przegladsportowy.onet.pl\/img\/Logo_desktop_Onet.svg\" class=\"ods-a-logo-main-desktop__image\" alt=\"Logo\" width=\"107\" height=\"60\" fetchpriority=\"high\" decoding=\"sync\" style=\"height:60px\"\/><\/a><\/p>\n<p class=\"ods-m-google-article__text\">Czytaj nas cz\u0119\u015bciej w Google<\/p>\n<p><a href=\"https:\/\/google.com\/preferences\/source?q=przegladsportowy.onet.pl\" target=\"_blank\" rel=\"noopener noreferrer nofollow\" aria-label=\"Dodaj w Google\" title=\"Dodaj w Google\" class=\"ods-a-button ods-a-button__primary ods-a-button__default ods-a-button-l\">Dodaj w Google<\/a><\/p>\n<p>\u2014 To, czy zagra w Copa America [w 2028 r.], b\u0119dzie tylko jego decyzj\u0105. Musi czu\u0107 si\u0119 na to gotowy. W 2022 r. te\u017c nie wiedzieli\u015bmy, czy zagra na mistrzostwach w 2026 r. Powinni\u015bmy by\u0107 z niego dumni. Oby nadal czerpa\u0142 rado\u015b\u0107 z gry w pi\u0142k\u0119 no\u017cn\u0105 i podj\u0105\u0142 decyzj\u0119, kt\u00f3r\u0105 uwa\u017ca za s\u0142uszn\u0105 \u2014 powiedzia\u0142 na \u0142amach TyC Sports.<\/p>\n<p>A to nie wszystko. Tapia zabra\u0142 te\u017c g\u0142os w sprawie selekcjonera Lionela Scaloniego, kt\u00f3ry po finale M\u015a zapowiedzia\u0142, \u017ce zamierza pozosta\u0107 do grudnia, a potem najprawdopodobniej jego <a href=\"https:\/\/przegladsportowy.onet.pl\/pilka-nozna\/mistrzostwa-swiata-2026\/lionel-scaloni-mowi-wprost-o-swojej-przyszlosci-po-finale-ms-2026\/jcsgkgy\" id=\"87fdbf90-b624-4ed6-834a-c0c95889c068\" rel=\"nofollow noopener\" target=\"_blank\">przygoda z reprezentacj\u0105 Argentyny dobiegnie ko\u0144ca<\/a>. Jak si\u0119 okazuje, prezes AFA wcale nie chce, \u017ceby tak to wygl\u0105da\u0142o.<\/p>\n<p>\u2014 M\u00f3j plan A, m\u00f3j plan B i m\u00f3j plan C to Scaloni. Chc\u0119, \u017ceby kontynuowa\u0142 prac\u0119. Wszyscy tego chcemy. Musz\u0119 pozwoli\u0107 mu si\u0119 zastanowi\u0107 i podj\u0105\u0107 decyzj\u0119. Nie b\u0119d\u0119 m\u00f3g\u0142 go zatrzyma\u0107, je\u015bli poczuje, \u017ce brakuje mu motywacji czy stwierdzi, \u017ce nie widzi drogi do sukces\u00f3w \u2014 oceni\u0142 Tapia.<\/p>\n","protected":false},"excerpt":{"rendered":"Od zako\u0144czenia mistrzostw \u015bwiata 2026 min\u0119\u0142o ju\u017c nieco czasu. Argenty\u0144czycy nie zdo\u0142ali obroni\u0107 tytu\u0142u po tym, jak w&hellip;\n","protected":false},"author":2,"featured_media":608425,"comment_status":"","ping_status":"","sticky":false,"template":"","format":"standard","meta":{"footnotes":"","_share_on_mastodon":"0"},"categories":[52122],"tags":[968,61195,16482,120358,1526,11781,48,46,948,6010,752,42,38,40,39,41,47,130],"class_list":["post-608424","post","type-post","status-publish","format-standard","has-post-thumbnail","category-pko-bank-polski","tag-argentyna","tag-bottomfeed_styl","tag-leo_messi","tag-lionel_scaloni","tag-mistrzostwa_swiata","tag-mundial_2026","tag-nat_styl","tag-omp","tag-pilka_nozna","tag-pko-bank-polski","tag-pko-bp","tag-pl","tag-poland","tag-polish","tag-polska","tag-polski","tag-screening_general","tag-wiadomosci_sportowe"],"share_on_mastodon":{"url":"https:\/\/pubeurope.com\/@pl\/117057687451410048","error":""},"_links":{"self":[{"href":"https:\/\/www.europesays.com\/pl\/wp-json\/wp\/v2\/posts\/608424","targetHints":{"allow":["GET"]}}],"collection":[{"href":"https:\/\/www.europesays.com\/pl\/wp-json\/wp\/v2\/posts"}],"about":[{"href":"https:\/\/www.europesays.com\/pl\/wp-json\/wp\/v2\/types\/post"}],"author":[{"embeddable":true,"href":"https:\/\/www.europesays.com\/pl\/wp-json\/wp\/v2\/users\/2"}],"replies":[{"embeddable":true,"href":"https:\/\/www.europesays.com\/pl\/wp-json\/wp\/v2\/comments?post=608424"}],"version-history":[{"count":0,"href":"https:\/\/www.europesays.com\/pl\/wp-json\/wp\/v2\/posts\/608424\/revisions"}],"wp:featuredmedia":[{"embeddable":true,"href":"https:\/\/www.europesays.com\/pl\/wp-json\/wp\/v2\/media\/608425"}],"wp:attachment":[{"href":"https:\/\/www.europesays.com\/pl\/wp-json\/wp\/v2\/media?parent=608424"}],"wp:term":[{"taxonomy":"category","embeddable":true,"href":"https:\/\/www.europesays.com\/pl\/wp-json\/wp\/v2\/categories?post=608424"},{"taxonomy":"post_tag","embeddable":true,"href":"https:\/\/www.europesays.com\/pl\/wp-json\/wp\/v2\/tags?post=608424"}],"curies":[{"name":"wp","href":"https:\/\/api.w.org\/{rel}","templated":true}]}}