{"id":608586,"date":"2026-08-08T05:02:11","date_gmt":"2026-08-08T05:02:11","guid":{"rendered":"https:\/\/www.europesays.com\/pl\/608586\/"},"modified":"2026-08-08T05:02:11","modified_gmt":"2026-08-08T05:02:11","slug":"dwa-drony-nad-niemiecka-baza-wojskowa-akcja-bundeswehry","status":"publish","type":"post","link":"https:\/\/www.europesays.com\/pl\/608586\/","title":{"rendered":"Dwa drony nad niemieck\u0105 baz\u0105 wojskow\u0105. Akcja Bundeswehry"},"content":{"rendered":"<p>Rzeczniczka dow\u00f3dztwa operacyjnego Bundeswehry potwierdzi\u0142a w odpowiedzi na pytanie agencji, \u017ce w czwartek wieczorem, oko\u0142o godz. 22:00, centrum bezpiecze\u0144stwa bazy niemieckich si\u0142 zbrojnych w Mechernich zg\u0142osi\u0142o wykrycie dw\u00f3ch dron\u00f3w nad terenem obiektu.<\/p>\n<p>Rzeczniczka przekaza\u0142a, \u017ce spraw\u0119 zbada\u0142a \u017candarmeria wojskowa, a nast\u0119pnie przekazano j\u0105 policji w Euskirchen, kt\u00f3ra wszcz\u0119\u0142a dochodzenie. Policja nie wypowiedzia\u0142a si\u0119 na temat zdarzenia \u2014 zaznaczy\u0142a dpa.<\/p>\n<p><a href=\"https:\/\/www.onet.pl\/\" title=\"Strona G\u0142\u00f3wna\" aria-label=\"Strona G\u0142\u00f3wna\" data-astro-prefetch=\"tap\" class=\"ods-a-logo-main-desktop\" rel=\"nofollow noopener\" target=\"_blank\"><img src=\"https:\/\/cdn.wiadomosci.onet.pl\/img\/Logo_desktop_Onet.svg\" class=\"ods-a-logo-main-desktop__image\" alt=\"Logo\" width=\"107\" height=\"60\" fetchpriority=\"high\" decoding=\"sync\" style=\"height:60px\"\/><\/a><\/p>\n<p class=\"ods-m-google-article__text\">Czytaj nas cz\u0119\u015bciej w Google<\/p>\n<p><a href=\"https:\/\/google.com\/preferences\/source?q=wiadomosci.onet.pl\" target=\"_blank\" rel=\"noopener noreferrer nofollow\" aria-label=\"Dodaj w Google\" title=\"Dodaj w Google\" class=\"ods-a-button ods-a-button__primary ods-a-button__default ods-a-button-l\">Dodaj w Google<\/a>Dalszy ci\u0105g artyku\u0142u pod materia\u0142em wideo<\/p>\n<p>To drugi podobny incydent w Niemczech w bie\u017c\u0105cym tygodniu.<\/p>\n<p>Drona z przymocowanym materia\u0142em wybuchowym wykryto w nocy z wtorku na \u015brod\u0119 na pasie startowym lotniska w Lipsku. Bezza\u0142ogowiec znajdowa\u0142 si\u0119 w bezpo\u015brednim s\u0105siedztwie ukrai\u0144skiego samolotu transportowego An-124 &#8222;Rus\u0142an&#8221;. Informacje, \u017ce zagro\u017cone wybuchem samoloty mia\u0142y na pok\u0142adzie amunicj\u0119, zosta\u0142y zdementowane.<\/p>\n<p>Kolejny incydent z udzia\u0142em dron\u00f3w w Niemczech<\/p>\n<p>Prokuratura federalna przej\u0119\u0142a w czwartek \u015bledztwo w sprawie domniemanego ataku i ostrzeg\u0142a przed pr\u00f3b\u0105 zagro\u017cenia bezpiecze\u0144stwu Niemiec. Lotnisko w Lipsku jest wykorzystywane jako punkt przerzutowy transport\u00f3w uzbrojenia i sprz\u0119tu wojskowego dla Ukrainy.<\/p>\n<p>Szef MSW Alexander Dobrindt oceni\u0142, \u017ce incydent z dronem w Lipsku oznacza &#8222;now\u0105 jako\u015b\u0107 zagro\u017cenia&#8221; w wojnie hybrydowej. Ze wzgl\u0119du na profesjonaln\u0105 konstrukcj\u0119 drona nie wykluczy\u0142 udzia\u0142u &#8222;obcych mocarstw&#8221;.<\/p>\n<p>Agencja dpa zwr\u00f3ci\u0142a uwag\u0119, \u017ce Niemcy od 2025 r. podj\u0119\u0142y szereg konkretnych dzia\u0142a\u0144 na rzecz obrony przed dronami \u2014 od nowych ustaw, przez wyspecjalizowane jednostki, po systemy techniczne. W\u0142adze federalne i kraj\u00f3w zwi\u0105zkowych utworzy\u0142y Wsp\u00f3lne Centrum Obrony przed Dronami (GDAZ). Wprowadzono te\u017c do s\u0142u\u017cby now\u0105 jednostk\u0119 policji federalnej do obrony przed dronami.<\/p>\n<p>&#8222;Jak wygrana na loterii&#8221;. Korea P\u00f3\u0142nocna dorobi\u0142a si\u0119 na wojnie Putina. &#8222;Najsilniejsza pozycja od 35 lat&#8221;<img class=\"ods-a-photo ods-a-photo--background\" src=\"https:\/\/www.europesays.com\/pl\/wp-content\/uploads\/2026\/08\/rvVk9lBaHR0cHM6Ly9vY2RuLmV1L3B1bHNjbXMvTURBXy9jZGJjODIxOGM0NWQxMTJiMzlhYjEzMTY0NTcxMDY2Yy5qcGeRlQLNA.jpeg\" height=\"301\" width=\"450\" alt=\"Prezydent Rosji W\u0142adimir Putin\" loading=\"lazy\" fetchpriority=\"low\" decoding=\"async\"\/><\/p>\n","protected":false},"excerpt":{"rendered":"Rzeczniczka dow\u00f3dztwa operacyjnego Bundeswehry potwierdzi\u0142a w odpowiedzi na pytanie agencji, \u017ce w czwartek wieczorem, oko\u0142o godz. 22:00, centrum&hellip;\n","protected":false},"author":2,"featured_media":608587,"comment_status":"","ping_status":"","sticky":false,"template":"","format":"standard","meta":{"footnotes":"","_share_on_mastodon":"0"},"categories":[14],"tags":[61195,32,33,3096,144,27,34,35,28,31,48,56992,25,295,46,414,40,41,47,80,29,30,26,82,83,84],"class_list":["post-608586","post","type-post","status-publish","format-standard","has-post-thumbnail","category-swiat","tag-bottomfeed_styl","tag-breaking-news","tag-breakingnews","tag-bundeswehra","tag-drony","tag-headlines","tag-latest-news","tag-latestnews","tag-naglowki","tag-najwazniejsze-artykuly","tag-nat_styl","tag-newbb_tst1","tag-news","tag-niemcy","tag-omp","tag-policja","tag-polish","tag-polski","tag-screening_general","tag-swiat","tag-top-stories","tag-topstories","tag-wiadomosci","tag-world","tag-world-news","tag-worldnews"],"share_on_mastodon":{"url":"https:\/\/pubeurope.com\/@pl\/117058139749679974","error":""},"_links":{"self":[{"href":"https:\/\/www.europesays.com\/pl\/wp-json\/wp\/v2\/posts\/608586","targetHints":{"allow":["GET"]}}],"collection":[{"href":"https:\/\/www.europesays.com\/pl\/wp-json\/wp\/v2\/posts"}],"about":[{"href":"https:\/\/www.europesays.com\/pl\/wp-json\/wp\/v2\/types\/post"}],"author":[{"embeddable":true,"href":"https:\/\/www.europesays.com\/pl\/wp-json\/wp\/v2\/users\/2"}],"replies":[{"embeddable":true,"href":"https:\/\/www.europesays.com\/pl\/wp-json\/wp\/v2\/comments?post=608586"}],"version-history":[{"count":0,"href":"https:\/\/www.europesays.com\/pl\/wp-json\/wp\/v2\/posts\/608586\/revisions"}],"wp:featuredmedia":[{"embeddable":true,"href":"https:\/\/www.europesays.com\/pl\/wp-json\/wp\/v2\/media\/608587"}],"wp:attachment":[{"href":"https:\/\/www.europesays.com\/pl\/wp-json\/wp\/v2\/media?parent=608586"}],"wp:term":[{"taxonomy":"category","embeddable":true,"href":"https:\/\/www.europesays.com\/pl\/wp-json\/wp\/v2\/categories?post=608586"},{"taxonomy":"post_tag","embeddable":true,"href":"https:\/\/www.europesays.com\/pl\/wp-json\/wp\/v2\/tags?post=608586"}],"curies":[{"name":"wp","href":"https:\/\/api.w.org\/{rel}","templated":true}]}}