{"id":608656,"date":"2026-08-08T05:55:08","date_gmt":"2026-08-08T05:55:08","guid":{"rendered":"https:\/\/www.europesays.com\/pl\/608656\/"},"modified":"2026-08-08T05:55:08","modified_gmt":"2026-08-08T05:55:08","slug":"caritas-polska-kontynuuje-pomoc-psychologiczna-dla-rodzin-i-weteranow-w-ukrainie","status":"publish","type":"post","link":"https:\/\/www.europesays.com\/pl\/608656\/","title":{"rendered":"Caritas Polska kontynuuje pomoc psychologiczn\u0105 dla rodzin i weteran\u00f3w w Ukrainie"},"content":{"rendered":"<p>Caritas Polska poinformowa\u0142a o kontynuacji i rozwoju pomocy psychologicznej oraz rehabilitacyjnej dla rodzin i weteran\u00f3w w Ukrainie w ramach kolejnej ods\u0142ony projektu \u201eRodzina w Centrum\u201d. Finansowana ze \u015brodk\u00f3w polskiej wsp\u00f3\u0142pracy rozwojowej Ministerstwa Spraw Zagranicznych inicjatywa potrwa do ko\u0144ca grudnia 2026 roku i obejmie wsparciem oko\u0142o 2,5 tysi\u0105ca os\u00f3b.<\/p>\n<p>Vatican News<\/p>\n<p>Jak przekazuje Caritas Polska, przedsi\u0119wzi\u0119cie jest bezpo\u015bredni\u0105 odpowiedzi\u0105 na dramatyczn\u0105 rzeczywisto\u015b\u0107 za nasz\u0105 wschodni\u0105 granic\u0105. W warunkach trwaj\u0105cego konfliktu \u201erodziny zmagaj\u0105 si\u0119 z traum\u0105, l\u0119kiem o bezpiecze\u0144stwo najbli\u017cszych i niepewno\u015bci\u0105 jutra\u201d.\u00a0<\/p>\n<p>Dzia\u0142ania prowadzone s\u0105 we wsp\u00f3\u0142pracy z lokalnym partnerem Caritas-Spes Ukraina. Plac\u00f3wki opieku\u0144cze funkcjonuj\u0105 w czterech o\u015brodkach: Charkowie, \u017bytomierzu, Odessie oraz Kamie\u0144cu Podolskim. Jak zaznacza organizacja, centra te zorganizowano jako \u201ebezpieczn\u0105 przysta\u0144, do kt\u00f3rej trafiaj\u0105 matki z dzie\u0107mi, ale te\u017c weterani pr\u00f3buj\u0105cy odnale\u017a\u0107 si\u0119 w nowej rzeczywisto\u015bci\u201d.\u00a0<\/p>\n<p>Oferowana pomoc ma charakter kompleksowy. Obejmuje ona terapi\u0119 psychologiczn\u0105 dla dzieci i m\u0142odzie\u017cy oraz wsparcie dla rodzic\u00f3w i opiekun\u00f3w, kt\u00f3rzy \u2014 jak wskazano w komunikacie \u2014 \u201esami wyczerpani l\u0119kiem i strachem \u2013 staraj\u0105 si\u0119 chroni\u0107 swoje dzieci\u201d.\u00a0<\/p>\n<p>Specjali\u015bci prowadz\u0105 r\u00f3wnie\u017c dedykowane zaj\u0119cia terapeutyczno-rehabilitacyjne dla weteran\u00f3w wojennych.\u00a0<\/p>\n<p>      <a href=\"https:\/\/www.vaticannews.va\/pl\/kosciol\/news\/2026-06\/caritas-polska-w-2025-r-pomoc-otrzymalo-ponad-1-1-mln-osob.html\" title=\"Caritas Polska: w 2025 r. pomoc otrzyma\u0142o ponad 1,1 mln os\u00f3b\" rel=\"nofollow noopener\" target=\"_blank\"><\/p>\n<p>         <img decoding=\"async\" src=\"data:image\/gif;base64,R0lGODlhAQABAIAAAAAAAP\/\/\/yH5BAEAAAAALAAAAAABAAEAAAIBRAA7\" data-original=\"https:\/\/www.vaticannews.va\/content\/dam\/vaticannews\/multimedia\/2026\/giugno\/01\/Festyn_Dzieci-dzieciom_2.jpg\/_jcr_content\/renditions\/cq5dam.thumbnail.cropped.500.281.jpeg\" alt=\"Caritas Polska: w 2025 r. pomoc otrzyma\u0142o ponad 1,1 mln os\u00f3b\"\/><\/p>\n<p>       <\/a><\/p>\n<p>\n       Caritas Polska pomog\u0142a w 2025 r. ponad 1,1 mln os\u00f3b w kraju i za granic\u0105 \u2013 wynika z opublikowanego przez organizacj\u0119 raportu. \u0141\u0105czna warto\u015b\u0107 pomocy przekroczy\u0142a 1,2 mld z\u0142, w tym &#8230;\n      <\/p>\n<p>W ramach realizowanego projektu plac\u00f3wki zostan\u0105 doposa\u017cone w specjalistyczny sprz\u0119t. Ma to zagwarantowa\u0107, aby \u201eka\u017cdy, kto przekroczy pr\u00f3g Centrum, otrzyma\u0142 pomoc w godnych i bezpiecznych warunkach\u201d.\u00a0<\/p>\n<p>Projekt \u201eRodzina w Centrum\u201d realizowany jest w ramach programu polskiej wsp\u00f3\u0142pracy rozwojowej MSZ \u201ePolska pomoc\u201d.<\/p>\n","protected":false},"excerpt":{"rendered":"Caritas Polska poinformowa\u0142a o kontynuacji i rozwoju pomocy psychologicznej oraz rehabilitacyjnej dla rodzin i weteran\u00f3w w Ukrainie w&hellip;\n","protected":false},"author":2,"featured_media":608657,"comment_status":"","ping_status":"","sticky":false,"template":"","format":"standard","meta":{"footnotes":"","_share_on_mastodon":"0"},"categories":[12],"tags":[42,38,40,39,41,7870,415],"class_list":["post-608656","post","type-post","status-publish","format-standard","has-post-thumbnail","category-polska","tag-pl","tag-poland","tag-polish","tag-polska","tag-polski","tag-solidarnosc","tag-ukraina"],"share_on_mastodon":{"url":"https:\/\/pubeurope.com\/@pl\/117058347124194740","error":""},"_links":{"self":[{"href":"https:\/\/www.europesays.com\/pl\/wp-json\/wp\/v2\/posts\/608656","targetHints":{"allow":["GET"]}}],"collection":[{"href":"https:\/\/www.europesays.com\/pl\/wp-json\/wp\/v2\/posts"}],"about":[{"href":"https:\/\/www.europesays.com\/pl\/wp-json\/wp\/v2\/types\/post"}],"author":[{"embeddable":true,"href":"https:\/\/www.europesays.com\/pl\/wp-json\/wp\/v2\/users\/2"}],"replies":[{"embeddable":true,"href":"https:\/\/www.europesays.com\/pl\/wp-json\/wp\/v2\/comments?post=608656"}],"version-history":[{"count":0,"href":"https:\/\/www.europesays.com\/pl\/wp-json\/wp\/v2\/posts\/608656\/revisions"}],"wp:featuredmedia":[{"embeddable":true,"href":"https:\/\/www.europesays.com\/pl\/wp-json\/wp\/v2\/media\/608657"}],"wp:attachment":[{"href":"https:\/\/www.europesays.com\/pl\/wp-json\/wp\/v2\/media?parent=608656"}],"wp:term":[{"taxonomy":"category","embeddable":true,"href":"https:\/\/www.europesays.com\/pl\/wp-json\/wp\/v2\/categories?post=608656"},{"taxonomy":"post_tag","embeddable":true,"href":"https:\/\/www.europesays.com\/pl\/wp-json\/wp\/v2\/tags?post=608656"}],"curies":[{"name":"wp","href":"https:\/\/api.w.org\/{rel}","templated":true}]}}