{"id":608742,"date":"2026-08-08T06:59:08","date_gmt":"2026-08-08T06:59:08","guid":{"rendered":"https:\/\/www.europesays.com\/pl\/608742\/"},"modified":"2026-08-08T06:59:08","modified_gmt":"2026-08-08T06:59:08","slug":"tysieczny-sklep-sieci-lidl-polska-powstal-w-katowickim-nikiszowcu","status":"publish","type":"post","link":"https:\/\/www.europesays.com\/pl\/608742\/","title":{"rendered":"Tysi\u0119czny sklep sieci Lidl Polska powsta\u0142 w katowickim Nikiszowcu"},"content":{"rendered":"<p class=\"wp-block-paragraph\">Niemiecka sie\u0107 dyskont\u00f3w przekroczy\u0142a symboliczny kamie\u0144 milowy na polskim rynku. Otwarty 23 lipca obiekt w Katowicach jest tysi\u0119czn\u0105 plac\u00f3wk\u0105 marki w kraju. Jubileuszowy sklep wyr\u00f3\u017cnia si\u0119 unikaln\u0105 architektur\u0105 nawi\u0105zuj\u0105c\u0105 do \u015bl\u0105skiego dziedzictwa oraz zastosowaniem nowoczesnych technologii proekologicznych.<\/p>\n<p>Architektura dopasowana do historycznego otoczenia<\/p>\n<p class=\"wp-block-paragraph\">Projektuj\u0105c tysi\u0119czny obiekt, sie\u0107 zdecydowa\u0142a si\u0119 na unikalne podej\u015bcie architektoniczne. Nowy sklep powsta\u0142 w zabytkowej dzielnicy Katowic \u2013 Nikiszowcu, s\u0142yn\u0105cej z tradycyjnej \u015bl\u0105skiej zabudowy. Budynek zosta\u0142 zaprojektowany tak, aby bezinwazyjnie wpisa\u0107 si\u0119 w tkank\u0119 miejsk\u0105 i wkomponowa\u0107 w lokalne dziedzictwo kulturowe, \u0142\u0105cz\u0105c tradycyjny wygl\u0105d z nowoczesnym wyposa\u017ceniem technologicznym.<\/p>\n<p class=\"wp-block-paragraph\">\u2013 Otwarcie 1000. sklepu Lidl w Polsce to wyj\u0105tkowe wydarzenie w historii firmy. Ten sukces nie by\u0142by mo\u017cliwy, gdyby nie zaufanie milion\u00f3w Polak\u00f3w, kt\u00f3rzy codziennie odwiedzaj\u0105 nasze sklepy, oraz ogromne zaanga\u017cowanie ca\u0142ego zespo\u0142u. Cieszymy si\u0119, \u017ce ten jubileuszowy krok stawiamy w tak wyj\u0105tkowym, historycznym miejscu, jakim jest katowicki Nikiszowiec \u2013 podkre\u015bla W\u0142odzimierz Wla\u017alak, Prezes Zarz\u0105du Lidl Polska.<\/p>\n<p>Ponad dwie dekady ekspansji na polskim rynku<\/p>\n<p class=\"wp-block-paragraph\">Otwarcie plac\u00f3wki w Katowicach to podsumowanie blisko 24 lat obecno\u015bci niemieckiej marki w Polsce:<\/p>\n<p>2002 rok: otwarcie pierwszego sklepu pod szyldem Lidl w Poznaniu,1000 plac\u00f3wek: obecny stan posiadania sieci na terenie ca\u0142ego kraju,Grupa Schwarz: w\u0142a\u015bciciel marki Lidl, b\u0119d\u0105cy jednym z najwi\u0119kszych detalist\u00f3w w Europie,Zasi\u0119g globalny: oko\u0142o 12 600 sklep\u00f3w funkcjonuj\u0105cych w 31 krajach na \u015bwiecie.<\/p>\n<p class=\"wp-block-paragraph\">Historia marki si\u0119ga lat 30. XX wieku, jednak pierwsze nowoczesne dyskonty pod nazw\u0105 Lidl zacz\u0119\u0142y powstawa\u0107 w Niemczech w latach 70. Przedstawiciele sieci zapowiadaj\u0105, \u017ce osi\u0105gni\u0119cie pu\u0142apu tysi\u0105ca sklep\u00f3w w Polsce nie ko\u0144czy ich plan\u00f3w rozwoju i w kolejnych miesi\u0105cach planowane s\u0105 otwarcia nast\u0119pnych obiekt\u00f3w.<\/p>\n","protected":false},"excerpt":{"rendered":"Niemiecka sie\u0107 dyskont\u00f3w przekroczy\u0142a symboliczny kamie\u0144 milowy na polskim rynku. Otwarty 23 lipca obiekt w Katowicach jest tysi\u0119czn\u0105&hellip;\n","protected":false},"author":2,"featured_media":608743,"comment_status":"","ping_status":"","sticky":false,"template":"","format":"standard","meta":{"footnotes":"","_share_on_mastodon":"0"},"categories":[12],"tags":[3343,42,38,40,39,41],"class_list":["post-608742","post","type-post","status-publish","format-standard","has-post-thumbnail","category-polska","tag-lidl","tag-pl","tag-poland","tag-polish","tag-polska","tag-polski"],"share_on_mastodon":{"url":"https:\/\/pubeurope.com\/@pl\/117058598468471148","error":""},"_links":{"self":[{"href":"https:\/\/www.europesays.com\/pl\/wp-json\/wp\/v2\/posts\/608742","targetHints":{"allow":["GET"]}}],"collection":[{"href":"https:\/\/www.europesays.com\/pl\/wp-json\/wp\/v2\/posts"}],"about":[{"href":"https:\/\/www.europesays.com\/pl\/wp-json\/wp\/v2\/types\/post"}],"author":[{"embeddable":true,"href":"https:\/\/www.europesays.com\/pl\/wp-json\/wp\/v2\/users\/2"}],"replies":[{"embeddable":true,"href":"https:\/\/www.europesays.com\/pl\/wp-json\/wp\/v2\/comments?post=608742"}],"version-history":[{"count":0,"href":"https:\/\/www.europesays.com\/pl\/wp-json\/wp\/v2\/posts\/608742\/revisions"}],"wp:featuredmedia":[{"embeddable":true,"href":"https:\/\/www.europesays.com\/pl\/wp-json\/wp\/v2\/media\/608743"}],"wp:attachment":[{"href":"https:\/\/www.europesays.com\/pl\/wp-json\/wp\/v2\/media?parent=608742"}],"wp:term":[{"taxonomy":"category","embeddable":true,"href":"https:\/\/www.europesays.com\/pl\/wp-json\/wp\/v2\/categories?post=608742"},{"taxonomy":"post_tag","embeddable":true,"href":"https:\/\/www.europesays.com\/pl\/wp-json\/wp\/v2\/tags?post=608742"}],"curies":[{"name":"wp","href":"https:\/\/api.w.org\/{rel}","templated":true}]}}