{"id":609006,"date":"2026-08-08T09:57:11","date_gmt":"2026-08-08T09:57:11","guid":{"rendered":"https:\/\/www.europesays.com\/pl\/609006\/"},"modified":"2026-08-08T09:57:11","modified_gmt":"2026-08-08T09:57:11","slug":"media-uefa-wyplacila-gigantyczna-kwote-kochance-infantino","status":"publish","type":"post","link":"https:\/\/www.europesays.com\/pl\/609006\/","title":{"rendered":"Media: UEFA wyp\u0142aci\u0142a gigantyczn\u0105 kwot\u0119 kochance Infantino"},"content":{"rendered":"<p>Sensacyjne doniesienia ujawni\u0142 angielski Daily Telegraph. Jego zdaniem jeszcze w\u00a0czasach pracy w\u00a0UEFA Gianni Infantino wda\u0142 si\u0119 w\u00a0romans, w\u00a0wyniku czego federacja zap\u0142aci\u0142a ogromne pieni\u0105dze rzekomej kochance Szwajcara.<\/p>\n<p>Romans Infantino kosztowa\u0142 UEFA pieni\u0105dze?<\/p>\n<p>Dziennikarze Daily Telegraph poinformowali, \u017ce\u00a0UEFA wyp\u0142aci\u0142a sze\u015bciocyfrow\u0105 kwot\u0119 kobiecie, kt\u00f3ra\u00a0mia\u0142a pozostawa\u0107 w\u00a0mi\u0142osnej relacji z\u00a0\u017conatym ju\u017c w\u00f3wczas Giannim Infantino. Sprawa mia\u0142a miejsce w\u00a0czasie, gdy\u00a0Infantino by\u0142 jeszcze sekretarzem generalnym UEFA (2009-2016).<\/p>\n<p>Europejska federacja potwierdzi\u0142a angielskiej gazecie, \u017ce\u00a0\u201eosobie, o\u00a0kt\u00f3rej\u00a0mowa, wyp\u0142acono \u015bwiadczenie zwi\u0105zane z\u00a0zako\u0144czeniem wsp\u00f3\u0142pracy\u201d.<\/p>\n<p>W\u00a0o\u015bwiadczeniu przekazanym Daily Telegraph UEFA potwierdzi\u0142a te\u017c, \u017ce\u00a0wspomnianej kobiecie zosta\u0142y op\u0142acone studia w\u00a0miejscowej szkole biznesu. Jednocze\u015bnie zapewniono, \u017ce\u00a0wszystkie p\u0142atno\u015bci by\u0142y zgodne z\u00a0obowi\u0105zuj\u0105cymi w\u00f3wczas regulacjami, a\u00a0przepisy od\u00a0tamtego czasu uleg\u0142y zaostrzeniu.<\/p>\n<p>Z\u00a0kolei FIFA kategorycznie zaprzecza doniesieniom Brytyjczyk\u00f3w. \u201ePrezydent Gianni Infantino stanowczo zaprzecza tym zarzutom. S\u0105\u00a0one kategorycznie nieprawdziwe. Wszelkie sugestie dotycz\u0105ce niew\u0142a\u015bciwego zachowania lub naruszenia statut\u00f3w czy\u00a0regulamin\u00f3w maj\u0105 charakter znies\u0142awiaj\u0105cy\u201d \u2013 przekaza\u0142 rzecznik FIFA.<\/p>\n<p>Kolejne rewelacje na\u00a0temat Infantino tylko\u00a0zwi\u0119kszaj\u0105 najwi\u0119kszy kryzys wizerunkowy w\u00a0karierze szefa FIFA. Szwajcar jest w\u00a0stanie otwartej wojny z\u00a0UEFA, kt\u00f3ra\u00a0zbojkotowa\u0142a rozgrywki FIFA dop\u00f3ki Infantino nie\u00a0wycofa si\u0119 z\u00a0pomys\u0142u cz\u0119\u015bciowej prywatyzacji mistrzostw \u015bwiata.<\/p>\n<p>W\u00a0tle toczy si\u0119 walka o\u00a0kolejn\u0105 kadencj\u0119 na\u00a0fotelu prezydenta FIFA. Kolejne wybory odb\u0119d\u0105 si\u0119 w\u00a0marcu przysz\u0142ego roku w\u00a0maroka\u0144skim Rabacie.<\/p>\n","protected":false},"excerpt":{"rendered":"Sensacyjne doniesienia ujawni\u0142 angielski Daily Telegraph. Jego zdaniem jeszcze w\u00a0czasach pracy w\u00a0UEFA Gianni Infantino wda\u0142 si\u0119 w\u00a0romans, w\u00a0wyniku&hellip;\n","protected":false},"author":2,"featured_media":609007,"comment_status":"","ping_status":"","sticky":false,"template":"","format":"standard","meta":{"footnotes":"","_share_on_mastodon":"0"},"categories":[24],"tags":[1285,5116,42,38,40,39,41,127,126,3098],"class_list":["post-609006","post","type-post","status-publish","format-standard","has-post-thumbnail","category-sport","tag-fifa","tag-gianni-infantino","tag-pl","tag-poland","tag-polish","tag-polska","tag-polski","tag-sport","tag-sports","tag-uefa"],"share_on_mastodon":{"url":"https:\/\/pubeurope.com\/@pl\/117059298622872294","error":""},"_links":{"self":[{"href":"https:\/\/www.europesays.com\/pl\/wp-json\/wp\/v2\/posts\/609006","targetHints":{"allow":["GET"]}}],"collection":[{"href":"https:\/\/www.europesays.com\/pl\/wp-json\/wp\/v2\/posts"}],"about":[{"href":"https:\/\/www.europesays.com\/pl\/wp-json\/wp\/v2\/types\/post"}],"author":[{"embeddable":true,"href":"https:\/\/www.europesays.com\/pl\/wp-json\/wp\/v2\/users\/2"}],"replies":[{"embeddable":true,"href":"https:\/\/www.europesays.com\/pl\/wp-json\/wp\/v2\/comments?post=609006"}],"version-history":[{"count":0,"href":"https:\/\/www.europesays.com\/pl\/wp-json\/wp\/v2\/posts\/609006\/revisions"}],"wp:featuredmedia":[{"embeddable":true,"href":"https:\/\/www.europesays.com\/pl\/wp-json\/wp\/v2\/media\/609007"}],"wp:attachment":[{"href":"https:\/\/www.europesays.com\/pl\/wp-json\/wp\/v2\/media?parent=609006"}],"wp:term":[{"taxonomy":"category","embeddable":true,"href":"https:\/\/www.europesays.com\/pl\/wp-json\/wp\/v2\/categories?post=609006"},{"taxonomy":"post_tag","embeddable":true,"href":"https:\/\/www.europesays.com\/pl\/wp-json\/wp\/v2\/tags?post=609006"}],"curies":[{"name":"wp","href":"https:\/\/api.w.org\/{rel}","templated":true}]}}