{"id":609184,"date":"2026-08-08T12:05:12","date_gmt":"2026-08-08T12:05:12","guid":{"rendered":"https:\/\/www.europesays.com\/pl\/609184\/"},"modified":"2026-08-08T12:05:12","modified_gmt":"2026-08-08T12:05:12","slug":"eksplozja-drona-przy-granicy-bulgarii-z-rumunia-wybuchl-w-poblizu-gazociagu","status":"publish","type":"post","link":"https:\/\/www.europesays.com\/pl\/609184\/","title":{"rendered":"Eksplozja drona przy granicy Bu\u0142garii z Rumuni\u0105. Wybuch\u0142 w pobli\u017cu gazoci\u0105gu"},"content":{"rendered":"<p>Premier Radew przekaza\u0142, \u017ce dron wybuch\u0142 w bezpo\u015brednim s\u0105siedztwie przej\u015bcia granicznego Kardam, po\u0142o\u017conego niedaleko Morza Czarnego. Zaznaczy\u0142, \u017ce do eksplozji dosz\u0142o oko\u0142o 1 km od stacji kompresorowej strategicznego gazoci\u0105gu transba\u0142ka\u0144skiego.<\/p>\n<p>Wed\u0142ug informacji przekazanych przez Radewa w nagraniu wideo opublikowanym przez rz\u0105d w mediach spo\u0142eczno\u015bciowych, dron eksplodowa\u0142 w pobli\u017cu wa\u017cnej infrastruktury energetycznej, jednak nie spowodowa\u0142 ofiar w ludziach.<\/p>\n<p><a href=\"https:\/\/www.onet.pl\/\" title=\"Strona G\u0142\u00f3wna\" aria-label=\"Strona G\u0142\u00f3wna\" data-astro-prefetch=\"tap\" class=\"ods-a-logo-main-desktop\" rel=\"nofollow noopener\" target=\"_blank\"><img src=\"https:\/\/cdn.wiadomosci.onet.pl\/img\/Logo_desktop_Onet.svg\" class=\"ods-a-logo-main-desktop__image\" alt=\"Logo\" width=\"107\" height=\"60\" fetchpriority=\"high\" decoding=\"sync\" style=\"height:60px\"\/><\/a><\/p>\n<p class=\"ods-m-google-article__text\">Czytaj nas cz\u0119\u015bciej w Google<\/p>\n<p><a href=\"https:\/\/google.com\/preferences\/source?q=wiadomosci.onet.pl\" target=\"_blank\" rel=\"noopener noreferrer nofollow\" aria-label=\"Dodaj w Google\" title=\"Dodaj w Google\" class=\"ods-a-button ods-a-button__primary ods-a-button__default ods-a-button-l\">Dodaj w Google<\/a>&#8222;Silna eksplozja i czarny dym&#8221;. Premier Radew ujawnia szczeg\u00f3\u0142y incydentu<\/p>\n<p>Premier doda\u0142, \u017ce warkot drona us\u0142yszeli funkcjonariusze rumu\u0144skiej stra\u017cy granicznej, po czym patrol bu\u0142garskiej policji poinformowa\u0142 o &#8222;silnej eksplozji, kt\u00f3rej towarzyszy\u0142 czarny dym&#8221;.<\/p>\n<p>Wed\u0142ug Radewa urz\u0105dzenie nie zosta\u0142o wykryte wcze\u015bniej przez \u017cadne z dw\u00f3ch pa\u0144stw. &#8222;Jak wiecie, wykrycie i neutralizacja tych dron\u00f3w stanowi\u0105 powa\u017cne wyzwanie&#8221; \u2014 zaznaczy\u0142.<\/p>\n<p>&#8222;Jedno jest pewne: dron przenosi\u0142 znaczn\u0105 ilo\u015b\u0107 \u015brodk\u00f3w wybuchowych, skoro s\u0142yszano go z odleg\u0142o\u015bci i spowodowa\u0142 tak du\u017co czarnego dymu&#8221; \u2014 zauwa\u017cy\u0142 premier.<\/p>\n<p>Dron spad\u0142 na pole s\u0142onecznik\u00f3w.<\/p>\n<p>Radew wyrazi\u0142 nadziej\u0119, \u017ce wkr\u00f3tce zostanie ustalony typ drona, zaznaczy\u0142 jednak, \u017ce nie by\u0142 to &#8222;dron rekreacyjny&#8221;, tylko jaki\u015b wi\u0119kszy.<\/p>\n<p>W ostatnich miesi\u0105cach w krajach Europy Wschodniej, kt\u00f3re nale\u017c\u0105 do NATO i wspieraj\u0105 Ukrain\u0119, nasili\u0142y si\u0119 incydenty z udzia\u0142em bezza\u0142og\u00f3wc\u00f3w.<\/p>\n<p>Gazoci\u0105g Transba\u0142ka\u0144ski to strategiczny szlak przesy\u0142u gazu ziemnego. Biegnie z Turcji przez Bu\u0142gari\u0119 i Rumuni\u0119 do Ukrainy. Dawniej s\u0142u\u017cy\u0142 do dostaw surowca z Rosji na Ba\u0142kany, lecz obecnie dzia\u0142a g\u0142\u00f3wnie w odwrotnym kierunku (z po\u0142udnia na p\u00f3\u0142noc), przesy\u0142aj\u0105c gaz z terminali LNG oraz Azerbejd\u017canu.<\/p>\n","protected":false},"excerpt":{"rendered":"Premier Radew przekaza\u0142, \u017ce dron wybuch\u0142 w bezpo\u015brednim s\u0105siedztwie przej\u015bcia granicznego Kardam, po\u0142o\u017conego niedaleko Morza Czarnego. Zaznaczy\u0142, \u017ce&hellip;\n","protected":false},"author":2,"featured_media":609185,"comment_status":"","ping_status":"","sticky":false,"template":"","format":"standard","meta":{"footnotes":"","_share_on_mastodon":"0"},"categories":[14],"tags":[61195,32,33,305,144,27,34,35,28,31,48,56992,25,46,40,41,542,47,80,29,30,415,26,82,83,84],"class_list":["post-609184","post","type-post","status-publish","format-standard","has-post-thumbnail","category-swiat","tag-bottomfeed_styl","tag-breaking-news","tag-breakingnews","tag-bulgaria","tag-drony","tag-headlines","tag-latest-news","tag-latestnews","tag-naglowki","tag-najwazniejsze-artykuly","tag-nat_styl","tag-newbb_tst1","tag-news","tag-omp","tag-polish","tag-polski","tag-rumunia","tag-screening_general","tag-swiat","tag-top-stories","tag-topstories","tag-ukraina","tag-wiadomosci","tag-world","tag-world-news","tag-worldnews"],"share_on_mastodon":{"url":"https:\/\/pubeurope.com\/@pl\/117059802877166529","error":""},"_links":{"self":[{"href":"https:\/\/www.europesays.com\/pl\/wp-json\/wp\/v2\/posts\/609184","targetHints":{"allow":["GET"]}}],"collection":[{"href":"https:\/\/www.europesays.com\/pl\/wp-json\/wp\/v2\/posts"}],"about":[{"href":"https:\/\/www.europesays.com\/pl\/wp-json\/wp\/v2\/types\/post"}],"author":[{"embeddable":true,"href":"https:\/\/www.europesays.com\/pl\/wp-json\/wp\/v2\/users\/2"}],"replies":[{"embeddable":true,"href":"https:\/\/www.europesays.com\/pl\/wp-json\/wp\/v2\/comments?post=609184"}],"version-history":[{"count":0,"href":"https:\/\/www.europesays.com\/pl\/wp-json\/wp\/v2\/posts\/609184\/revisions"}],"wp:featuredmedia":[{"embeddable":true,"href":"https:\/\/www.europesays.com\/pl\/wp-json\/wp\/v2\/media\/609185"}],"wp:attachment":[{"href":"https:\/\/www.europesays.com\/pl\/wp-json\/wp\/v2\/media?parent=609184"}],"wp:term":[{"taxonomy":"category","embeddable":true,"href":"https:\/\/www.europesays.com\/pl\/wp-json\/wp\/v2\/categories?post=609184"},{"taxonomy":"post_tag","embeddable":true,"href":"https:\/\/www.europesays.com\/pl\/wp-json\/wp\/v2\/tags?post=609184"}],"curies":[{"name":"wp","href":"https:\/\/api.w.org\/{rel}","templated":true}]}}