{"id":609343,"date":"2026-08-08T14:02:08","date_gmt":"2026-08-08T14:02:08","guid":{"rendered":"https:\/\/www.europesays.com\/pl\/609343\/"},"modified":"2026-08-08T14:02:08","modified_gmt":"2026-08-08T14:02:08","slug":"nie-zyje-jorge-messi-mial-68-lat","status":"publish","type":"post","link":"https:\/\/www.europesays.com\/pl\/609343\/","title":{"rendered":"Nie \u017cyje Jorge Messi. Mia\u0142 68 lat"},"content":{"rendered":"\n<p class=\"contentpart contentpart--default contentpart--text\" data-position=\"0\"><a href=\"https:\/\/sportowefakty.wp.pl\/pilka-nozna\/jorge-messi\" rel=\"nofollow noopener\" target=\"_blank\">Jorge Messi<\/a>\u00a0zmar\u0142 w pi\u0105tek ok. godz. 22 w klinice w Rosario &#8211; tak\u0105 informacj\u0119 jako pierwszy poda\u0142 argenty\u0144ski portal infobae.com.<\/p>\n<p class=\"contentpart contentpart--default contentpart--text\" data-position=\"1\">Informacj\u0119 przekazuj\u0105 tak\u017ce najwi\u0119ksze sportowe media w Hiszpanii &#8211; katalo\u0144ski &#8222;Sport&#8221; oraz madryckie &#8222;Marca&#8221; i &#8222;AS&#8221;.<\/p>\n<p>  <img decoding=\"async\" src=\"https:\/\/v.wpimg.pl\/X3dwLnN2d1IFFTpdYUl6R0ZNbgcnEHQREVV2TGEGbUtRT2MdOlZ2RBQUKABgQjQcDRotCStBd1IAAWMeIlM7VgwYIAorQAdEFFk_GCkQJQ\" alt=\"\" width=\"45\" height=\"58\" loading=\"lazy\"\/>  <\/p>\n<p class=\"contentpart contentpart--default contentpart--text\" data-position=\"2\">Wed\u0142ug doniesie\u0144 medi\u00f3w przedsi\u0119biorca i mened\u017cer kapitana reprezentacji Argentyny przez d\u0142ugi czas zmaga\u0142 si\u0119 z chorob\u0105. By\u0142 m\u0119\u017cem Celii Cuccittini oraz ojcem Lionela, Rodrigo, Matiasa i Marii Sol.<\/p>\n<p class=\"contentpart contentpart--default contentpart--text\" data-position=\"3\">Jako opiekun syna w trakcie jego kariery koordynowa\u0142 sprawy poza boiskiem i prowadzi\u0142 negocjacje zwi\u0105zane z mark\u0105 Messi. Z relacji biograficznych wynika, \u017ce zabiega\u0142 o leczenie hormonalne dla m\u0142odego Lionela, a gdy rodzina przenosi\u0142a si\u0119 do Europy, zosta\u0142 z nim w Barcelonie, kiedy reszta bliskich wr\u00f3ci\u0142a do Rosario.<\/p>\n<p>Zabrak\u0142o go na M\u015a 2026<\/p>\n<p class=\"contentpart contentpart--default contentpart--text\" data-position=\"5\">Jorge rzadko udziela\u0142 wywiad\u00f3w. Jego obecno\u015b\u0107 cz\u0119\u015bciej zauwa\u017cano na trybunach wielkich turniej\u00f3w. Podczas pi\u0142karskiego mundialu 2026 w USA uwag\u0119 zwr\u00f3ci\u0142 brak wsp\u00f3lnych kadr\u00f3w rodzinnych z jego udzia\u0142em, mimo obecno\u015bci Antoneli Roccuzzo i syn\u00f3w: Ciro, Mateo oraz Thiago.<\/p>\n<p>  <img decoding=\"async\" src=\"https:\/\/v.wpimg.pl\/X3dwLnN2d1IFFTpdYUl6R0ZNbgcnEHQREVV2TGEGbUtRT2MdOlZ2RBQUKABgQjQcDRotCStBd1IAAWMeIlM7VgwYIAorQAdEFFk_GCkQJQ\" alt=\"\" width=\"45\" height=\"58\" loading=\"lazy\"\/>  <\/p>\n<p class=\"contentpart contentpart--default contentpart--text\" data-position=\"6\">W pierwszym meczu mundialu 2026 (Argentyna pokona\u0142a Algieri\u0119 3:0) Lionel Messi otworzy\u0142 wynik i skompletowa\u0142 hat tricka. Na boisku nie umia\u0142 powstrzyma\u0107 \u0142ez. Tak to p\u00f3\u017aniej wyja\u015bni\u0142. &#8211; To sprawa ca\u0142kowicie niezwi\u0105zana ze sportem, mia\u0142em kilka trudnych dni. Jestem wdzi\u0119czny ca\u0142ej delegacji, jak zawsze jest przy mnie &#8211; m\u00f3wi\u0142.<\/p>\n<p class=\"contentpart contentpart--default contentpart--text\" data-position=\"7\">W innej rozmowie w strefie mieszanej doda\u0142: &#8211; Tak naprawd\u0119 to przede wszystkim przez rodzin\u0119. Bo zawsze jest obok, zawsze wspiera. Teraz mamy trudny moment. Z\u0142o\u017cy\u0142o si\u0119 wiele rzeczy, ale te\u017c przez nich, bo to wyj\u0105tkowa grupa, kt\u00f3ra mnie trzyma i daje mi rado\u015b\u0107 &#8211; wyja\u015bnia\u0142.<\/p>\n<p class=\"contentpart contentpart--default contentpart--text\" data-position=\"8\">Kilka dni p\u00f3\u017aniej rodzina przekaza\u0142a w o\u015bwiadczeniu: &#8222;Jorge pozostaje pod opiek\u0105 medyczn\u0105, dochodzi do siebie i jego stan poprawia si\u0119&#8221;.<\/p>\n","protected":false},"excerpt":{"rendered":"Jorge Messi\u00a0zmar\u0142 w pi\u0105tek ok. godz. 22 w klinice w Rosario &#8211; tak\u0105 informacj\u0119 jako pierwszy poda\u0142 argenty\u0144ski&hellip;\n","protected":false},"author":2,"featured_media":609344,"comment_status":"","ping_status":"","sticky":false,"template":"","format":"standard","meta":{"footnotes":"","_share_on_mastodon":"0"},"categories":[24],"tags":[968,97974,1278,989,269,1286,42,38,40,39,41,127,126],"class_list":["post-609343","post","type-post","status-publish","format-standard","has-post-thumbnail","category-sport","tag-argentyna","tag-jorge-messi","tag-lionel-messi","tag-pilka-na-swiecie","tag-pilka-nozna","tag-pilka-nozna-w-argentynie","tag-pl","tag-poland","tag-polish","tag-polska","tag-polski","tag-sport","tag-sports"],"share_on_mastodon":{"url":"https:\/\/pubeurope.com\/@pl\/117060262828072599","error":""},"_links":{"self":[{"href":"https:\/\/www.europesays.com\/pl\/wp-json\/wp\/v2\/posts\/609343","targetHints":{"allow":["GET"]}}],"collection":[{"href":"https:\/\/www.europesays.com\/pl\/wp-json\/wp\/v2\/posts"}],"about":[{"href":"https:\/\/www.europesays.com\/pl\/wp-json\/wp\/v2\/types\/post"}],"author":[{"embeddable":true,"href":"https:\/\/www.europesays.com\/pl\/wp-json\/wp\/v2\/users\/2"}],"replies":[{"embeddable":true,"href":"https:\/\/www.europesays.com\/pl\/wp-json\/wp\/v2\/comments?post=609343"}],"version-history":[{"count":0,"href":"https:\/\/www.europesays.com\/pl\/wp-json\/wp\/v2\/posts\/609343\/revisions"}],"wp:featuredmedia":[{"embeddable":true,"href":"https:\/\/www.europesays.com\/pl\/wp-json\/wp\/v2\/media\/609344"}],"wp:attachment":[{"href":"https:\/\/www.europesays.com\/pl\/wp-json\/wp\/v2\/media?parent=609343"}],"wp:term":[{"taxonomy":"category","embeddable":true,"href":"https:\/\/www.europesays.com\/pl\/wp-json\/wp\/v2\/categories?post=609343"},{"taxonomy":"post_tag","embeddable":true,"href":"https:\/\/www.europesays.com\/pl\/wp-json\/wp\/v2\/tags?post=609343"}],"curies":[{"name":"wp","href":"https:\/\/api.w.org\/{rel}","templated":true}]}}