{"id":609567,"date":"2026-08-08T16:26:10","date_gmt":"2026-08-08T16:26:10","guid":{"rendered":"https:\/\/www.europesays.com\/pl\/609567\/"},"modified":"2026-08-08T16:26:10","modified_gmt":"2026-08-08T16:26:10","slug":"niemcy-igraja-z-ogniem-potrzebuja-najwiecej-gazu-a-maja-go-najmniej-w-ue","status":"publish","type":"post","link":"https:\/\/www.europesays.com\/pl\/609567\/","title":{"rendered":"Niemcy igraj\u0105 z ogniem. Potrzebuj\u0105 najwi\u0119cej gazu, a maj\u0105 go najmniej w UE"},"content":{"rendered":"<p>Niemcy stanowi\u0105 najwi\u0119kszy s\u0142aby punkt dla UE, poniewa\u017c ich ogromne niedobory gazu mog\u0105 by\u0107 odczuwalne w s\u0105siednich krajach, powoduj\u0105c wzrost cen w ca\u0142ej Unii, je\u015bli nie uda si\u0119 im uzupe\u0142ni\u0107 rezerw.<\/p>\n<p>To sk\u0142oni\u0142o [kraje UE] do coraz cz\u0119stszych apeli do Berlina, by zrobi\u0142 co\u015b nie do pomy\u015blenia: bezpo\u015brednio interweniowa\u0142 i nakaza\u0142 kontrolowanym przez pa\u0144stwo gigantom energetycznym kupowa\u0107 gaz za ka\u017cd\u0105 cen\u0119, porzucaj\u0105c wieloletni\u0105 doktryn\u0119 wolnego rynku w polityce energetycznej.<\/p>\n<p>Jak dot\u0105d rz\u0105d nie ust\u0105pi\u0142, mimo \u017ce nie osi\u0105ga cel\u00f3w UE i ju\u017c w listopadzie grozi mu fizyczny niedob\u00f3r dostaw. To ryzykowne za\u0142o\u017cenie, \u017ce rynki same wszystko rozwi\u0105\u017c\u0105, nawet gdy wojna i upa\u0142y zak\u0142\u00f3caj\u0105 tradycyjne czynniki motywacyjne i wywracaj\u0105 do g\u00f3ry nogami globalne \u0142a\u0144cuchy dostaw.<\/p>\n<p>\u2014 Poziomy zapas\u00f3w s\u0105 nie tylko wyj\u0105tkowo niskie jak na t\u0119 por\u0119 roku, ale tak\u017ce historycznie niskie \u2014 m\u00f3wi Sebastian Heinermann, dyrektor zarz\u0105dzaj\u0105cy czo\u0142owego niemieckiego stowarzyszenia zajmuj\u0105cego si\u0119 magazynowaniem gazu, INES.<\/p>\n<p>Ostrzega przy tym, \u017ce Niemcy nadal opieraj\u0105 si\u0119 na przestarza\u0142ym, zorientowanym na rynek podej\u015bciu do uzupe\u0142niania swoich rezerw, nawet gdy &#8222;praktycznie nie ma ju\u017c \u017cadnych zach\u0119t rynkowo-ekonomicznych&#8221;.<\/p>\n<p><img class=\"ods-a-photo ods-a-photo--background\" src=\"https:\/\/www.europesays.com\/pl\/wp-content\/uploads\/2026\/08\/AICk9lBaHR0cHM6Ly9vY2RuLmV1L3B1bHNjbXMvTURBXy9iODg2ODQ5ZmRjOWY1NGE3MzYzMGRlZDQyOTk0YTc3NC5qcGeRkwXNB.jpeg\" height=\"627\" width=\"940\" alt=\"Gazoci\u0105g w porcie Wilhelmshaven w Niemczech\" loading=\"lazy\" fetchpriority=\"auto\" decoding=\"auto\"\/><\/p>\n<p>IZABELA MITTWOLLEN\/DPA PICTURE-ALLIANCE VIA AFP \/ AFP<\/p>\n<p>Gazoci\u0105g w porcie Wilhelmshaven w Niemczech<\/p>\n<p>Od czasu inwazji Rosji na Ukrain\u0119 w 2022 r. kraje UE s\u0105 zobowi\u0105zane do osi\u0105gni\u0119cia do zimy zapas\u00f3w gazu wynosz\u0105cych 90 proc. krajowej pojemno\u015bci magazynowej, aby zapobiec powa\u017cnym niedoborom dostaw. Po wybuchu wojny w Iranie UE obni\u017cy\u0142a ten cel do 80 proc., aby zapobiec panicznym zakupom.<\/p>\n<p>Zazwyczaj za uzupe\u0142nianie zapas\u00f3w odpowiadaj\u0105 przedsi\u0119biorstwa handlowe i dostawcy energii, kt\u00f3rzy latem kupuj\u0105 gaz po niskich cenach w celu jego magazynowania, a nast\u0119pnie sprzedaj\u0105 go zim\u0105 z zyskiem. Jednak nabywcy twierdz\u0105, \u017ce wy\u017csze ceny latem, wynikaj\u0105ce z wojny w Iranie i zmian klimatycznych, zaburzy\u0142y t\u0119 dynamik\u0119, pozostawiaj\u0105c rezerwy gazu w ca\u0142ej Unii na poziomie oko\u0142o 58 proc. krajowej pojemno\u015bci magazynowej \u2014 czyli o 16 punkt\u00f3w procentowych poni\u017cej \u015bredniej z ostatnich pi\u0119ciu lat i na najni\u017cszym poziomie od 2011 r.<\/p>\n<p>Niskie rezerwy dodatkowo zwi\u0119kszy\u0142y presj\u0119 na ceny gazu zwi\u0105zan\u0105 z ponownym nasileniem napi\u0119\u0107 w rejonie cie\u015bniny Ormuz, a europejski benchmark cen gazu ziemnego utrzymuje si\u0119 obecnie na poziomie stale wy\u017cszym ni\u017c w pierwszych czterech miesi\u0105cach wojny z Iranem.<\/p>\n<p>Komisja Europejska o\u015bwiadczy\u0142a, \u017ce Unia nie jest nara\u017cona na ryzyko zwi\u0105zane z dostawami w okresie zimowym. Jednak raport firmy analitycznej Rapidan przewiduje, \u017ce do listopada rezerwy wzrosn\u0105 jedynie do 65 proc. ca\u0142kowitej pojemno\u015bci magazynowej, argumentuj\u0105c, \u017ce osi\u0105gni\u0119cie celu UE przed zim\u0105 nie b\u0119dzie mo\u017cliwe bez &#8222;znacznie wy\u017cszych cen&#8221;.<\/p>\n<p>Analitycy twierdz\u0105, \u017ce to ryzyko pog\u0142\u0119bi\u0142a podj\u0119ta w ostatnich latach przez Uni\u0119 decyzja o zast\u0105pieniu d\u0142ugoterminowych um\u00f3w dostaw z Rosj\u0105 kr\u00f3tkoterminowymi zakupami skroplonego gazu ziemnego (LNG) na rynku \u015bwiatowym. Te transportowane drog\u0105 morsk\u0105 dostawy charakteryzuj\u0105 si\u0119 du\u017c\u0105 mobilno\u015bci\u0105 i trafiaj\u0105 do oferenta, kt\u00f3ry zaproponuje najwy\u017csz\u0105 cen\u0119 \u2014 co nara\u017ca nabywc\u00f3w na wi\u0119ksz\u0105 zmienno\u015b\u0107 na rynkach mi\u0119dzynarodowych, zw\u0142aszcza w obliczu utraty kluczowych dostaw z Kataru oraz rosn\u0105cego popytu w Azji.<\/p>\n<p>Niemcy, najwi\u0119kszy konsument gazu w Unii, zape\u0142niaj\u0105 swoje rezerwy jeszcze wolniej ni\u017c inne kraje, cz\u0119\u015bciowo ze wzgl\u0119du na bardziej liberalne, rynkowe podej\u015bcie do uzupe\u0142niania zapas\u00f3w w por\u00f3wnaniu z wieloma s\u0105siadami. W rezultacie, wed\u0142ug najnowszych danych, w sierpniu rezerwy wynosi\u0142y zaledwie 47 proc. krajowej pojemno\u015bci \u2014 to najni\u017cszy poziom zapas\u00f3w od pocz\u0105tku prowadzenia statystyk. To szczeg\u00f3lnie niepokoj\u0105ce, poniewa\u017c rezerwy tego kraju maj\u0105 kluczowe znaczenie dla ca\u0142ej Unii, stanowi\u0105c ponad 20 proc. pojemno\u015bci magazynowej UE.<\/p>\n<p>Niemniej jednak Berlin trzyma si\u0119 obranego kursu. Chocia\u017c ministerstwo energii przyzna\u0142o, \u017ce rezerwy kraju s\u0105 na historycznie niskim poziomie, odm\u00f3wi\u0142o interwencji maj\u0105cej na celu nakazanie g\u0142\u00f3wnym pa\u0144stwowym nabywcom gazu, firmom SEFE i Uniper, zakupu gazu po aktualnych cenach, by zapewni\u0107 realizacj\u0119 unijnych cel\u00f3w, zamiast czeka\u0107 na popraw\u0119 warunk\u00f3w rynkowych.<\/p>\n<blockquote class=\"ods-o-quote\">\n<p class=\"ods-o-quote__paragraph\">Za zape\u0142nienie magazyn\u00f3w na zim\u0119 odpowiedzialne s\u0105 przedsi\u0119biorstwa i podmioty handlowe. Zape\u0142nianie magazyn\u00f3w z inicjatywy rz\u0105du jeszcze bardziej ograniczy\u0142oby rynek gazu i spowodowa\u0142o dalszy wzrost cen. Sytuacja poda\u017cowa w nadchodz\u0105cych miesi\u0105cach faktycznie uleg\u0142aby pogorszeniu<\/p>\n<\/blockquote>\n<p>\u2014 twierdzi w rozmowie z serwisem Politico rzecznik niemieckiego ministerstwa energii.<\/p>\n<p>Czy to w\u0142a\u015bciwe podej\u015bcie, oka\u017ce si\u0119 zim\u0105 \u2014 odpowiada Laurent Ruseckas, starszy analityk ds. gazu w S&amp;P Global. Je\u015bli temperatury b\u0119d\u0105 niezwykle niskie jak na t\u0119 por\u0119 roku, handlowcy mog\u0105 by\u0107 zmuszeni do zakupu dodatkowych dostaw w ostatniej chwili, co spowoduje wzrost cen, zw\u0142aszcza je\u015bli cie\u015bnina Ormuz pozostanie zamkni\u0119ta. Z drugiej strony interwencja mog\u0142aby przedwcze\u015bnie podnie\u015b\u0107 ceny, gdyby zima okaza\u0142a si\u0119 \u0142agodna.<\/p>\n<blockquote class=\"ods-o-quote\">\n<p class=\"ods-o-quote__paragraph\">Je\u015bli zaczniesz kupowa\u0107 ju\u017c teraz, aby uzupe\u0142ni\u0107 zapasy do pewnego z g\u00f3ry ustalonego politycznie poziomu, podnosisz ceny ju\u017c teraz, aby zapewni\u0107 sobie zabezpieczenie przed wy\u017cszymi cenami zim\u0105, kiedy b\u0119dzie zimno<\/p>\n<\/blockquote>\n<p>\u2014 t\u0142umaczy Ruseckas.<\/p>\n<p>Niech\u0119\u0107 Niemiec do podj\u0119cia szybkich dzia\u0142a\u0144 podkre\u015bla r\u00f3wnie\u017c trudno\u015bci, jakie ma rozdrobniony sektor energetyczny UE w konkurowaniu z bardziej scentralizowanymi gospodarkami azjatyckimi, kt\u00f3re dzia\u0142a\u0142y szybciej, aby zabezpieczy\u0107 dostawy, konsekwentnie przebijaj\u0105c oferty kraj\u00f3w europejskich, nawet gdy ich rezerwy si\u0119 wyczerpuj\u0105.<\/p>\n<p>Inni ostrzegaj\u0105, \u017ce mo\u017cliwe s\u0105 r\u00f3wnie\u017c fizyczne trudno\u015bci z dostawami. Heinermann z INES ostrzega, \u017ce nawet uzupe\u0142nienie rezerw kraju do 76 proc. pojemno\u015bci niekoniecznie zaspokoi jego potrzeby dostawcze, je\u015bli zima b\u0119dzie &#8222;wyj\u0105tkowo mro\u017ana&#8221;. Mog\u0142oby to wywo\u0142a\u0107 efekt domina w s\u0105siednich krajach, kt\u00f3rym Niemcy s\u0105 zobowi\u0105zane na mocy traktatu do udzielania pomocy w sytuacjach kryzysowych w zakresie dostaw gazu, w tym w Austrii, Szwajcarii, W\u0142oszech i Danii.<\/p>\n<p>Heinermann wezwa\u0142 rz\u0105d niemiecki do zach\u0119cania do szybszego uzupe\u0142niania zapas\u00f3w poprzez obni\u017cenie op\u0142at sieciowych w magazynach gazu lub zniesienie op\u0142aty konwersyjnej, pobieranej za konwersj\u0119 gazu w krajowych sieciach. Berlin ju\u017c og\u0142osi\u0142 plany dotycz\u0105ce nowych awaryjnych zapas\u00f3w gazu, ale pokryj\u0105 one jedynie 10 proc. krajowych zapas\u00f3w, a ich uruchomienie rozpocznie si\u0119 oficjalnie latem przysz\u0142ego roku.<\/p>\n<p>Nie jest zaskoczeniem, \u017ce inni g\u0142\u00f3wni odbiorcy gazu ju\u017c zwr\u00f3cili si\u0119 ku sektorowi prywatnemu. Holandia, kolejny or\u0119downik wolnego rynku borykaj\u0105cy si\u0119 z niskimi rezerwami gazu, na pocz\u0105tku tego lata przeznaczy\u0142a 1,2 mld euro (5 mld 158 mln z\u0142) dla swojego pa\u0144stwowego przedsi\u0119biorstwa energetycznego EBN, aby szybciej uzupe\u0142ni\u0107 swoje rezerwy.<\/p>\n<p>Jednak berli\u0144scy giganci energetyczni trzymaj\u0105 si\u0119 swoich stanowisk \u2014 przynajmniej na razie.<\/p>\n<p>Dalszy ci\u0105g artyku\u0142u pod materia\u0142em wideo<\/p>\n<p>Rzecznik SEFE twierdzi w rozmowie z Politico, \u017ce mimo i\u017c &#8222;konflikty mi\u0119dzynarodowe&#8221; mog\u0105 negatywnie wp\u0142yn\u0105\u0107 na poziom europejskich rezerw, cel 70 proc. &#8222;pozostaje osi\u0105galny&#8221; bez interwencji. Wskazuje, \u017ce 78 proc. niemieckich zdolno\u015bci magazynowych zosta\u0142o ju\u017c zarezerwowanych, cho\u0107 przyznaje, \u017ce niekoniecznie przek\u0142ada si\u0119 to na rzeczywiste ilo\u015bci zmagazynowanego gazu.<\/p>\n<p>Dodaje, \u017ce \u015brodki regulacyjne mog\u0142yby by\u0107 przydatne, gdyby by\u0142y &#8222;konieczne&#8221;, ale mog\u0142yby zak\u0142\u00f3ci\u0107 rynki i zwi\u0119kszy\u0107 koszty. Nie sprecyzowa\u0142 jednak, o jakich \u015brodkach my\u015bli.<\/p>\n<p>Rzeczniczka firmy Uniper by\u0142a mniej optymistyczna, ostrzegaj\u0105c, \u017ce przy obecnym tempie nape\u0142niania &#8222;osi\u0105gni\u0119cie docelowych poziom\u00f3w magazynowania przed rozpocz\u0119ciem sezonu zimowego b\u0119dzie coraz trudniejsze&#8221;. Jednak ona r\u00f3wnie\u017c powstrzyma\u0142a si\u0119 od wezwania do interwencji, opowiadaj\u0105c si\u0119 zamiast tego za lepszymi zach\u0119tami do uzupe\u0142niania zapas\u00f3w \u2014 co odzwierciedla narastaj\u0105ce apele lobbyst\u00f3w gazowych w Brukseli o ca\u0142kowite zniesienie tych przepis\u00f3w.<\/p>\n","protected":false},"excerpt":{"rendered":"Niemcy stanowi\u0105 najwi\u0119kszy s\u0142aby punkt dla UE, poniewa\u017c ich ogromne niedobory gazu mog\u0105 by\u0107 odczuwalne w s\u0105siednich krajach,&hellip;\n","protected":false},"author":2,"featured_media":609568,"comment_status":"","ping_status":"","sticky":false,"template":"","format":"standard","meta":{"footnotes":"","_share_on_mastodon":"0"},"categories":[16],"tags":[56,113,61195,112,3087,189,4779,7490,48,295,46,42,38,40,1314,39,41,47],"class_list":["post-609567","post","type-post","status-publish","format-standard","has-post-thumbnail","category-biznes","tag-article_premium","tag-biznes","tag-bottomfeed_styl","tag-business","tag-energia","tag-europa","tag-gaz","tag-lng","tag-nat_styl","tag-niemcy","tag-omp","tag-pl","tag-poland","tag-polish","tag-politico","tag-polska","tag-polski","tag-screening_general"],"share_on_mastodon":{"url":"https:\/\/pubeurope.com\/@pl\/117060829114472280","error":""},"_links":{"self":[{"href":"https:\/\/www.europesays.com\/pl\/wp-json\/wp\/v2\/posts\/609567","targetHints":{"allow":["GET"]}}],"collection":[{"href":"https:\/\/www.europesays.com\/pl\/wp-json\/wp\/v2\/posts"}],"about":[{"href":"https:\/\/www.europesays.com\/pl\/wp-json\/wp\/v2\/types\/post"}],"author":[{"embeddable":true,"href":"https:\/\/www.europesays.com\/pl\/wp-json\/wp\/v2\/users\/2"}],"replies":[{"embeddable":true,"href":"https:\/\/www.europesays.com\/pl\/wp-json\/wp\/v2\/comments?post=609567"}],"version-history":[{"count":0,"href":"https:\/\/www.europesays.com\/pl\/wp-json\/wp\/v2\/posts\/609567\/revisions"}],"wp:featuredmedia":[{"embeddable":true,"href":"https:\/\/www.europesays.com\/pl\/wp-json\/wp\/v2\/media\/609568"}],"wp:attachment":[{"href":"https:\/\/www.europesays.com\/pl\/wp-json\/wp\/v2\/media?parent=609567"}],"wp:term":[{"taxonomy":"category","embeddable":true,"href":"https:\/\/www.europesays.com\/pl\/wp-json\/wp\/v2\/categories?post=609567"},{"taxonomy":"post_tag","embeddable":true,"href":"https:\/\/www.europesays.com\/pl\/wp-json\/wp\/v2\/tags?post=609567"}],"curies":[{"name":"wp","href":"https:\/\/api.w.org\/{rel}","templated":true}]}}