{"id":609611,"date":"2026-08-08T16:54:14","date_gmt":"2026-08-08T16:54:14","guid":{"rendered":"https:\/\/www.europesays.com\/pl\/609611\/"},"modified":"2026-08-08T16:54:14","modified_gmt":"2026-08-08T16:54:14","slug":"wyrzucili-ponad-100-komputerow-kazdy-z-48-gb-pamieci-ram","status":"publish","type":"post","link":"https:\/\/www.europesays.com\/pl\/609611\/","title":{"rendered":"Wyrzucili ponad 100 komputer\u00f3w. Ka\u017cdy z 48 GB pami\u0119ci RAM"},"content":{"rendered":"<p>U\u017cytkownik Reddita o pseudonimie ExtensionPut2939 opisa\u0142 histori\u0119 pewnej firmy, kt\u00f3ra zamyka jeden ze swoich oddzia\u0142\u00f3w, zwalniaj\u0105c wszystkich pracownik\u00f3w. Ju\u017c samo to jest przygn\u0119biaj\u0105ce, ale nie to jest sednem problemu. Sp\u00f3\u0142ka postanowi\u0142a zutylizowa\u0107 ponad 100 MacBook\u00f3w Pro, z czego ka\u017cdy ma po 48 GB pami\u0119ci RAM.<\/p>\n<p>W ramach procesu zamykania oddzia\u0142u nieokre\u015blona firma zdecydowa\u0142a si\u0119 na zniszczenie a\u017c 100 MacBook\u00f3w Pro. Co wa\u017cne, nie s\u0105 to jakie\u015b przestarza\u0142e maszyny. M\u00f3wimy o komputerach z uk\u0142adami Apple M4 i 48 GB pami\u0119ci RAM. Dla wielu os\u00f3b by\u0142by to wymarzony sprz\u0119t do pracy.<\/p>\n<p>Chocia\u017c ExtensionPut2939 twierdzi, \u017ce to dzia\u0142anie kompletnie pozbawione sensu i lepiej by\u0142oby da\u0107 te komputery zwolnionym pracownikom, to inny u\u017cytkownik zwraca uwag\u0119 na b\u0142\u0119dy w tym rozumowaniu. Zutylizowanie komputer\u00f3w mo\u017cna traktowa\u0107 jako odpis podatkowy i tym samym oszcz\u0119dno\u015b\u0107 dla firmy. Smutne, ale niestety prawdziwe. Z kolei podarowanie ich pracownikom by\u0142oby form\u0105 wynagrodzenia, od czego firma musia\u0142aby zap\u0142aci\u0107 podatek.<\/p>\n","protected":false},"excerpt":{"rendered":"U\u017cytkownik Reddita o pseudonimie ExtensionPut2939 opisa\u0142 histori\u0119 pewnej firmy, kt\u00f3ra zamyka jeden ze swoich oddzia\u0142\u00f3w, zwalniaj\u0105c wszystkich pracownik\u00f3w.&hellip;\n","protected":false},"author":2,"featured_media":609612,"comment_status":"","ping_status":"","sticky":false,"template":"","format":"standard","meta":{"footnotes":"","_share_on_mastodon":"0"},"categories":[20],"tags":[489,117524,47425,12817,120,118,119,42,38,40,39,41,116,114,115,629,121,117],"class_list":["post-609611","post","type-post","status-publish","format-standard","has-post-thumbnail","category-nauka-i-technika","tag-apple","tag-kryzys-na-rynku-pamieci","tag-kryzys-ram","tag-macbook-pro","tag-nauka","tag-nauka-i-technika","tag-naukatechnika","tag-pl","tag-poland","tag-polish","tag-polska","tag-polski","tag-science","tag-science-and-technology","tag-sciencetechnology","tag-sprzet","tag-technika","tag-technology"],"share_on_mastodon":{"url":"https:\/\/pubeurope.com\/@pl\/117060938388364215","error":""},"_links":{"self":[{"href":"https:\/\/www.europesays.com\/pl\/wp-json\/wp\/v2\/posts\/609611","targetHints":{"allow":["GET"]}}],"collection":[{"href":"https:\/\/www.europesays.com\/pl\/wp-json\/wp\/v2\/posts"}],"about":[{"href":"https:\/\/www.europesays.com\/pl\/wp-json\/wp\/v2\/types\/post"}],"author":[{"embeddable":true,"href":"https:\/\/www.europesays.com\/pl\/wp-json\/wp\/v2\/users\/2"}],"replies":[{"embeddable":true,"href":"https:\/\/www.europesays.com\/pl\/wp-json\/wp\/v2\/comments?post=609611"}],"version-history":[{"count":0,"href":"https:\/\/www.europesays.com\/pl\/wp-json\/wp\/v2\/posts\/609611\/revisions"}],"wp:featuredmedia":[{"embeddable":true,"href":"https:\/\/www.europesays.com\/pl\/wp-json\/wp\/v2\/media\/609612"}],"wp:attachment":[{"href":"https:\/\/www.europesays.com\/pl\/wp-json\/wp\/v2\/media?parent=609611"}],"wp:term":[{"taxonomy":"category","embeddable":true,"href":"https:\/\/www.europesays.com\/pl\/wp-json\/wp\/v2\/categories?post=609611"},{"taxonomy":"post_tag","embeddable":true,"href":"https:\/\/www.europesays.com\/pl\/wp-json\/wp\/v2\/tags?post=609611"}],"curies":[{"name":"wp","href":"https:\/\/api.w.org\/{rel}","templated":true}]}}