{"id":609641,"date":"2026-08-08T17:18:08","date_gmt":"2026-08-08T17:18:08","guid":{"rendered":"https:\/\/www.europesays.com\/pl\/609641\/"},"modified":"2026-08-08T17:18:08","modified_gmt":"2026-08-08T17:18:08","slug":"dzieli-ich-20-lat-znana-polska-para-powitala-swoje-drugie-dziecko","status":"publish","type":"post","link":"https:\/\/www.europesays.com\/pl\/609641\/","title":{"rendered":"Dzieli ich 20 lat. Znana polska para powita\u0142a swoje drugie dziecko"},"content":{"rendered":"<p>Karolina Bojar kilka lat temu skrad\u0142a serce s\u0119dziego pi\u0142karskiego Daniela Stefa\u0144skiego, kt\u00f3ry jest od niej 20 lat starszy. Poznali si\u0119 w pracy, wi\u0119c mo\u017cna powiedzie\u0107, \u017ce po\u0142\u0105czy\u0142a ich wsp\u00f3lna pasja. Zakochani zar\u0119czyli si\u0119 w styczniu 2020 r. podczas wakacji w Tajlandii, a kilka miesi\u0119cy p\u00f3\u017aniej stan\u0119li na \u015blubnym kobiercu na Santorini.<\/p>\n<p>Dalszy ci\u0105g artyku\u0142u pod materia\u0142em wideo<\/p>\n<p>&#8222;Za siedmioma g\u00f3rami, za siedmioma lasami, nad santory\u0144sk\u0105 kalder\u0105, 10 min po trz\u0119sieniu ziemi, napisali\u015bmy kolejny rozdzia\u0142 naszej love story [z ang. historii mi\u0142o\u015bci]. Kocham ci\u0119, m\u0119\u017cu!&#8221; \u2014 pisa\u0142a wtedy kobieta w swoich mediach spo\u0142eczno\u015bciowych.<\/p>\n<p><a href=\"https:\/\/przegladsportowy.onet.pl\/\" title=\"Strona g\u0142\u00f3wna serwisu\" aria-label=\"Strona g\u0142\u00f3wna serwisu\" data-astro-prefetch=\"tap\" class=\"ods-a-logo-main-desktop\" rel=\"nofollow noopener\" target=\"_blank\"><img src=\"https:\/\/cdn.przegladsportowy.onet.pl\/img\/Logo_desktop_Onet.svg\" class=\"ods-a-logo-main-desktop__image\" alt=\"Logo\" width=\"107\" height=\"60\" fetchpriority=\"high\" decoding=\"sync\" style=\"height:60px\"\/><\/a><\/p>\n<p class=\"ods-m-google-article__text\">Czytaj nas cz\u0119\u015bciej w Google<\/p>\n<p><a href=\"https:\/\/google.com\/preferences\/source?q=przegladsportowy.onet.pl\" target=\"_blank\" rel=\"noopener noreferrer nofollow\" aria-label=\"Dodaj w Google\" title=\"Dodaj w Google\" class=\"ods-a-button ods-a-button__primary ods-a-button__default ods-a-button-l\">Dodaj w Google<\/a>Karolina Bojar-Stefa\u0144ska ponownie zosta\u0142a mam\u0105. Urodzi\u0142a syna<\/p>\n<p>25 stycznia 2025 r. ma\u0142\u017ce\u0144stwo powita\u0142o na \u015bwiecie swoje pierwsze dziecko \u2014 c\u00f3rk\u0119, kt\u00f3rej nada\u0142o imi\u0119 R\u00f3\u017ca.<\/p>\n<p>Kilka dni temu na \u015bwiecie pojawi\u0142 si\u0119 drugi potomek pary \u2014 ch\u0142opiec, kt\u00f3remu nadano imi\u0119 Igna\u015b. &#8222;4 sierpnia 2026 roku, w zaledwie p\u00f3\u0142 godziny, nasze \u017cycie zn\u00f3w wype\u0142ni\u0142o si\u0119 najpi\u0119kniejsz\u0105 z mi\u0142o\u015bci. Witaj na \u015bwiecie, kochany Ignasiu \ud83e\ude75\ud83e\uddf8&#8221; \u2014 napisa\u0142a Bojar-Stefa\u0144ska na Instagramie. Do posta doda\u0142a zdj\u0119cie, na kt\u00f3rym wida\u0107 malutk\u0105 r\u0105czk\u0119 ch\u0142opca.<\/p>\n","protected":false},"excerpt":{"rendered":"Karolina Bojar kilka lat temu skrad\u0142a serce s\u0119dziego pi\u0142karskiego Daniela Stefa\u0144skiego, kt\u00f3ry jest od niej 20 lat starszy.&hellip;\n","protected":false},"author":2,"featured_media":609642,"comment_status":"","ping_status":"","sticky":false,"template":"","format":"standard","meta":{"footnotes":"","_share_on_mastodon":"0"},"categories":[12],"tags":[61195,33868,33870,48,129,46,948,42,38,40,39,41,47,130],"class_list":["post-609641","post","type-post","status-publish","format-standard","has-post-thumbnail","category-polska","tag-bottomfeed_styl","tag-daniel_stefanski","tag-karolina_bojar_stefanska","tag-nat_styl","tag-ofsajd","tag-omp","tag-pilka_nozna","tag-pl","tag-poland","tag-polish","tag-polska","tag-polski","tag-screening_general","tag-wiadomosci_sportowe"],"share_on_mastodon":{"url":"https:\/\/pubeurope.com\/@pl\/117061032999911830","error":""},"_links":{"self":[{"href":"https:\/\/www.europesays.com\/pl\/wp-json\/wp\/v2\/posts\/609641","targetHints":{"allow":["GET"]}}],"collection":[{"href":"https:\/\/www.europesays.com\/pl\/wp-json\/wp\/v2\/posts"}],"about":[{"href":"https:\/\/www.europesays.com\/pl\/wp-json\/wp\/v2\/types\/post"}],"author":[{"embeddable":true,"href":"https:\/\/www.europesays.com\/pl\/wp-json\/wp\/v2\/users\/2"}],"replies":[{"embeddable":true,"href":"https:\/\/www.europesays.com\/pl\/wp-json\/wp\/v2\/comments?post=609641"}],"version-history":[{"count":0,"href":"https:\/\/www.europesays.com\/pl\/wp-json\/wp\/v2\/posts\/609641\/revisions"}],"wp:featuredmedia":[{"embeddable":true,"href":"https:\/\/www.europesays.com\/pl\/wp-json\/wp\/v2\/media\/609642"}],"wp:attachment":[{"href":"https:\/\/www.europesays.com\/pl\/wp-json\/wp\/v2\/media?parent=609641"}],"wp:term":[{"taxonomy":"category","embeddable":true,"href":"https:\/\/www.europesays.com\/pl\/wp-json\/wp\/v2\/categories?post=609641"},{"taxonomy":"post_tag","embeddable":true,"href":"https:\/\/www.europesays.com\/pl\/wp-json\/wp\/v2\/tags?post=609641"}],"curies":[{"name":"wp","href":"https:\/\/api.w.org\/{rel}","templated":true}]}}