{"id":609653,"date":"2026-08-08T17:24:10","date_gmt":"2026-08-08T17:24:10","guid":{"rendered":"https:\/\/www.europesays.com\/pl\/609653\/"},"modified":"2026-08-08T17:24:10","modified_gmt":"2026-08-08T17:24:10","slug":"ikea-go-przecenila-na-999-zl-normalnie-chcieli-5999-zl","status":"publish","type":"post","link":"https:\/\/www.europesays.com\/pl\/609653\/","title":{"rendered":"Ikea go przeceni\u0142a na 9,99 z\u0142. Normalnie chcieli 59,99 z\u0142"},"content":{"rendered":"<p>Tworzenie tak zwanego \u201esmart home\u201d, czyli inteligentnego domu, potrafi kosztowa\u0107 naprawd\u0119 ma\u0142y maj\u0105tek. Teraz jeden z element\u00f3w jest o wiele taniej, ni\u017c zazwyczaj.<\/p>\n<p>Wygodne sterowanie o\u015bwietleniem w salonie czy sypialni bez konieczno\u015bci wstawania z kanapy to ogromny komfort, zw\u0142aszcza wieczorami. Zwykle jednak inteligentne przyciski i regulatory \u015bciemniania do \u017car\u00f3wek wi\u0105\u017c\u0105 si\u0119 ze sporym wydatkiem.<\/p>\n<p>Tym razem szwedzka sie\u0107 wypu\u015bci\u0142a pot\u0119\u017cn\u0105 wyprzeda\u017c na akcesoria do inteligentnego domu, \u015bcinaj\u0105c ceny a\u017c o 83 procent. Pilot Zigbee kupicie po 9,99 z\u0142 zamiast 59,99 z\u0142.<\/p>\n<p>Przechodz\u0105c obok dzia\u0142u z o\u015bwietleniem rzuci\u0142a mi si\u0119 w oczy spora przecena na jeden z pilot\u00f3w. Jego regularna cena wynosi\u0142a 59,99 z\u0142, ale na cen\u00f3wce pojawi\u0142a si\u0119 odr\u0119cznie napisana kwota\u2026 9,99 z\u0142.<\/p>\n<p>Za nieca\u0142\u0105 dyszk\u0119 dostajemy pilot dzia\u0142aj\u0105cy w standardzie Zigbee. To oznacza, \u017ce wsp\u00f3\u0142pracuje nie tylko ze sterownikami Ikea DIRIGERA czy TRADFRI, ale po sparowaniu bez problemu dogaduje si\u0119 te\u017c z innymi popularnymi systemami inteligentnego domu.<\/p>\n<p><a href=\"https:\/\/boop.pl\/img\/#https:\/\/img.boop.pl\/uploads\/2026\/08\/210408593126-ikea-go-przecenila-na-999-zl-normal.jpg?class=full\" data-no-instant=\"\" rel=\"noopener nofollow\" aria-label=\"Obrazek 632x853\" target=\"_blank\"><img decoding=\"async\" loading=\"lazy\" class=\"aligncenter size-full img-440082\" src=\"https:\/\/www.europesays.com\/pl\/wp-content\/uploads\/2026\/08\/210408593126-ikea-go-przecenila-na-999-zl-normal.jpg\"   width=\"632\" height=\"853\" alt=\"\"\/><\/a><\/p>\n<p>Dzi\u0119ki magnetycznemu uchwytowi mo\u017cna go \u0142atwo zamontowa\u0107 na \u015bcianie zamiast klasycznego w\u0142\u0105cznika albo po prostu trzyma\u0107 pod r\u0119k\u0105 na stoliku kawowym.<\/p>\n<p>To jeden z tych zakup\u00f3w, kt\u00f3re po prostu sprawiaj\u0105 ogromn\u0105 frajd\u0119 i pozwalaj\u0105 unowocze\u015bni\u0107 mieszkanie dos\u0142ownie za bezcen. Nie ma limit\u00f3w, wi\u0119c ludzie b\u0119d\u0105 brali tyle, ile im potrzebne.<\/p>\n","protected":false},"excerpt":{"rendered":"Tworzenie tak zwanego \u201esmart home\u201d, czyli inteligentnego domu, potrafi kosztowa\u0107 naprawd\u0119 ma\u0142y maj\u0105tek. Teraz jeden z element\u00f3w jest&hellip;\n","protected":false},"author":2,"featured_media":609654,"comment_status":"","ping_status":"","sticky":false,"template":"","format":"standard","meta":{"footnotes":"","_share_on_mastodon":"0"},"categories":[20],"tags":[3103,2848,120,118,119,42,38,40,39,41,862,116,114,115,121,117],"class_list":["post-609653","post","type-post","status-publish","format-standard","has-post-thumbnail","category-nauka-i-technika","tag-dla-ciebie","tag-ikea","tag-nauka","tag-nauka-i-technika","tag-naukatechnika","tag-pl","tag-poland","tag-polish","tag-polska","tag-polski","tag-promocje","tag-science","tag-science-and-technology","tag-sciencetechnology","tag-technika","tag-technology"],"share_on_mastodon":{"url":"https:\/\/pubeurope.com\/@pl\/117061056259393469","error":""},"_links":{"self":[{"href":"https:\/\/www.europesays.com\/pl\/wp-json\/wp\/v2\/posts\/609653","targetHints":{"allow":["GET"]}}],"collection":[{"href":"https:\/\/www.europesays.com\/pl\/wp-json\/wp\/v2\/posts"}],"about":[{"href":"https:\/\/www.europesays.com\/pl\/wp-json\/wp\/v2\/types\/post"}],"author":[{"embeddable":true,"href":"https:\/\/www.europesays.com\/pl\/wp-json\/wp\/v2\/users\/2"}],"replies":[{"embeddable":true,"href":"https:\/\/www.europesays.com\/pl\/wp-json\/wp\/v2\/comments?post=609653"}],"version-history":[{"count":0,"href":"https:\/\/www.europesays.com\/pl\/wp-json\/wp\/v2\/posts\/609653\/revisions"}],"wp:featuredmedia":[{"embeddable":true,"href":"https:\/\/www.europesays.com\/pl\/wp-json\/wp\/v2\/media\/609654"}],"wp:attachment":[{"href":"https:\/\/www.europesays.com\/pl\/wp-json\/wp\/v2\/media?parent=609653"}],"wp:term":[{"taxonomy":"category","embeddable":true,"href":"https:\/\/www.europesays.com\/pl\/wp-json\/wp\/v2\/categories?post=609653"},{"taxonomy":"post_tag","embeddable":true,"href":"https:\/\/www.europesays.com\/pl\/wp-json\/wp\/v2\/tags?post=609653"}],"curies":[{"name":"wp","href":"https:\/\/api.w.org\/{rel}","templated":true}]}}