{"id":609665,"date":"2026-08-08T17:34:21","date_gmt":"2026-08-08T17:34:21","guid":{"rendered":"https:\/\/www.europesays.com\/pl\/609665\/"},"modified":"2026-08-08T17:34:21","modified_gmt":"2026-08-08T17:34:21","slug":"duda-i-komorowski-odmawiali-nawrocki-pojawi-sie-tam-w-niedziele","status":"publish","type":"post","link":"https:\/\/www.europesays.com\/pl\/609665\/","title":{"rendered":"Duda i Komorowski odmawiali. Nawrocki pojawi si\u0119 tam w niedziel\u0119"},"content":{"rendered":"<p>Organizatorzy Tour de Pologne o obecno\u015b\u0107 prezydenta zabiegali od dawna. Pierwotnie Karol Nawrocki mia\u0142 si\u0119 pojawi\u0107 w rodzinnym Tr\u00f3jmie\u015bcie, na starcie wy\u015bcigu. Tego nie uda\u0142o si\u0119 zorganizowa\u0107. Jak si\u0119 dowiedzieli\u015bmy, potwierdzona jest obecno\u015b\u0107 prezydenta w niedziel\u0119 w Wieliczce, na ostatnim etapie. W jego delegacji ma przyjecha\u0107 oko\u0142o 30 os\u00f3b.<\/p>\n<p>Dalszy ci\u0105g artyku\u0142u pod materia\u0142em wideo\u2013 My zawsze byli\u015bmy apolityczni. Czy prezydentem by\u0142 Kaczy\u0144ski, czy Komorowski, czy Duda, to zawsze znalaz\u0142e\u015b jego patronat wypisany na pierwszej stronie ksi\u0105\u017cki wy\u015bcigu. I mam nadziej\u0119, \u017ce tak b\u0119dzie zawsze. Bo to jest g\u0142owa pa\u0144stwa, przez kt\u00f3re jedziemy. Wybrana przez wi\u0119kszo\u015b\u0107 Polak\u00f3w \u2013 m\u00f3wi\u0142 Czes\u0142aw Lang kilka dni temu <a href=\"https:\/\/przegladsportowy.onet.pl\/kolarstwo\/tour-de-pologne\/tour-de-pologne-byl-juz-marka-upadla-potezne-dlugi-oto-co-zrobil-czeslaw-lang\/nf3gvt2\" id=\"6baf111e-44b8-4933-830b-11a086e20be7\" rel=\"nofollow noopener\" target=\"_blank\">w rozmowie z PS Onet<\/a>.<a href=\"https:\/\/przegladsportowy.onet.pl\/\" title=\"Strona g\u0142\u00f3wna serwisu\" aria-label=\"Strona g\u0142\u00f3wna serwisu\" data-astro-prefetch=\"tap\" class=\"ods-a-logo-main-desktop\" rel=\"nofollow noopener\" target=\"_blank\"><img src=\"https:\/\/cdn.przegladsportowy.onet.pl\/img\/Logo_desktop_Onet.svg\" class=\"ods-a-logo-main-desktop__image\" alt=\"Logo\" width=\"107\" height=\"60\" fetchpriority=\"high\" decoding=\"sync\" style=\"height:60px\"\/><\/a><\/p>\n<p class=\"ods-m-google-article__text\">Czytaj nas cz\u0119\u015bciej w Google<\/p>\n<p><a href=\"https:\/\/google.com\/preferences\/source?q=przegladsportowy.onet.pl\" target=\"_blank\" rel=\"noopener noreferrer nofollow\" aria-label=\"Dodaj w Google\" title=\"Dodaj w Google\" class=\"ods-a-button ods-a-button__primary ods-a-button__default ods-a-button-l\">Dodaj w Google<\/a>Karol Nawrocki b\u0119dzie na finale Tour de Pologne. Wr\u0119czy puchar zwyci\u0119zcy<\/p>\n<p>Prezydent RP zaproszenie na Tour de Pologne otrzymywa\u0142 zawsze. Andrzej Duda nigdy jednak z niej nie skorzysta\u0142, podobnie jak wcze\u015bniej Bronis\u0142aw Komorowski. Organizatorzy wy\u015bcigu nie ukrywaj\u0105, \u017ce decyzja Karola Nawrockiego to dla nich ogromna nobilitacja. Jednocze\u015bnie spore logistyczne wyzwanie.<\/p>\n<p>Tour de Pologne to oko\u0142o 150 kolarzy, drugie tyle cz\u0142onk\u00f3w ekip, setki dziennikarzy, tysi\u0105ce kibic\u00f3w i transmisja telewizyjna. Impreza do zabezpieczenia bardzo trudna. Zw\u0142aszcza gdy prezydent chce si\u0119 pojawi\u0107 na otwartej scenie.<\/p>\n<p>\u2013 Przekazali\u015bmy do SOP numery rejestracyjne wszystkich pojazd\u00f3w uprawnionych do wjazdu na tras\u0119, nazwiska akredytowanych os\u00f3b, szczeg\u00f3\u0142y realizacji telewizyjnej, wraz z trasami dron\u00f3w i helikopter\u00f3w. Mn\u00f3stwo drobiazg\u00f3w, ale to kompletnie zrozumia\u0142e. Rozumiemy rang\u0119 wizyty \u2013 s\u0142yszymy od przedstawiciela organizator\u00f3w.<\/p>\n<p>Wiadomo, \u017ce Karol Nawrocki wyjdzie na scen\u0119 podczas ceremonii dekoracji, by wr\u0119czy\u0107 puchar zwyci\u0119zcy 83. edycji Tour de Pologne. W oficjalnej ksi\u0105\u017cce wy\u015bcigu prezydent opublikowa\u0142 sw\u00f3j list.<\/p>\n<p>Czytamy w nim m.in.: &#8222;Obecna pozycja Tour de Pologne w \u015bwiatowym kolarstwie to wielki sukces organizator\u00f3w. Dzi\u0119kuj\u0119 za ogromny wysi\u0142ek, kt\u00f3ry przynosi tak znakomite owoce. Szczeg\u00f3lne wyrazy uznania kieruj\u0119 do dyrektora wy\u015bcigu Czes\u0142awa Langa, kt\u00f3ry ju\u017c od ponad 30 lat sprawuje piecz\u0119 nad tym wydarzeniem (&#8230;) Historia Tour de Pologne splata si\u0119 z histori\u0105 wolnej Polski&#8221;.<\/p>\n","protected":false},"excerpt":{"rendered":"Organizatorzy Tour de Pologne o obecno\u015b\u0107 prezydenta zabiegali od dawna. Pierwotnie Karol Nawrocki mia\u0142 si\u0119 pojawi\u0107 w rodzinnym&hellip;\n","protected":false},"author":2,"featured_media":609666,"comment_status":"","ping_status":"","sticky":false,"template":"","format":"standard","meta":{"footnotes":"","_share_on_mastodon":"0"},"categories":[52122],"tags":[2159,61195,46161,43,3526,48,46,6010,752,42,38,40,39,41,47,12418],"class_list":["post-609665","post","type-post","status-publish","format-standard","has-post-thumbnail","category-pko-bank-polski","tag-andrzej_duda","tag-bottomfeed_styl","tag-czeslaw_lang","tag-karol_nawrocki","tag-kolarstwo","tag-nat_styl","tag-omp","tag-pko-bank-polski","tag-pko-bp","tag-pl","tag-poland","tag-polish","tag-polska","tag-polski","tag-screening_general","tag-tour_de_pologne"],"share_on_mastodon":{"url":"https:\/\/pubeurope.com\/@pl\/117061096393404841","error":""},"_links":{"self":[{"href":"https:\/\/www.europesays.com\/pl\/wp-json\/wp\/v2\/posts\/609665","targetHints":{"allow":["GET"]}}],"collection":[{"href":"https:\/\/www.europesays.com\/pl\/wp-json\/wp\/v2\/posts"}],"about":[{"href":"https:\/\/www.europesays.com\/pl\/wp-json\/wp\/v2\/types\/post"}],"author":[{"embeddable":true,"href":"https:\/\/www.europesays.com\/pl\/wp-json\/wp\/v2\/users\/2"}],"replies":[{"embeddable":true,"href":"https:\/\/www.europesays.com\/pl\/wp-json\/wp\/v2\/comments?post=609665"}],"version-history":[{"count":0,"href":"https:\/\/www.europesays.com\/pl\/wp-json\/wp\/v2\/posts\/609665\/revisions"}],"wp:featuredmedia":[{"embeddable":true,"href":"https:\/\/www.europesays.com\/pl\/wp-json\/wp\/v2\/media\/609666"}],"wp:attachment":[{"href":"https:\/\/www.europesays.com\/pl\/wp-json\/wp\/v2\/media?parent=609665"}],"wp:term":[{"taxonomy":"category","embeddable":true,"href":"https:\/\/www.europesays.com\/pl\/wp-json\/wp\/v2\/categories?post=609665"},{"taxonomy":"post_tag","embeddable":true,"href":"https:\/\/www.europesays.com\/pl\/wp-json\/wp\/v2\/tags?post=609665"}],"curies":[{"name":"wp","href":"https:\/\/api.w.org\/{rel}","templated":true}]}}