{"id":609904,"date":"2026-08-08T20:31:09","date_gmt":"2026-08-08T20:31:09","guid":{"rendered":"https:\/\/www.europesays.com\/pl\/609904\/"},"modified":"2026-08-08T20:31:09","modified_gmt":"2026-08-08T20:31:09","slug":"zuzel-bartosz-zmarzlik-znow-liderem-sprawdz-aktualna-klasyfikacje-generalna-grand-prix","status":"publish","type":"post","link":"https:\/\/www.europesays.com\/pl\/609904\/","title":{"rendered":"\u017bu\u017cel. Bartosz Zmarzlik zn\u00f3w liderem! Sprawd\u017a aktualn\u0105 klasyfikacj\u0119 generaln\u0105 Grand Prix!"},"content":{"rendered":"\n<p class=\"contentpart contentpart--default contentpart--text\" data-position=\"0\">Reprezentant Polski odpowiedzia\u0142 swoim najgro\u017aniejszym rywalom w walce o mistrzowski tytu\u0142 w najlepszy mo\u017cliwy spos\u00f3b. Po tym, jak tydzie\u0144 temu zaj\u0105\u0142 &#8222;dopiero&#8221; sz\u00f3ste miejsce w GP Polski w \u0141odzi, w turnieju w Rydze okaza\u0142 si\u0119 najlepszy, inkasuj\u0105c maksymaln\u0105 liczb\u0119 punkt\u00f3w.<\/p>\n<p class=\"contentpart contentpart--default contentpart--text\" data-position=\"1\">Jako \u017ce <a href=\"https:\/\/sportowefakty.wp.pl\/zuzel\/bartosz-zmarzlik\" rel=\"nofollow noopener\" target=\"_blank\">Bartosz Zmarzlik<\/a>\u00a0do <a href=\"https:\/\/sportowefakty.wp.pl\/zuzel\/gp-lotwy\" rel=\"nofollow noopener\" target=\"_blank\">GP \u0141otwy<\/a>\u00a0przyst\u0105pi\u0142 z takim samym dorobkiem punktowym co <a href=\"https:\/\/sportowefakty.wp.pl\/zuzel\/brady-kurtz\" rel=\"nofollow noopener\" target=\"_blank\">Brady Kurtz<\/a>\u00a0(z plastronem lidera jecha\u0142 na ryskim owalu australijski zawodnik), to on najbli\u017csze tygodnie sp\u0119dzi na szczycie klasyfikacji generalnej Indywidualnych Mistrzostw \u015awiata 2026. Dodajmy te\u017c, \u017ce zosta\u0142 pierwszym w tej edycji \u017cu\u017clowcem z dwoma turniejowymi triumfami. W poprzednich siedmiu by\u0142o bowiem siedmiu r\u00f3\u017cnych zwyci\u0119zc\u00f3w. Wcze\u015bniej 31-latek taki sam sukces odni\u00f3s\u0142 w czerwcu we Wroc\u0142awiu.<\/p>\n<p>  <img decoding=\"async\" src=\"https:\/\/v.wpimg.pl\/X3dwLnN2d1IFFTpdYUl6R0ZNbgcnEHQREVV2TGEGbUtRT2MdOlZ2RBQUKABgQjQcDRotCStBd1IAAWMeIlM7VgwYIAorQAdEFFk_GCkQJQ\" alt=\"\" width=\"45\" height=\"58\" loading=\"lazy\"\/>  <\/p>\n<p class=\"contentpart contentpart--default contentpart--text\" data-position=\"2\">ZOBACZ WIDEO: &#8222;Ja si\u0119 nie poddam&#8221;. Jasny przekaz Patricka Hansena<\/p>\n<p class=\"contentpart contentpart--default contentpart--text\" data-position=\"4\">Wspomniany Kurtz zaj\u0105\u0142 na Bikernieku trzeci\u0105 pozycj\u0119, czyli straci\u0142 do zwyci\u0119zcy cztery &#8222;oczka&#8221;. Na drugiej uplasowa\u0142 si\u0119\u00a0<a href=\"https:\/\/sportowefakty.wp.pl\/zuzel\/robert-lambert\" rel=\"nofollow noopener\" target=\"_blank\">Robert Lambert<\/a>, a wi\u0119c trzeci kandydat do z\u0142otego medalu. Strata Brytyjczyka do Polaka jest ju\u017c jednak ca\u0142kiem spora jak na to, \u017ce pomi\u0119dzy ca\u0142ym tym gronem r\u00f3\u017cnic\u0119 podczas ostatnich kilku rund by\u0142y raczej minimalne.<\/p>\n<p class=\"contentpart contentpart--default contentpart--text\" data-position=\"5\">Miejsce w TOP7 w sobotni wiecz\u00f3r ugruntowali <a href=\"https:\/\/sportowefakty.wp.pl\/zuzel\/patryk-dudek\" rel=\"nofollow noopener\" target=\"_blank\">Patryk Dudek<\/a>\u00a0i <a href=\"https:\/\/sportowefakty.wp.pl\/zuzel\/kacper-woryna\" rel=\"nofollow noopener\" target=\"_blank\">Kacper Woryna<\/a>. Dwaj kolejni reprezentanci naszego kraju s\u0105 na dobrej drodze do tego, by w uko\u0144czy\u0107 cykl nad tzw. kresk\u0105. Realnych szans na to nie ma czwarty z polskich sta\u0142ych uczestnik\u00f3w, czyli\u00a0<a href=\"https:\/\/sportowefakty.wp.pl\/zuzel\/dominik-kubera\" rel=\"nofollow noopener\" target=\"_blank\">Dominik Kubera<\/a>. On w Rydze by\u0142 nieobecny z powodu kontuzji.<\/p>\n<p class=\"contentpart contentpart--default contentpart--text\" data-position=\"6\">Dziewi\u0105ty i zarazem przedostatni turniej <a href=\"https:\/\/sportowefakty.wp.pl\/zuzel\/sgpims\" rel=\"nofollow noopener\" target=\"_blank\">Grand Prix<\/a>\u00a02026 odb\u0119dzie si\u0119 12 wrze\u015bnia w Vojens. W GP Danii z &#8222;dzik\u0105 kart\u0105&#8221; wystartuje <a href=\"https:\/\/sportowefakty.wp.pl\/zuzel\/frederik-jakobsen\" rel=\"nofollow noopener\" target=\"_blank\">Frederik Jakobsen<\/a>. Ostatni\u0105 imprez\u0119 sezonu zaplanowano z kolei na 26 wrze\u015bnia w Toruniu, gdzie wszystko stanie si\u0119 ju\u017c ca\u0142kowicie jasne.<\/p>\n<p>  <img decoding=\"async\" src=\"https:\/\/v.wpimg.pl\/X3dwLnN2d1IFFTpdYUl6R0ZNbgcnEHQREVV2TGEGbUtRT2MdOlZ2RBQUKABgQjQcDRotCStBd1IAAWMeIlM7VgwYIAorQAdEFFk_GCkQJQ\" alt=\"\" width=\"45\" height=\"58\" loading=\"lazy\"\/>  <\/p>\n<p class=\"contentpart contentpart--default contentpart--text\" data-position=\"7\">Klasyfikacja generalna Speedway Grand Prix 2026:<\/p>\n","protected":false},"excerpt":{"rendered":"Reprezentant Polski odpowiedzia\u0142 swoim najgro\u017aniejszym rywalom w walce o mistrzowski tytu\u0142 w najlepszy mo\u017cliwy spos\u00f3b. Po tym, jak&hellip;\n","protected":false},"author":2,"featured_media":609905,"comment_status":"","ping_status":"","sticky":false,"template":"","format":"standard","meta":{"footnotes":"","_share_on_mastodon":"0"},"categories":[24],"tags":[780,2163,3416,90731,120668,10444,2518,42,38,40,39,41,3413,748,127,126,174],"class_list":["post-609904","post","type-post","status-publish","format-standard","has-post-thumbnail","category-sport","tag-bartosz-zmarzlik","tag-brady-kurtz","tag-dominik-kubera","tag-frederik-jakobsen","tag-gp-lotwy","tag-kacper-woryna","tag-patryk-dudek","tag-pl","tag-poland","tag-polish","tag-polska","tag-polski","tag-robert-lambert","tag-sgp-ims","tag-sport","tag-sports","tag-zuzel"],"share_on_mastodon":{"url":"","error":""},"_links":{"self":[{"href":"https:\/\/www.europesays.com\/pl\/wp-json\/wp\/v2\/posts\/609904","targetHints":{"allow":["GET"]}}],"collection":[{"href":"https:\/\/www.europesays.com\/pl\/wp-json\/wp\/v2\/posts"}],"about":[{"href":"https:\/\/www.europesays.com\/pl\/wp-json\/wp\/v2\/types\/post"}],"author":[{"embeddable":true,"href":"https:\/\/www.europesays.com\/pl\/wp-json\/wp\/v2\/users\/2"}],"replies":[{"embeddable":true,"href":"https:\/\/www.europesays.com\/pl\/wp-json\/wp\/v2\/comments?post=609904"}],"version-history":[{"count":0,"href":"https:\/\/www.europesays.com\/pl\/wp-json\/wp\/v2\/posts\/609904\/revisions"}],"wp:featuredmedia":[{"embeddable":true,"href":"https:\/\/www.europesays.com\/pl\/wp-json\/wp\/v2\/media\/609905"}],"wp:attachment":[{"href":"https:\/\/www.europesays.com\/pl\/wp-json\/wp\/v2\/media?parent=609904"}],"wp:term":[{"taxonomy":"category","embeddable":true,"href":"https:\/\/www.europesays.com\/pl\/wp-json\/wp\/v2\/categories?post=609904"},{"taxonomy":"post_tag","embeddable":true,"href":"https:\/\/www.europesays.com\/pl\/wp-json\/wp\/v2\/tags?post=609904"}],"curies":[{"name":"wp","href":"https:\/\/api.w.org\/{rel}","templated":true}]}}