{"id":610152,"date":"2026-08-08T23:38:25","date_gmt":"2026-08-08T23:38:25","guid":{"rendered":"https:\/\/www.europesays.com\/pl\/610152\/"},"modified":"2026-08-08T23:38:25","modified_gmt":"2026-08-08T23:38:25","slug":"sandra-kubicka-zamierza-poddac-sie-blefaroplastyce-za-12-dni-operacja","status":"publish","type":"post","link":"https:\/\/www.europesays.com\/pl\/610152\/","title":{"rendered":"Sandra Kubicka zamierza podda\u0107 si\u0119 blefaroplastyce. &#8222;Za 12 dni operacja&#8221;"},"content":{"rendered":"<p>Gdy <a href=\"https:\/\/plejada.pl\/temat\/sandra-kubicka\/cdfldwm\" id=\"2439eebd-8942-4670-a460-6952e991322d\" rel=\"nofollow noopener\" target=\"_blank\">Sandra Kubicka<\/a> by\u0142a nastolatk\u0105, wyprowadzi\u0142a si\u0119 za ocean i w\u0142a\u015bnie tam zacz\u0119\u0142a si\u0119 jej przygoda z modelingiem. Najpierw bra\u0142a udzia\u0142 w sesjach dla marek odzie\u017cowych, a nast\u0119pnie zacz\u0119\u0142a pojawia\u0107 si\u0119 w kampaniach reklamowych i komercyjnych projektach. Celebrytka ma na koncie r\u00f3wnie\u017c kilka sesji zdj\u0119ciowych dla magazyn\u00f3w, takich jak &#8222;Playboy&#8221; czy &#8222;Galmour&#8221;.Dalszy ci\u0105g artyku\u0142u pod materia\u0142em wideo<\/p>\n<p>Celebrytka wr\u00f3ci\u0142a do Polski kilka lat temu, a w rodzimym show-biznesie zas\u0142yn\u0119\u0142a za spraw\u0105 medialnego zwi\u0105zku z Aleksandrem Milwiw-Baronem, kt\u00f3ry jaki\u015b czas temu zako\u0144czy\u0142 si\u0119 g\u0142o\u015bnym rozwodem. Obecnie Kubicka robi karier\u0119 w mediach spo\u0142eczno\u015bciowych, a na samym Instagramie obserwuj\u0105 j\u0105 ponad milion os\u00f3b.<\/p>\n<p><a href=\"https:\/\/www.onet.pl\/\" title=\"Strona G\u0142\u00f3wna\" aria-label=\"Strona G\u0142\u00f3wna\" data-astro-prefetch=\"tap\" class=\"ods-a-logo-main-desktop\" rel=\"nofollow noopener\" target=\"_blank\"><img src=\"https:\/\/cdn.wiadomosci.onet.pl\/img\/Logo_desktop_Onet.svg\" class=\"ods-a-logo-main-desktop__image\" alt=\"Logo\" width=\"107\" height=\"60\" fetchpriority=\"high\" decoding=\"sync\" style=\"height:60px\"\/><\/a><\/p>\n<p class=\"ods-m-google-article__text\">Czytaj nas cz\u0119\u015bciej w Google<\/p>\n<p><a href=\"https:\/\/google.com\/preferences\/source?q=onet.pl\" target=\"_blank\" rel=\"noopener noreferrer nofollow\" aria-label=\"Dodaj w Google\" title=\"Dodaj w Google\" class=\"ods-a-button ods-a-button__primary ods-a-button__default ods-a-button-l\">Dodaj w Google<\/a>Sandra Kubicka podda si\u0119 blefaroplastyce. &#8222;Za 12 dni operacja&#8221;<\/p>\n<p>Sandra Kubicka jest w sta\u0142ym kontakcie ze swoimi obserwatorami, z kt\u00f3rymi ch\u0119tnie dzieli si\u0119 swoj\u0105 codzienno\u015bci\u0105 i kulisami pracy influencerki. Celebrytka nie ukrywa przed swoimi fanami, \u017ce zacz\u0119\u0142a uk\u0142ada\u0107 sobie \u017cycie po rozwodzie i ju\u017c od jakiego\u015b czasu jest zwi\u0105zana z biznesmenem Adamem Zaorskim.<\/p>\n<p>Okazuje si\u0119, \u017ce ukochany celebrytki wyruszy\u0142 w\u0142a\u015bnie w podr\u00f3\u017c s\u0142u\u017cbow\u0105, a przed wyjazdem poprosi\u0142 j\u0105, aby &#8222;nie \u015bwirowa\u0142a&#8221; podczas jego nieobecno\u015bci. &#8222;Ja nast\u0119pny dzie\u0144 po wylocie: pojecha\u0142am na zabieg odm\u0142adzaj\u0105cy, a za 12 dni operacja plastyczna&#8221; \u2014 odnios\u0142a si\u0119 do s\u0142\u00f3w partnera.<\/p>\n<p><img class=\"ods-a-photo ods-a-photo--background\" src=\"https:\/\/www.europesays.com\/pl\/wp-content\/uploads\/2026\/08\/duHk9lBaHR0cHM6Ly9vY2RuLmV1L3B1bHNjbXMvTURBXy84MDk5MTAzZmM4ZTAyYjZkZjQ4YTAyODFiOGZjOWRkNC5qcGeRkwXNB.jpeg\" height=\"800\" width=\"533\" alt=\"Sandra Kubicka\" loading=\"lazy\" fetchpriority=\"auto\" decoding=\"auto\"\/><\/p>\n<p>Pi\u0119tka Mieszko \/ AKPA<\/p>\n<p>Sandra Kubicka<\/p>\n<p>Kubicka zd\u0105\u017cy\u0142a jednak poinformowa\u0107 ukochanego o nadchodz\u0105cych zmianach w jej wygl\u0105dzie i poprosi\u0142a, aby przed wyjazdem patrzy\u0142 na ni\u0105 uwa\u017cnie, bo gdy wr\u00f3ci influencerka &#8222;nie b\u0119dzie ju\u017c tak wygl\u0105da\u0107&#8221;.<\/p>\n<blockquote class=\"ods-o-quote\">\n<p class=\"ods-o-quote__paragraph\">Mam operacj\u0119 za 12 dni i wy te\u017c zobaczycie. B\u0119d\u0119 nowy cz\u0142owiek. Robi\u0119 co\u015b, co mnie do lat n\u0119ka, czyli blefaroplastyk\u0119<\/p>\n<\/blockquote>\n<p>\u2014 zdradzi\u0142a.<\/p>\n<p><img class=\"ods-a-photo ods-a-photo--background\" src=\"https:\/\/www.europesays.com\/pl\/wp-content\/uploads\/2026\/08\/y2xk9lBaHR0cHM6Ly9vY2RuLmV1L3B1bHNjbXMvTURBXy9lZTdhMTc4YTAwNjFmY2ExZDNmNzg4OTk1NjVmMGYyNy5qcGeRkwXNB.jpeg\" height=\"627\" width=\"940\" alt=\"Sandra Kubicka\" loading=\"lazy\" fetchpriority=\"auto\" decoding=\"auto\"\/><\/p>\n<p>Andras Szilagyi \/ MW Media<\/p>\n<p>Sandra Kubicka<\/p>\n<p class=\"ods-o-frame-in-text__paragraph\">Zobacz tak\u017ce: <\/p>\n<p class=\"ods-o-frame-in-text__paragraph\"><a href=\"https:\/\/www.onet.pl\/styl-zycia\/oneturoda\/ekspertka-o-tym-jak-osiagnac-dlugowiecznosc-piec-kluczowych-zasad\/ddrjkz8,2b83378a\" id=\"884650a9-d57f-4fca-9657-ef6cbc055f80\" rel=\"nofollow noopener\" target=\"_blank\">D\u0142ugie \u017cycie w zdrowiu. To robi\u0119, by osi\u0105gn\u0105\u0107 d\u0142ugowieczno\u015b\u0107<\/a><\/p>\n<p><img class=\"ods-a-photo ods-a-photo--background\" src=\"https:\/\/www.europesays.com\/pl\/wp-content\/uploads\/2026\/08\/BYWk9lBaHR0cHM6Ly9vY2RuLmV1L3B1bHNjbXMvTURBXy9hY2I0MDYzOGFkZTE0NTE4MDIwYTZmNjIxMjg1ZTFhYi5wbmeRlQLNA.jpeg\" height=\"253\" width=\"450\" alt=\"Longevity dla ka\u017cdego\" loading=\"lazy\" fetchpriority=\"low\" decoding=\"async\"\/>Dzi\u0119kujemy, \u017ce przeczyta\u0142a\u015b\/e\u015b nasz artyku\u0142 do ko\u0144ca. W serwisie Plejada.pl ka\u017cdego dnia piszemy o najwa\u017cniejszych wydarzeniach show-biznesowych. B\u0105d\u017a na bie\u017c\u0105co!<a rel=\"nofollow noopener\" href=\"https:\/\/profile.google.com\/cp\/Cg0vZy8xMWJ6X19wdHBx\" id=\"fff263fa-4fe1-41b0-9026-4ddf804f19d2\" target=\"_blank\"> Obserwuj<\/a> Plejad\u0119 w Google. Odwied\u017a nas tak\u017ce na<a rel=\"nofollow noopener\" href=\"https:\/\/www.facebook.com\/plejadapl\" id=\"8c0a5628-10ba-4634-8596-4bbe1a718b6c\" target=\"_blank\"> Facebooku<\/a>,<a rel=\"nofollow noopener\" href=\"https:\/\/www.instagram.com\/plejadapl\/\" id=\"54d99d56-4d9a-4877-b675-66be84d48767\" target=\"_blank\"> Instagramie<\/a>,<a rel=\"nofollow noopener\" href=\"https:\/\/www.youtube.com\/c\/plejada\" id=\"5e4e047d-df52-42c3-a6b9-e9f27b6a96c8\" target=\"_blank\"> YouTubie<\/a> oraz<a rel=\"nofollow noopener\" href=\"https:\/\/www.tiktok.com\/@plejada_pl\" id=\"e36f442b-6d51-46ff-9334-38f6d8ce45d5\" target=\"_blank\"> TikToku<\/a>.Chcesz podzieli\u0107 si\u0119 ciekawym newsem lub zaproponowa\u0107 temat? Skontaktuj si\u0119 z nami, pisz\u0105c maila na adres: <a rel=\"nofollow noopener\" href=\"https:\/\/www.onet.pl\/styl-zycia\/plejada\/sandra-kubicka-zamierza-poddac-sie-blefaroplastyce-za-12-dni-operacja\/mailto:plejada@redakcjaonet.pl\" id=\"73ac862a-bf4f-4c8d-8382-e98bceda6022\" target=\"_blank\">plejada@redakcjaonet.pl<\/a>.<script async src=\"\/\/www.instagram.com\/embed.js\"><\/script><script async src=\"\/\/www.tiktok.com\/embed.js\"><\/script><\/p>\n","protected":false},"excerpt":{"rendered":"Gdy Sandra Kubicka by\u0142a nastolatk\u0105, wyprowadzi\u0142a si\u0119 za ocean i w\u0142a\u015bnie tam zacz\u0119\u0142a si\u0119 jej przygoda z modelingiem.&hellip;\n","protected":false},"author":2,"featured_media":610153,"comment_status":"","ping_status":"","sticky":false,"template":"","format":"standard","meta":{"footnotes":"","_share_on_mastodon":"0"},"categories":[22],"tags":[61195,122,1664,48,56992,125,46,11205,55,42,38,40,39,41,123,2992,47],"class_list":["post-610152","post","type-post","status-publish","format-standard","has-post-thumbnail","category-rozrywka","tag-bottomfeed_styl","tag-entertainment","tag-medycyna_estetyczna","tag-nat_styl","tag-newbb_tst1","tag-newsy","tag-omp","tag-operacje_plastyczne_gwiazd","tag-phx","tag-pl","tag-poland","tag-polish","tag-polska","tag-polski","tag-rozrywka","tag-sandra_kubicka","tag-screening_general"],"share_on_mastodon":{"url":"https:\/\/pubeurope.com\/@pl\/117062528214842992","error":""},"_links":{"self":[{"href":"https:\/\/www.europesays.com\/pl\/wp-json\/wp\/v2\/posts\/610152","targetHints":{"allow":["GET"]}}],"collection":[{"href":"https:\/\/www.europesays.com\/pl\/wp-json\/wp\/v2\/posts"}],"about":[{"href":"https:\/\/www.europesays.com\/pl\/wp-json\/wp\/v2\/types\/post"}],"author":[{"embeddable":true,"href":"https:\/\/www.europesays.com\/pl\/wp-json\/wp\/v2\/users\/2"}],"replies":[{"embeddable":true,"href":"https:\/\/www.europesays.com\/pl\/wp-json\/wp\/v2\/comments?post=610152"}],"version-history":[{"count":0,"href":"https:\/\/www.europesays.com\/pl\/wp-json\/wp\/v2\/posts\/610152\/revisions"}],"wp:featuredmedia":[{"embeddable":true,"href":"https:\/\/www.europesays.com\/pl\/wp-json\/wp\/v2\/media\/610153"}],"wp:attachment":[{"href":"https:\/\/www.europesays.com\/pl\/wp-json\/wp\/v2\/media?parent=610152"}],"wp:term":[{"taxonomy":"category","embeddable":true,"href":"https:\/\/www.europesays.com\/pl\/wp-json\/wp\/v2\/categories?post=610152"},{"taxonomy":"post_tag","embeddable":true,"href":"https:\/\/www.europesays.com\/pl\/wp-json\/wp\/v2\/tags?post=610152"}],"curies":[{"name":"wp","href":"https:\/\/api.w.org\/{rel}","templated":true}]}}