{"id":610326,"date":"2026-08-09T02:17:14","date_gmt":"2026-08-09T02:17:14","guid":{"rendered":"https:\/\/www.europesays.com\/pl\/610326\/"},"modified":"2026-08-09T02:17:14","modified_gmt":"2026-08-09T02:17:14","slug":"zacmienie-slonca-nad-krakowem-o-ktorej-sie-zacznie","status":"publish","type":"post","link":"https:\/\/www.europesays.com\/pl\/610326\/","title":{"rendered":"Za\u0107mienie S\u0142o\u0144ca nad Krakowem. O kt\u00f3rej si\u0119 zacznie?"},"content":{"rendered":"<p>Pocz\u0105tek z\u0142otej ery za\u0107mie\u0144<\/p>\n<p>Nasza planeta chowa si\u0119 w s\u0142onecznym cieniu znacznie cz\u0119\u015bciej, ni\u017c mogliby\u015bmy przypuszcza\u0107! Globalnie za\u0107mienia wcale nie nale\u017c\u0105 do rzadko\u015bci. Niezale\u017cnie od tego, czy m\u00f3wimy o za\u0107mieniach cz\u0119\u015bciowych, ca\u0142kowitych, czy obr\u0105czkowych \u2014 w kt\u00f3rych oddalony od nas Ksi\u0119\u017cyc zostawia dooko\u0142a siebie jasn\u0105 obw\u00f3dk\u0119 \u2014 dochodzi do nich od 2 do nawet 5 razy w roku. Za\u0107mie\u0144 ca\u0142kowitych Ziemia do\u015bwiadcza \u015brednio raz na 18 miesi\u0119cy, co daje oko\u0142o dw\u00f3ch takich pokaz\u00f3w na trzy lata.<\/p>\n<p><a href=\"https:\/\/www.onet.pl\/\" title=\"Strona G\u0142\u00f3wna\" aria-label=\"Strona G\u0142\u00f3wna\" data-astro-prefetch=\"tap\" class=\"ods-a-logo-main-desktop\" rel=\"nofollow noopener\" target=\"_blank\"><img src=\"https:\/\/cdn.wiadomosci.onet.pl\/img\/Logo_desktop_Onet.svg\" class=\"ods-a-logo-main-desktop__image\" alt=\"Logo\" width=\"107\" height=\"60\" fetchpriority=\"high\" decoding=\"sync\" style=\"height:60px\"\/><\/a><\/p>\n<p class=\"ods-m-google-article__text\">Czytaj nas cz\u0119\u015bciej w Google<\/p>\n<p><a href=\"https:\/\/google.com\/preferences\/source?q=onet.pl\" target=\"_blank\" rel=\"noopener noreferrer nofollow\" aria-label=\"Dodaj w Google\" title=\"Dodaj w Google\" class=\"ods-a-button ods-a-button__primary ods-a-button__default ods-a-button-l\">Dodaj w Google<\/a><\/p>\n<p>Zwykle jednak pas ca\u0142kowitej ciemno\u015bci, w kt\u00f3rym nasza gwiazda znika w stu procentach, ma zaledwie 100-200 km szeroko\u015bci. Na dodatek \u2014 jako, \u017ce Ziemia w 3\/4 jest planet\u0105 ocean\u00f3w oraz bezkresnych, niemal bezludnych l\u0105d\u00f3w (Syberia, Antarktyda, Sahara) okazji do obserwacji tego fenomenu nie ma za wiele. Obliczono, \u017ce je\u015bli kto\u015b dosta\u0142by szans\u0119, aby poczeka\u0107 w jednym, konkretnym miejscu na \u015bwiecie, ca\u0142kowite przys\u0142oni\u0119cie spotka\u0142oby go tam \u015brednio raz na ok. 400 lat!<\/p>\n<p>Dlatego lata 2026-2028 zapowiadaj\u0105 si\u0119 w astronomii naziemnej prze\u0142omowo. Pierwszy akcent tej za\u0107mieniowej z\u0142otej ery nast\u0105pi\u0142 17 lutego 2026 r. Pas za\u0107mienia przesun\u0105\u0142 si\u0119 przez niedost\u0119pne rejony Oceanu Indyjskiego i mro\u017an\u0105 Antarktyd\u0119. Wydarzenie podgl\u0105da\u0142y g\u0142\u00f3wnie specjalistyczne ekspedycje polarne. Drugim aktem jest 12 sierpnia 2026 r., gdy ca\u0142kowity cie\u0144 przeskoczy m.in. przez Islandi\u0119 i Hiszpani\u0119, a za\u0107mienie cz\u0119\u015bciowe b\u0119dzie widoczne tak\u017ce w Polsce. W latach 2027-2028 Ziemie czekaj\u0105 kolejne zabawy w chowanego z udzia\u0142em S\u0142o\u0144ca i Ksi\u0119\u017cyca.<\/p>\n<p><img class=\"ods-a-photo ods-a-photo--background\" src=\"https:\/\/www.europesays.com\/pl\/wp-content\/uploads\/2026\/08\/rwRk9lBaHR0cHM6Ly9vY2RuLmV1L3B1bHNjbXMvTURBXy8yMmE2ZTAwMGMwMTNhMWZmNjliYjhjNTU2Nzk4ZWQwMC5wbmeSlQMAA.jpeg\" height=\"634\" width=\"940\" alt=\"Mapa za\u0107mienia 12.08.2026. Fioletowy kolor i przerywana linia pokazuj\u0105 pas ca\u0142kowitego za\u0107mienia. \" loading=\"lazy\" fetchpriority=\"auto\" decoding=\"auto\"\/><\/p>\n<p>Infografika za: www.timeanddate.com<\/p>\n<p>Mapa za\u0107mienia 12.08.2026. Fioletowy kolor i przerywana linia pokazuj\u0105 pas ca\u0142kowitego za\u0107mienia. <\/p>\n<p>Schowane S\u0142o\u0144ce nad Krakowem<\/p>\n<p>Co w tym czasie zobaczy Krak\u00f3w? Po\u0142udniowo-wschodnia Polska le\u017cy najdalej od pasa ca\u0142kowitego za\u0107mienia, wi\u0119c tarcza zniknie tu w mniejszym stopniu ni\u017c we Wroc\u0142awiu czy Szczecinie. Powierzchnia S\u0142o\u0144ca b\u0119dzie najbardziej przys\u0142oni\u0119ta w pasie wzd\u0142u\u017c zachodniej granicy \u2014 szczeg\u00f3lnie w jej po\u0142udniowej cz\u0119\u015bci (woj. dolno\u015bl\u0105skie). Natomiast na wschodzie, np. w Przemy\u015blu, b\u0119dzie widoczne oko\u0142o 50 proc. powierzchni zas\u0142oni\u0119cia. Wynika to z faktu najwi\u0119kszego oddalenia od pasa ca\u0142kowitego za\u0107mienia oraz czasu \u2014 na zachodzie kraju szczyt tego zjawiska b\u0119dzie mo\u017cna obserwowa\u0107 jeszcze przed zachodem S\u0142o\u0144ca. To tak\u017ce spowoduje, \u017ce mieszka\u0144cy Wielkopolski czy Zachodniego Pomorza b\u0119d\u0105 mieli najwi\u0119cej czasu na podziwianie schowanego S\u0142o\u0144ca \u2014 w tych cz\u0119\u015bciach kraju pokaz przeci\u0105gnie si\u0119 do kilkunastu minut po godzinie 20.<\/p>\n<p>W Ma\u0142opolsce ca\u0142e widowisko rozegra si\u0119 bardzo nisko nad horyzontem, niemal w momencie, gdy S\u0142o\u0144ce schowa si\u0119 na noc.<\/p>\n<p>Wyliczenia NASA i serwisu Time and Date pokazuj\u0105 nast\u0119puj\u0105cy scenariusz dla Krakowa i okolic:<\/p>\n<p>\u2022 19.18 \u2014 Start! Ksi\u0119\u017cyc wbija si\u0119 w tarcz\u0119 od prawej strony. S\u0142o\u0144ce wisi na wysoko\u015bci oko\u0142o 6\u00b0 nad horyzontem. Zmiana jasno\u015bci nieba jest jeszcze niemal niezauwa\u017calna dla ludzkiego oka.<\/p>\n<p>\u2022 19.56 \u2014 Szczyt emocji! Najwi\u0119kszy cie\u0144. S\u0142o\u0144ce znajduje si\u0119 niespe\u0142na 1\u00b0 nad lini\u0105 horyzontu!<\/p>\n<p>\u2022 20.04 \u2014 Zach\u00f3d S\u0142o\u0144ca. Gwiazda znika z oczu, b\u0119d\u0105c mocno nadgryziona. Ksi\u0119\u017cyc ca\u0142kowicie zejdzie z tarczy dopiero prawie godzin\u0119 po tym, jak S\u0142o\u0144ce schowa si\u0119 z widoku.<\/p>\n<p class=\"ods-o-frame-in-text__paragraph\">Ostatecznie zakrycie powierzchni S\u0142o\u0144ca si\u0119gnie 64,3 proc. S\u0142o\u0144ce przybierze kszta\u0142t grubego rogalika. Poniewa\u017c ods\u0142oni\u0119ta pozostanie niemal 1\/3 powierzchni, ten \u015bwiec\u0105cy pasek b\u0119dzie wygl\u0105da\u0142 naprawd\u0119 masywnie!<\/p>\n<p><img class=\"ods-a-photo ods-a-photo--background\" src=\"https:\/\/www.europesays.com\/pl\/wp-content\/uploads\/2026\/08\/TLZk9lBaHR0cHM6Ly9vY2RuLmV1L3B1bHNjbXMvTURBXy8wMTgxNjA2YTJmMWVkMThmOTY0MTlkYTQ1MGFkOTZkNy5wbmeSlQMAA.jpeg\" height=\"666\" width=\"940\" alt=\"\" loading=\"lazy\" fetchpriority=\"auto\" decoding=\"auto\"\/><\/p>\n<p>Partner Cogiteon<\/p>\n<p>Jak z\u0142apa\u0107 promienie i nie straci\u0107 wzroku?<\/p>\n<p>Je\u017celi w trakcie obserwacji utkniesz mi\u0119dzy blokami na osiedlu nie zobaczysz za wiele. Przy maksimum za\u0107mienia tu\u017c nad ziemi\u0105 budynki i drzewa zas\u0142oni\u0105 widok. Najlepiej znale\u017a\u0107 miejsce wysoko i szuka\u0107 czystej przestrzeni na zach\u00f3d-p\u00f3\u0142nocny-zach\u00f3d (azymut oko\u0142o 290\u00b0).<\/p>\n<p>Poniewa\u017c \u015bwiat\u0142o przedrze si\u0119 przez grub\u0105 warstw\u0119 atmosfery w czasie zachodu, zyska g\u0142\u0119bok\u0105, czerwonoz\u0142ot\u0105 barw\u0119, a w trakcie za\u0107mienia niebo przybierze ch\u0142odny, specyficzny odcie\u0144.<\/p>\n<p>Zapami\u0119taj jednak najwa\u017cniejsz\u0105 zasad\u0119: bezpo\u015brednie patrzenie na S\u0142o\u0144ce bez specjalistycznych okular\u00f3w z filtrem ISO 12312-2 grozi trwa\u0142ym uszkodzeniem wzroku! Musisz mie\u0107 je na oczach przez ca\u0142y czas trwania zjawiska, nawet przy tak niskim po\u0142o\u017ceniu naszej gwiazdy. Powodzenia i wielu niesamowitych wra\u017ce\u0144!<\/p>\n<p>\u2014\u2014\u2014<\/p>\n<p>Ciekawe? Wi\u0119cej fascynuj\u0105cych opowie\u015bci ze \u015bwiata nauki <a rel=\"nofollow noopener\" href=\"https:\/\/www.cogiteon.pl\/rozoom\" id=\"1600444c-d1a1-412c-bc61-9178ad0586a9\" target=\"_blank\">na stronie Rozoom<\/a><\/p>\n<p>Tekst pierwotnie opublikowany na stronie Cogiteonu.<\/p>\n","protected":false},"excerpt":{"rendered":"Pocz\u0105tek z\u0142otej ery za\u0107mie\u0144 Nasza planeta chowa si\u0119 w s\u0142onecznym cieniu znacznie cz\u0119\u015bciej, ni\u017c mogliby\u015bmy przypuszcza\u0107! Globalnie za\u0107mienia&hellip;\n","protected":false},"author":2,"featured_media":610327,"comment_status":"","ping_status":"","sticky":false,"template":"","format":"standard","meta":{"footnotes":"","_share_on_mastodon":"0"},"categories":[51606],"tags":[61195,120702,399,4622,1304,48,120,46,55,42,38,40,39,41,47,1984,9529],"class_list":["post-610326","post","type-post","status-publish","format-standard","has-post-thumbnail","category-krakow","tag-bottomfeed_styl","tag-cogiteon","tag-informacje","tag-kosmos","tag-krakow","tag-nat_styl","tag-nauka","tag-omp","tag-phx","tag-pl","tag-poland","tag-polish","tag-polska","tag-polski","tag-screening_general","tag-slonce","tag-ziemia"],"share_on_mastodon":{"url":"https:\/\/pubeurope.com\/@pl\/117063152740708485","error":""},"_links":{"self":[{"href":"https:\/\/www.europesays.com\/pl\/wp-json\/wp\/v2\/posts\/610326","targetHints":{"allow":["GET"]}}],"collection":[{"href":"https:\/\/www.europesays.com\/pl\/wp-json\/wp\/v2\/posts"}],"about":[{"href":"https:\/\/www.europesays.com\/pl\/wp-json\/wp\/v2\/types\/post"}],"author":[{"embeddable":true,"href":"https:\/\/www.europesays.com\/pl\/wp-json\/wp\/v2\/users\/2"}],"replies":[{"embeddable":true,"href":"https:\/\/www.europesays.com\/pl\/wp-json\/wp\/v2\/comments?post=610326"}],"version-history":[{"count":0,"href":"https:\/\/www.europesays.com\/pl\/wp-json\/wp\/v2\/posts\/610326\/revisions"}],"wp:featuredmedia":[{"embeddable":true,"href":"https:\/\/www.europesays.com\/pl\/wp-json\/wp\/v2\/media\/610327"}],"wp:attachment":[{"href":"https:\/\/www.europesays.com\/pl\/wp-json\/wp\/v2\/media?parent=610326"}],"wp:term":[{"taxonomy":"category","embeddable":true,"href":"https:\/\/www.europesays.com\/pl\/wp-json\/wp\/v2\/categories?post=610326"},{"taxonomy":"post_tag","embeddable":true,"href":"https:\/\/www.europesays.com\/pl\/wp-json\/wp\/v2\/tags?post=610326"}],"curies":[{"name":"wp","href":"https:\/\/api.w.org\/{rel}","templated":true}]}}