{"id":610408,"date":"2026-08-09T03:35:15","date_gmt":"2026-08-09T03:35:15","guid":{"rendered":"https:\/\/www.europesays.com\/pl\/610408\/"},"modified":"2026-08-09T03:35:15","modified_gmt":"2026-08-09T03:35:15","slug":"radoslaw-sikorski-odpowiada-marii-zacharowej-przypomina-wlasne-slowa","status":"publish","type":"post","link":"https:\/\/www.europesays.com\/pl\/610408\/","title":{"rendered":"Rados\u0142aw Sikorski odpowiada Marii Zacharowej. Przypomina w\u0142asne s\u0142owa"},"content":{"rendered":"<p>Minister spraw zagranicznych odni\u00f3s\u0142 si\u0119 do <a href=\"https:\/\/wiadomosci.onet.pl\/swiat\/zacharowa-ostro-reaguje-na-slowa-prezydenta-nawrockiego-polski-wstyd\/btyg1zm\" id=\"3f9dc83a-3c9e-4e6f-a7dd-7d9eb7f479c7\" rel=\"nofollow noopener\" target=\"_blank\">zamieszczonego na Telegramie wpisu Zacharowej.<\/a> Rzeczniczka rosyjskiego MSZ uderzy\u0142a w Rados\u0142awa Sikorskiego, a tak\u017ce w prezydenta Karola Nawrockiego, po<a href=\"https:\/\/wiadomosci.onet.pl\/kraj\/prezydent-zabral-glos-w-rocznice-zaprzysiezenia-przez-caly-ten-czas-jestem-glosem\/kyx9v66\" id=\"28aee9d0-606e-432c-a34a-1157bb1357dd\" rel=\"nofollow noopener\" target=\"_blank\"> jego czwartkowym przem\u00f3wieniu. <\/a>Dalszy ci\u0105g artyku\u0142u pod materia\u0142em wideo&#8221;Rzeczniczka rosyjskiego MSZ nazwa\u0142a prezydenta Polski Karola Nawrockiego i mnie rusofobami. Oto moje argumenty, dlaczego si\u0119 myli&#8221; \u2014 napisa\u0142 Sikorski, zamieszczaj\u0105c nagranie ze swojego zesz\u0142orocznego wyst\u0105pienia podczas <a href=\"https:\/\/wiadomosci.onet.pl\/swiat\/mocne-slowa-radoslawa-sikorskiego-w-kierunku-rosji-zostaliscie-ostrzezeni\/le8qvyj\" id=\"34a1d324-0141-4051-aecb-faed091c4e2e\" rel=\"nofollow noopener\" target=\"_blank\">posiedzenia Rady Bezpiecze\u0144stwa ONZ<\/a>. Polski polityk obali\u0142 w nim prowadzon\u0105 przez Rosj\u0119 narracj\u0119 dotycz\u0105c\u0105 Ukrainy i pa\u0144stw Zachodu.<a href=\"https:\/\/www.onet.pl\/\" title=\"Strona G\u0142\u00f3wna\" aria-label=\"Strona G\u0142\u00f3wna\" data-astro-prefetch=\"tap\" class=\"ods-a-logo-main-desktop\" rel=\"nofollow noopener\" target=\"_blank\"><img src=\"https:\/\/cdn.wiadomosci.onet.pl\/img\/Logo_desktop_Onet.svg\" class=\"ods-a-logo-main-desktop__image\" alt=\"Logo\" width=\"107\" height=\"60\" fetchpriority=\"high\" decoding=\"sync\" style=\"height:60px\"\/><\/a><\/p>\n<p class=\"ods-m-google-article__text\">Czytaj nas cz\u0119\u015bciej w Google<\/p>\n<p><a href=\"https:\/\/google.com\/preferences\/source?q=wiadomosci.onet.pl\" target=\"_blank\" rel=\"noopener noreferrer nofollow\" aria-label=\"Dodaj w Google\" title=\"Dodaj w Google\" class=\"ods-a-button ods-a-button__primary ods-a-button__default ods-a-button-l\">Dodaj w Google<\/a><\/p>\n<p>Rosyjski ambasador oznajmi\u0142 m.in., \u017ce zachodnie pa\u0144stwa s\u0105 &#8222;wi\u0119\u017aniami rusofobii&#8221;. \u2014 Fobia oznacza irracjonalny strach. Tymczasem niemal codziennie by\u0142y prezydent Rosji i propagandy\u015bci W\u0142adimira Putina gro\u017c\u0105 nam nuklearn\u0105 zag\u0142ad\u0105. Uwa\u017cam, \u017ce nie jest to irracjonalne. Kiedy Rosja nam grozi, my jej wierzymy \u2014 zareagowa\u0142 w ONZ Sikorski.<\/p>\n<p>Rzecznik MSZ punktuje wypowied\u017a Marii Zacharowej<\/p>\n<p>Wypowied\u017a Zacharowej skomentowa\u0142 tak\u017ce obszernie rzecznik MSZ Maciej Wewi\u00f3r. &#8222;Maria Zacharowa zn\u00f3w wygra\u017ca Polsce. Jak zawsze czas na fakty. Rosja ma terytorium 55 razy wi\u0119ksze od Polski, pot\u0119\u017cne z\u0142o\u017ca i cztery razy wi\u0119ksz\u0105 populacj\u0119. Ale to Polska jest jedn\u0105 z najszybciej rozwijaj\u0105cych si\u0119 gospodarek, nasz PKB na mieszka\u0144ca jest dwa razy wy\u017cszy. Mamy ponad dwa razy wi\u0119cej autostrad i dr\u00f3g ekspresowych, a wska\u017anik zab\u00f3jstw jest u nas blisko dziesi\u0119\u0107 razy ni\u017cszy. Ju\u017c nie wspomn\u0119 o r\u00f3\u017cnicy w sojusznikach&#8221; \u2014 napisa\u0142.<\/p>\n<p>&#8222;Nie stacjonuj\u0105 tam tylko dla pozoru&#8221;. Zobaczyli ruchy Rosjan na zdj\u0119ciach satelitarnych<img class=\"ods-a-photo ods-a-photo--background\" src=\"https:\/\/www.europesays.com\/pl\/wp-content\/uploads\/2026\/08\/jeOk9lBaHR0cHM6Ly9vY2RuLmV1L3B1bHNjbXMvTURBXy8xYzI1NjVkYjUxMGZmMWY1NzEwMDY1NDBiYTgwZDkzZi5qcGeRlQLNA.jpeg\" height=\"319\" width=\"450\" alt=\"Rosyjski \u017co\u0142nierz (zdj. ilustracyjne)\" loading=\"lazy\" fetchpriority=\"low\" decoding=\"async\"\/><\/p>\n<p>Dalej podkre\u015bli\u0142, \u017ce gdy Polska wspiera rodziny przez 800+, \u017c\u0142obkowe, urlopy, to w Rosji &#8222;fundamentem&#8221; polityki spo\u0142ecznej staj\u0105 si\u0119 \u017co\u0142dy i &#8222;trumienne&#8221;. &#8222;My nie wysy\u0142amy \u017co\u0142nierzy na front, gdzie d\u0142ugo\u015b\u0107 \u017cycia wynosi oko\u0142o 30 min&#8221; \u2014 czytamy.<\/p>\n<p>&#8222;Czas spojrze\u0107 na Moskw\u0119&#8221;<\/p>\n<p>Wewi\u00f3r odni\u00f3s\u0142 si\u0119 tak\u017ce bezpo\u015brednio do s\u0142\u00f3w Zacharowej, kt\u00f3ra stwierdzi\u0142a, \u017ce &#8222;kiedy\u015b granica polsko-rosyjska by\u0142a granic\u0105 wzajemnie korzystnej wsp\u00f3\u0142pracy, z kt\u00f3rej dzi\u0119ki takim jak Nawrocki i Sikorski nie zosta\u0142o ju\u017c nic&#8221;. Rzecznik polskiego MSZ podkre\u015bla, \u017ce Zacharowa &#8222;zapomina, \u017ce to Rosja wygra\u017ca i atakuje swoich s\u0105siad\u00f3w, czy to zbrojnie, czy hybrydowo&#8221;.<\/p>\n<p>&#8222;Ka\u017cdy wola\u0142by mie\u0107 za s\u0105siada pa\u0144stwo, z kt\u00f3rym mo\u017cna handlowa\u0107, nie zgadza\u0107 si\u0119 i dyskutowa\u0107, a nie agresora, przed kt\u00f3rym trzeba przygotowywa\u0107 si\u0119 do obrony. Zamiast zn\u00f3w szuka\u0107 winnych w Warszawie, czas spojrze\u0107 na Moskw\u0119, pani Zacharowa!&#8221; \u2014 zako\u0144czy\u0142 Wewi\u00f3r.<\/p>\n","protected":false},"excerpt":{"rendered":"Minister spraw zagranicznych odni\u00f3s\u0142 si\u0119 do zamieszczonego na Telegramie wpisu Zacharowej. Rzeczniczka rosyjskiego MSZ uderzy\u0142a w Rados\u0142awa Sikorskiego,&hellip;\n","protected":false},"author":2,"featured_media":610409,"comment_status":"","ping_status":"","sticky":false,"template":"","format":"standard","meta":{"footnotes":"","_share_on_mastodon":"0"},"categories":[12],"tags":[61195,32,33,36,37,27,43,49,34,35,2165,1162,28,31,48,56992,25,46,42,38,40,39,41,1118,87,47,29,30,26],"class_list":["post-610408","post","type-post","status-publish","format-standard","has-post-thumbnail","category-polska","tag-bottomfeed_styl","tag-breaking-news","tag-breakingnews","tag-featured-news","tag-featurednews","tag-headlines","tag-karol_nawrocki","tag-kraj","tag-latest-news","tag-latestnews","tag-maria_zacharowa","tag-msz","tag-naglowki","tag-najwazniejsze-artykuly","tag-nat_styl","tag-newbb_tst1","tag-news","tag-omp","tag-pl","tag-poland","tag-polish","tag-polska","tag-polski","tag-radoslaw_sikorski","tag-rosja","tag-screening_general","tag-top-stories","tag-topstories","tag-wiadomosci"],"share_on_mastodon":{"url":"https:\/\/pubeurope.com\/@pl\/117063458799695069","error":""},"_links":{"self":[{"href":"https:\/\/www.europesays.com\/pl\/wp-json\/wp\/v2\/posts\/610408","targetHints":{"allow":["GET"]}}],"collection":[{"href":"https:\/\/www.europesays.com\/pl\/wp-json\/wp\/v2\/posts"}],"about":[{"href":"https:\/\/www.europesays.com\/pl\/wp-json\/wp\/v2\/types\/post"}],"author":[{"embeddable":true,"href":"https:\/\/www.europesays.com\/pl\/wp-json\/wp\/v2\/users\/2"}],"replies":[{"embeddable":true,"href":"https:\/\/www.europesays.com\/pl\/wp-json\/wp\/v2\/comments?post=610408"}],"version-history":[{"count":0,"href":"https:\/\/www.europesays.com\/pl\/wp-json\/wp\/v2\/posts\/610408\/revisions"}],"wp:featuredmedia":[{"embeddable":true,"href":"https:\/\/www.europesays.com\/pl\/wp-json\/wp\/v2\/media\/610409"}],"wp:attachment":[{"href":"https:\/\/www.europesays.com\/pl\/wp-json\/wp\/v2\/media?parent=610408"}],"wp:term":[{"taxonomy":"category","embeddable":true,"href":"https:\/\/www.europesays.com\/pl\/wp-json\/wp\/v2\/categories?post=610408"},{"taxonomy":"post_tag","embeddable":true,"href":"https:\/\/www.europesays.com\/pl\/wp-json\/wp\/v2\/tags?post=610408"}],"curies":[{"name":"wp","href":"https:\/\/api.w.org\/{rel}","templated":true}]}}