{"id":610412,"date":"2026-08-09T03:38:40","date_gmt":"2026-08-09T03:38:40","guid":{"rendered":"https:\/\/www.europesays.com\/pl\/610412\/"},"modified":"2026-08-09T03:38:40","modified_gmt":"2026-08-09T03:38:40","slug":"rok-w-palacu-karol-nawrocki-nie-zamierza-pilnowac-zyrandola","status":"publish","type":"post","link":"https:\/\/www.europesays.com\/pl\/610412\/","title":{"rendered":"Rok w Pa\u0142acu. Karol Nawrocki nie zamierza \u201epilnowa\u0107 \u017cyrandola\u201d"},"content":{"rendered":"<p>Po dwunastu miesi\u0105cach nie ma w\u0105tpliwo\u015bci: zbudowa\u0142 samodzielny o\u015brodek polityczny, wszed\u0142 w ostry sp\u00f3r z rz\u0105dem i coraz wyra\u017aniej pr\u00f3buje okre\u015bli\u0107 na nowo rol\u0119 prezydenta w polskim systemie w\u0142adzy.<\/p>\n<p>Cz\u0142owiek spoza partyjnej polityki<\/p>\n<p>Jeszcze dwa lata temu Karola Nawrockiego nie zna\u0142a wi\u0119kszo\u015b\u0107 Polak\u00f3w. Historyk, dyrektor Muzeum II Wojny \u015awiatowej, a nast\u0119pnie prezes IPN nie mia\u0142 za sob\u0105 kariery parlamentarnej ani partyjnej. I w\u0142a\u015bnie ten fakt do dzi\u015b ch\u0119tnie podkre\u015bla. W wywiadzie udzielonym \u201eGo\u015bciowi Niedzielnemu\u201d m\u00f3wi\u0142, \u017ce zmiany na polskiej scenie politycznej mog\u0105 przyj\u015b\u0107 tak\u017ce dlatego, \u017ce sam \u201enigdy nie by\u0142 cz\u0142onkiem \u017cadnej partii politycznej\u201d.<\/p>\n<p>W wydanej w\u0142a\u015bnie ksi\u0105\u017ckowej rozmowie z prof. Andrzejem Nowakiem \u201eSk\u0105d si\u0119 wzi\u0105\u0142 Karol Nawrocki\u201d prezydent wiele miejsca po\u015bwi\u0119ca temu, co ukszta\u0142towa\u0142o go jeszcze przed wej\u015bciem do wielkiej polityki: skromnemu domowi, wczesnemu podj\u0119ciu pracy, \u015bmierci ojca i odpowiedzialno\u015bci za rodzin\u0119, fascynacji histori\u0105, sportowi i wierze. Opowiada o codziennej lekturze Biblii, r\u00f3\u017ca\u0144cu i przekonaniu, \u017ce w czasie kampanii by\u0142 \u201eprowadzony\u201d dzi\u0119ki modlitwie wielu ludzi.<\/p>\n<p>To wa\u017cne tak\u017ce z perspektywy pierwszego roku jego urz\u0119dowania. Nawrocki przedstawia siebie jako polityka odpornego na presj\u0119, przyzwyczajonego do walki i niech\u0119tnego kompromisowi, je\u015bli oznacza\u0142by on rezygnacj\u0119 z zasad. W rozmowie z prof. Nowakiem pada zdanie, kt\u00f3re dobrze opisuje spos\u00f3b sprawowania przez niego urz\u0119du: z pewno\u015bci\u0105 nie przyszed\u0142 do Pa\u0142acu Prezydenckiego po to, by \u201epilnowa\u0107 \u017cyrandola\u201d.<\/p>\n<p>czytaj o ksi\u0105\u017cce &#8222;Sk\u0105d si\u0119 wzi\u0105\u0142 Karol Nawrocki&#8221;:<\/p>\n<p><a href=\"https:\/\/www.gosc.pl\/doc\/9810834.Skad-sie-wzial-Karol-Nawrocki-Wiara-walka-i-droga-do\" rel=\"nofollow noopener\" target=\"_blank\"><img decoding=\"async\" align=\"top\" alt=\"Pytanie zawarte w\u00a0tytule ksi\u0105\u017cki: \u201eSk\u0105d\u00a0si\u0119 wzi\u0105\u0142 Karol Nawrocki?\u201d, jest kluczowe dla zrozumienia fenomenu cz\u0142owieka, o\u00a0kt\u00f3rym jeszcze dwa lata temu nie s\u0142ysza\u0142a wi\u0119kszo\u015b\u0107 Polak\u00f3w.\" src=\"https:\/\/www.europesays.com\/pl\/wp-content\/uploads\/2026\/08\/029214_qfcL_EN_01659594_0307_113.jpg.webp\"\/><\/a><\/p>\n<p class=\"add_info src_author cf\">\nGN 29\/2026<br \/>\nDODANE 16.07.2026<br \/>\nAKTUALIZACJA 21.07.2026\n<\/p>\n<p>Rok wet i sporu z rz\u0105dem<\/p>\n<p>Najbardziej widocznym rysem pierwszego roku prezydentury by\u0142a kohabitacja z rz\u0105dem Donalda Tuska \u2013 i to kohabitacja wyj\u0105tkowo konfliktowa. Spory dotyczy\u0142y wymiaru sprawiedliwo\u015bci, nominacji ambasadorskich, finans\u00f3w publicznych, edukacji czy polityki bezpiecze\u0144stwa. Najwi\u0119ksze emocje wywo\u0142a\u0142o weto do ustawy wdra\u017caj\u0105cej mechanizm SAFE. Prezydent blokowa\u0142 te\u017c m.in. ustawy dotycz\u0105ce statusu osoby najbli\u017cszej, rynku kryptoaktyw\u00f3w, reformy KRS, likwidacji CBA czy zmian w prawie o\u015bwiatowym.<\/p>\n<p>Sam Nawrocki odrzuca zarzut, \u017ce jest \u201ehamulcowym\u201d. W styczniowym wywiadzie dla \u201eGo\u015bcia Niedzielnego\u201d przekonywa\u0142, \u017ce podpisuje rozwi\u0105zania dobre dla Polski bez wzgl\u0119du na to, kto je przygotowa\u0142, a wetuje te, kt\u00f3re uznaje za prawnie wadliwe lub niekorzystne dla obywateli. Wskazywa\u0142 te\u017c sytuacje, gdy po wecie przepisy wraca\u0142y do niego w zmienionej formie i w\u00f3wczas je podpisywa\u0142.<br \/>Rz\u0105d widzi to zupe\u0142nie inaczej. Premier Donald Tusk i jego ministrowie oskar\u017caj\u0105 prezydenta o obstrukcj\u0119, a Rados\u0142aw Sikorski jako przyk\u0142ad podaje trwaj\u0105cy impas wok\u00f3\u0142 ambasador\u00f3w. Od pocz\u0105tku prezydentury Nawrocki nie podpisa\u0142 ani jednej nowej nominacji ambasadorskiej. Jeszcze powa\u017cniejszy sp\u00f3r dotyczy s\u0105downictwa. Prezydent odm\u00f3wi\u0142 powo\u0142ania 46 s\u0119dzi\u00f3w, zapowiadaj\u0105c, \u017ce nie b\u0119dzie nominowa\u0142 os\u00f3b, kt\u00f3re jego zdaniem kwestionuj\u0105 konstytucyjny porz\u0105dek pa\u0144stwa.<\/p>\n<p>czytaj ca\u0142y wywiad:<\/p>\n<p><a href=\"https:\/\/www.gosc.pl\/doc\/9544076.Prezydent-Karol-Nawrocki-w-rozmowie-z-Gosciem-Niedzielnym-Moim\" rel=\"nofollow noopener\" target=\"_blank\"><img decoding=\"async\" align=\"top\" alt=\"Prezydent Karol Nawrocki w rozmowie z \u201eGo\u015bciem Niedzielnym\u201d: Moim obowi\u0105zkiem jako prezydenta Polski jest m\u00f3wi\u0107 g\u0142osem Polak\u00f3w\" src=\"https:\/\/www.europesays.com\/pl\/wp-content\/uploads\/2026\/08\/010425_szmO_BEW1ED39584_113.jpg.webp\"\/><\/a><\/p>\n<p class=\"add_info src_author cf\">\nGN 1\/2026<br \/>\nDODANE 01.01.2026<br \/>\nAKTUALIZACJA 01.01.2026\n<\/p>\n<p>R\u00f3wnowaga czy walka o wi\u0119ksz\u0105 w\u0142adz\u0119?<br \/>Ten sam spos\u00f3b sprawowania urz\u0119du komentatorzy oceniaj\u0105 skrajnie r\u00f3\u017cnie. Prof. Andrzej Gil z KUL uwa\u017ca, \u017ce Nawrocki przywr\u00f3ci\u0142 na scenie politycznej r\u00f3wnowag\u0119. W sytuacji g\u0142\u0119bokiej polaryzacji prezydent z jednego obozu i rz\u0105d z drugiego maj\u0105 \u2013 jego zdaniem \u2013 chroni\u0107 pa\u0144stwo przed politycznym ekstremum.<\/p>\n<p>Inaczej patrzy na to prof. Wawrzyniec Konarski z Akademii Vistula. Jego zdaniem prezydent usi\u0142uje rozszerza\u0107 swoj\u0105 w\u0142adz\u0119 i utrudnia funkcjonowanie rz\u0105du. Obaj politolodzy s\u0105 jednak zgodni w jednym: Nawrockiego cechuj\u0105 bardzo silne ambicje polityczne.<\/p>\n<p>Sam prezydent ju\u017c nie ukrywa, \u017ce jego ambicja dotyczy r\u00f3wnie\u017c ustroju pa\u0144stwa. Uzna\u0142 konstytucyjny podzia\u0142 kompetencji mi\u0119dzy rz\u0105dem a g\u0142ow\u0105 pa\u0144stwa za dysfunkcjonalny i opowiedzia\u0142 si\u0119 za rozpocz\u0119ciem prac nad now\u0105 ustaw\u0105 zasadnicz\u0105. Powo\u0142a\u0142 Rad\u0119 Nowej Konstytucji, a spo\u015br\u00f3d dw\u00f3ch modeli \u2013 kanclerskiego i prezydenckiego \u2013 wskazuje jako bli\u017cszy sobie ten drugi. To projekt si\u0119gaj\u0105cy daleko poza pierwsz\u0105 kadencj\u0119, a zarazem sygna\u0142, \u017ce Nawrocki nie traktuje obecnego zakresu prezydenckich prerogatyw jako ostatniego s\u0142owa.<\/p>\n<p>W\u0142asne miejsce na prawicy<br \/>Rok urz\u0119dowania pokaza\u0142 te\u017c, \u017ce prezydent pr\u00f3buje budowa\u0107 pozycj\u0119 wykraczaj\u0105c\u0105 poza tradycyjny uk\u0142ad PiS-Konfederacja. Mateusz Morawiecki m\u00f3wi w pierwsz\u0105 rocznic\u0119 zaprzysi\u0119\u017cenia o prezydencie, kt\u00f3ry wie, \u017ce mandat otrzyma\u0142 \u201eod narodu, a nie od partyjnych central\u201d. Jaros\u0142aw Kaczy\u0144ski podkre\u015bla, \u017ce Polska ma ju\u017c \u201epatriotycznego prezydenta\u201d, ale potrzebuje jeszcze \u201epatriotycznego rz\u0105du\u201d. Z kolei Krzysztof Bosak przyznaje, \u017ce patronat Nawrockiego mo\u017ce pom\u00f3c w przysz\u0142ym porozumieniu ugrupowa\u0144 prawicowych, cho\u0107 Konfederacja nie podj\u0119\u0142a decyzji o koalicji z PiS.<\/p>\n<p>W polityce zagranicznej Nawrocki postawi\u0142 przede wszystkim na bliskie relacje ze Stanami Zjednoczonymi oraz wsp\u00f3\u0142prac\u0119 pa\u0144stw Europy \u015arodkowo-Wschodniej. Czterokrotnie odwiedzi\u0142 USA, spotka\u0142 si\u0119 z Donaldem Trumpem i otrzyma\u0142 zaproszenie na szczyt G20. Znacznie trudniejsze okaza\u0142y si\u0119 stosunki z Ukrain\u0105. Prezydent deklaruje dalsze wsparcie dla napadni\u0119tego przez Rosj\u0119 pa\u0144stwa, ale jednocze\u015bnie domaga si\u0119 \u2013 jak to okre\u015bla \u2013 \u201eurealnienia\u201d wzajemnych relacji i mocniej ni\u017c poprzednik podnosi kwestie historyczne.<\/p>\n<p>Pierwszy rok nie przyni\u00f3s\u0142 wi\u0119c odpowiedzi na pytanie, czy Karol Nawrocki stanie si\u0119 politycznym liderem ca\u0142ej prawicy. Pokaza\u0142 natomiast co\u015b innego: prezydent nie zamierza ogranicza\u0107 si\u0119 do funkcji arbitra i reprezentanta pa\u0144stwa. W Pa\u0142acu powsta\u0142 samodzielny o\u015brodek politycznej si\u0142y, kt\u00f3rego znaczenie mo\u017ce rosn\u0105\u0107 wraz ze zbli\u017caniem si\u0119 wybor\u00f3w parlamentarnych. Cz\u0142owiek, kt\u00f3ry wszed\u0142 do wielkiej polityki jako outsider, po roku urz\u0119dowania coraz wyra\u017aniej chce by\u0107 jednym z tych, kt\u00f3rzy okre\u015bl\u0105 jej regu\u0142y na nast\u0119pne lata.<\/p>\n<p>\u017ar\u00f3d\u0142o: Go\u015b\u0107 Niedzielny \/PAP \/Karol Bia\u0142kowski<\/p>\n","protected":false},"excerpt":{"rendered":"Po dwunastu miesi\u0105cach nie ma w\u0105tpliwo\u015bci: zbudowa\u0142 samodzielny o\u015brodek polityczny, wszed\u0142 w ostry sp\u00f3r z rz\u0105dem i coraz&hellip;\n","protected":false},"author":2,"featured_media":610413,"comment_status":"","ping_status":"","sticky":false,"template":"","format":"standard","meta":{"footnotes":"","_share_on_mastodon":"0"},"categories":[62712],"tags":[119891,21690,690,27516,1005,89130,21691,6008,9378,21692],"class_list":["post-610412","post","type-post","status-publish","format-standard","has-post-thumbnail","category-karol-nawrocki","tag-dr-karol-nawrocki","tag-gosc-niedzielny","tag-karol-nawrocki","tag-podsumowanie","tag-prezydent","tag-prezydentura","tag-publicystyka-katolicka","tag-rocznica","tag-tygodnik-katolicki","tag-wiadomosci-z-zycia-kosciola-polski-i-swiata"],"share_on_mastodon":{"url":"https:\/\/pubeurope.com\/@pl\/117063471487471137","error":""},"_links":{"self":[{"href":"https:\/\/www.europesays.com\/pl\/wp-json\/wp\/v2\/posts\/610412","targetHints":{"allow":["GET"]}}],"collection":[{"href":"https:\/\/www.europesays.com\/pl\/wp-json\/wp\/v2\/posts"}],"about":[{"href":"https:\/\/www.europesays.com\/pl\/wp-json\/wp\/v2\/types\/post"}],"author":[{"embeddable":true,"href":"https:\/\/www.europesays.com\/pl\/wp-json\/wp\/v2\/users\/2"}],"replies":[{"embeddable":true,"href":"https:\/\/www.europesays.com\/pl\/wp-json\/wp\/v2\/comments?post=610412"}],"version-history":[{"count":0,"href":"https:\/\/www.europesays.com\/pl\/wp-json\/wp\/v2\/posts\/610412\/revisions"}],"wp:featuredmedia":[{"embeddable":true,"href":"https:\/\/www.europesays.com\/pl\/wp-json\/wp\/v2\/media\/610413"}],"wp:attachment":[{"href":"https:\/\/www.europesays.com\/pl\/wp-json\/wp\/v2\/media?parent=610412"}],"wp:term":[{"taxonomy":"category","embeddable":true,"href":"https:\/\/www.europesays.com\/pl\/wp-json\/wp\/v2\/categories?post=610412"},{"taxonomy":"post_tag","embeddable":true,"href":"https:\/\/www.europesays.com\/pl\/wp-json\/wp\/v2\/tags?post=610412"}],"curies":[{"name":"wp","href":"https:\/\/api.w.org\/{rel}","templated":true}]}}