{"id":610438,"date":"2026-08-09T03:58:19","date_gmt":"2026-08-09T03:58:19","guid":{"rendered":"https:\/\/www.europesays.com\/pl\/610438\/"},"modified":"2026-08-09T03:58:19","modified_gmt":"2026-08-09T03:58:19","slug":"cristiano-ronaldo-i-georgina-rodriguez-rozwiali-watpliwosci-w-sprawie-slubu-jasny-przekaz","status":"publish","type":"post","link":"https:\/\/www.europesays.com\/pl\/610438\/","title":{"rendered":"Cristiano Ronaldo i Georgina Rodriguez rozwiali w\u0105tpliwo\u015bci w sprawie \u015blubu. Jasny przekaz"},"content":{"rendered":"<p>W miejscach, gdzie mia\u0142y si\u0119 odby\u0107 \u015blub i wesele Portugalczyka i Argentynki, pojawi\u0142y si\u0119 dziesi\u0105tki ich fan\u00f3w. Okaza\u0142o si\u0119 jednak, \u017ce znana para nie stan\u0119\u0142a przed o\u0142tarzem, a w katedrze, w kt\u00f3rej mieli \u015blubowa\u0107 przed Bogiem, <a href=\"https:\/\/przegladsportowy.onet.pl\/ofsajd\/dziesiatki-fanow-czekalo-na-slub-cristiano-ronaldo-i-georginy-rodriguez-zaskakujacy\/05kz6q5\" id=\"39c58bf9-8879-47c0-974f-fa96772a8caa\" rel=\"nofollow noopener\" target=\"_blank\">pobra\u0142a si\u0119 inna para, jak donosz\u0105 portugalskie media<\/a>.Dalszy ci\u0105g artyku\u0142u pod materia\u0142em wideoCristiano Ronaldo i Georgina Rodriguez nie wzi\u0119li \u015blubu. Dodali relacje w sieci<a href=\"https:\/\/przegladsportowy.onet.pl\/\" title=\"Strona g\u0142\u00f3wna serwisu\" aria-label=\"Strona g\u0142\u00f3wna serwisu\" data-astro-prefetch=\"tap\" class=\"ods-a-logo-main-desktop\" rel=\"nofollow noopener\" target=\"_blank\"><img src=\"https:\/\/cdn.przegladsportowy.onet.pl\/img\/Logo_desktop_Onet.svg\" class=\"ods-a-logo-main-desktop__image\" alt=\"Logo\" width=\"107\" height=\"60\" fetchpriority=\"high\" decoding=\"sync\" style=\"height:60px\"\/><\/a><\/p>\n<p class=\"ods-m-google-article__text\">Czytaj nas cz\u0119\u015bciej w Google<\/p>\n<p><a href=\"https:\/\/google.com\/preferences\/source?q=przegladsportowy.onet.pl\" target=\"_blank\" rel=\"noopener noreferrer nofollow\" aria-label=\"Dodaj w Google\" title=\"Dodaj w Google\" class=\"ods-a-button ods-a-button__primary ods-a-button__default ods-a-button-l\">Dodaj w Google<\/a><\/p>\n<p>Sami zainteresowani w czasie, w kt\u00f3rym wed\u0142ug doniesie\u0144 mieli \u015blubowa\u0107 sobie mi\u0142o\u015b\u0107 i wierno\u015b\u0107 a\u017c po gr\u00f3b, zamie\u015bcili relacje w swoich mediach spo\u0142eczno\u015bciowych, co oznacza, \u017ce nie stan\u0119li na \u015blubnym kobiercu i sp\u0119dzaj\u0105 czas w zupe\u0142nie innym miejscu, ni\u017c wszyscy s\u0105dzili.<\/p>\n<p>Georgina Rodriguez na instastories udost\u0119pni\u0142a relacj\u0119 jednej ze znajomych, a Cristiano Ronaldo zamie\u015bci\u0142 odno\u015bnik do oddawania g\u0142os\u00f3w na Mader\u0119 w konkursie &#8222;World Travel Awards&#8221;.<\/p>\n<p><img class=\"ods-a-photo ods-a-photo--background\" src=\"https:\/\/www.europesays.com\/pl\/wp-content\/uploads\/2026\/08\/sKGk9lBaHR0cHM6Ly9vY2RuLmV1L3B1bHNjbXMvTURBXy9hZTRkZjhkYjBmNDQ0ZDlhMzA5NTA0YTAzYTJhOTY0OC5qcGeRkwXNA.jpeg\" height=\"906\" width=\"495\" alt=\"Georgina Rodriguez na instastories\" loading=\"lazy\" fetchpriority=\"auto\" decoding=\"auto\"\/><\/p>\n<p>instagram<\/p>\n<p>Georgina Rodriguez na instastories<\/p>\n<p><img class=\"ods-a-photo ods-a-photo--background\" src=\"https:\/\/www.europesays.com\/pl\/wp-content\/uploads\/2026\/08\/Q7Lk9lBaHR0cHM6Ly9vY2RuLmV1L3B1bHNjbXMvTURBXy84MWJlY2IzYjhjZTk5YjNjNmVlMDI0ODIwMTgxOWJiNy5qcGeRkwXNA.jpeg\" height=\"896\" width=\"497\" alt=\"Cristiano Ronaldo na instastories\" loading=\"lazy\" fetchpriority=\"auto\" decoding=\"auto\"\/><\/p>\n<p>instagram<\/p>\n<p>Cristiano Ronaldo na instastories<\/p>\n<p>Ani Cristiano Ronaldo, ani Georgina Rodriguez wcze\u015bniej nie komentowali plotek m\u00f3wi\u0105cych o ich rzekomym dniu \u015blubu. Pi\u0142karz Al-Nassr po zar\u0119czynach og\u0142osi\u0142, \u017ce \u015blub nast\u0105pi po mistrzostwach \u015bwiata w Los Angeles. P\u00f3\u017aniej pojawi\u0142y si\u0119 g\u0142osy m\u00f3wi\u0105ce o tym, \u017ce Portugalczyk zwi\u0105\u017ce si\u0119 w\u0119z\u0142em ma\u0142\u017ce\u0144skim z Georgin\u0105 Rodriguez, gdy b\u0119dzie ju\u017c na sportowej emeryturze. W zwi\u0105zku z tym fani pary musz\u0105 uzbroi\u0107 si\u0119 w cierpliwo\u015b\u0107.<\/p>\n","protected":false},"excerpt":{"rendered":"W miejscach, gdzie mia\u0142y si\u0119 odby\u0107 \u015blub i wesele Portugalczyka i Argentynki, pojawi\u0142y si\u0119 dziesi\u0105tki ich fan\u00f3w. Okaza\u0142o&hellip;\n","protected":false},"author":2,"featured_media":610439,"comment_status":"","ping_status":"","sticky":false,"template":"","format":"standard","meta":{"footnotes":"","_share_on_mastodon":"0"},"categories":[22],"tags":[61195,3286,122,3287,48,129,46,948,42,38,40,39,41,123,47,556,130],"class_list":["post-610438","post","type-post","status-publish","format-standard","has-post-thumbnail","category-rozrywka","tag-bottomfeed_styl","tag-cristiano_ronaldo","tag-entertainment","tag-georgina_rodriguez","tag-nat_styl","tag-ofsajd","tag-omp","tag-pilka_nozna","tag-pl","tag-poland","tag-polish","tag-polska","tag-polski","tag-rozrywka","tag-screening_general","tag-slub","tag-wiadomosci_sportowe"],"share_on_mastodon":{"url":"https:\/\/pubeurope.com\/@pl\/117063550368948653","error":""},"_links":{"self":[{"href":"https:\/\/www.europesays.com\/pl\/wp-json\/wp\/v2\/posts\/610438","targetHints":{"allow":["GET"]}}],"collection":[{"href":"https:\/\/www.europesays.com\/pl\/wp-json\/wp\/v2\/posts"}],"about":[{"href":"https:\/\/www.europesays.com\/pl\/wp-json\/wp\/v2\/types\/post"}],"author":[{"embeddable":true,"href":"https:\/\/www.europesays.com\/pl\/wp-json\/wp\/v2\/users\/2"}],"replies":[{"embeddable":true,"href":"https:\/\/www.europesays.com\/pl\/wp-json\/wp\/v2\/comments?post=610438"}],"version-history":[{"count":0,"href":"https:\/\/www.europesays.com\/pl\/wp-json\/wp\/v2\/posts\/610438\/revisions"}],"wp:featuredmedia":[{"embeddable":true,"href":"https:\/\/www.europesays.com\/pl\/wp-json\/wp\/v2\/media\/610439"}],"wp:attachment":[{"href":"https:\/\/www.europesays.com\/pl\/wp-json\/wp\/v2\/media?parent=610438"}],"wp:term":[{"taxonomy":"category","embeddable":true,"href":"https:\/\/www.europesays.com\/pl\/wp-json\/wp\/v2\/categories?post=610438"},{"taxonomy":"post_tag","embeddable":true,"href":"https:\/\/www.europesays.com\/pl\/wp-json\/wp\/v2\/tags?post=610438"}],"curies":[{"name":"wp","href":"https:\/\/api.w.org\/{rel}","templated":true}]}}