{"id":610448,"date":"2026-08-09T04:03:17","date_gmt":"2026-08-09T04:03:17","guid":{"rendered":"https:\/\/www.europesays.com\/pl\/610448\/"},"modified":"2026-08-09T04:03:17","modified_gmt":"2026-08-09T04:03:17","slug":"demolka-w-las-vegas-walka-gamrota-trwala-niecala-runde","status":"publish","type":"post","link":"https:\/\/www.europesays.com\/pl\/610448\/","title":{"rendered":"Demolka w Las Vegas. Walka Gamrota trwa\u0142a nieca\u0142\u0105 rund\u0119"},"content":{"rendered":"\n<p class=\"contentpart contentpart--default contentpart--text\" data-position=\"0\"><a href=\"https:\/\/sportowefakty.wp.pl\/mma\/mateusz-gamrot\" rel=\"nofollow noopener\" target=\"_blank\">Mateusz Gamrot<\/a>\u00a0przyst\u0119powa\u0142 do walki po bardzo pewnym zwyci\u0119stwie nad Estebanem Ribovicsem. Z kolei Quillan Salkilld w ostatnim starciu znokautowa\u0142 Beneila Dariusha. Pojedynek wieczoru gali <a href=\"https:\/\/sportowefakty.wp.pl\/mma\/ufc\" rel=\"nofollow noopener\" target=\"_blank\">UFC<\/a> Fight Night by\u0142 bardzo wa\u017cny dla uk\u0142adu rankingu UFC dywizji lekkiej. Gamrot przed starciem zajmowa\u0142 8. miejsce, za\u015b Salkilld plasowa\u0142 si\u0119 4 pozycje ni\u017cej.<\/p>\n<p class=\"contentpart contentpart--default contentpart--text\" data-position=\"1\">&#8211; Uwielbiam, gdy pr\u00f3buje przewraca\u0107 rywali i pracowa\u0107 na dole. Odwo\u0142uje si\u0119 do zapas\u00f3w. Mam nadziej\u0119, \u017ce oka\u017ce si\u0119 m\u0119\u017cczyzn\u0105 i nie zrezygnuje z tej strategii, bo wtedy czeka nas ca\u0142a masa kot\u0142\u00f3w &#8211; m\u00f3wi\u0142 przed walk\u0105 w Las Vegas Gamrot.<\/p>\n<p>  <img decoding=\"async\" src=\"https:\/\/v.wpimg.pl\/X3dwLnN2d1IFFTpdYUl6R0ZNbgcnEHQREVV2TGEGbUtRT2MdOlZ2RBQUKABgQjQcDRotCStBd1IAAWMeIlM7VgwYIAorQAdEFFk_GCkQJQ\" alt=\"\" width=\"45\" height=\"58\" loading=\"lazy\"\/>  <\/p>\n<p class=\"contentpart contentpart--default contentpart--text\" data-position=\"2\">&#8211; My\u015bl\u0119, \u017ce mnie obali. P\u00f3\u017aniej b\u0119dziemy walczy\u0107 o pozycj\u0119, wr\u00f3cimy do st\u00f3jki, a wtedy go znokautuj\u0119. Taki jest plan &#8211; twierdzi\u0142 z kolei Salkilld.<\/p>\n<p class=\"contentpart contentpart--default contentpart--text\" data-position=\"3\">ZOBACZ WIDEO: Salahdine Parnasse zadebiutuje w UFC. Czy zarobi wi\u0119cej ni\u017c w KSW?<\/p>\n<p class=\"contentpart contentpart--default contentpart--text\" data-position=\"5\">Australijczyk zacz\u0105\u0142 od kopni\u0119\u0107, ale po 30 sekundach trafi\u0142 Polaka bardzo mocnym lewym sierpowym. Cios doszed\u0142 do g\u0142owy Polaka, kt\u00f3ry momentalnie ruszy\u0142 po obalenie tylko po to, \u017ceby przetrwa\u0107 trudne chwile. Salkilld skutecznie si\u0119 jednak obroni\u0142, ale co najwa\u017cniejsze nie panikowa\u0142 w zwarciu z Polakiem. &#8222;Gamer&#8221; jednak nie odpuszcza\u0142 i poszed\u0142 w parter, szukaj\u0105c balachy na kolano. Australijczyk nie da\u0142 si\u0119 jednak zaskoczy\u0107 i wr\u00f3ci\u0142 do st\u00f3jki, realizuj\u0105c sw\u00f3j plan. Co wi\u0119cej, nie ba\u0142 si\u0119 zapa\u015bniczych kot\u0142\u00f3w, o kt\u00f3rych Gamrot wspomina\u0142 przed pojedynkiem.<\/p>\n<p class=\"contentpart contentpart--default contentpart--text\" data-position=\"6\">Na dwie minuty przed ko\u0144cem rundy to Salkilld poszed\u0142 po obalenie i skutecznie posadzi\u0142 Polaka na macie. Co wi\u0119cej, Australijczyk okaza\u0142 si\u0119 stron\u0105 dominuj\u0105c\u0105 w kot\u0142ach zapa\u015bniczych i zaj\u0105\u0142 plecy Polaka. Na 35 sekund przed ko\u0144cem I rundy Salkilld zapi\u0105\u0142 duszenie zza plec\u00f3w i zmusi\u0142 Gamrota do poddania walki. Zwyci\u0119stwo Australijczyka nie jest wielkim zaskoczeniem, ale styl i spos\u00f3b, w jaki rozprawi\u0142 si\u0119 z Polakiem, ju\u017c tak. Pozostaje jedynie pytanie, czy na dyspozycj\u0119 Polaka mia\u0142 problemy zdrowotne, o kt\u00f3rych si\u0119 spekulowa\u0142o.<\/p>\n<p>  <img decoding=\"async\" src=\"https:\/\/v.wpimg.pl\/X3dwLnN2d1IFFTpdYUl6R0ZNbgcnEHQREVV2TGEGbUtRT2MdOlZ2RBQUKABgQjQcDRotCStBd1IAAWMeIlM7VgwYIAorQAdEFFk_GCkQJQ\" alt=\"\" width=\"45\" height=\"58\" loading=\"lazy\"\/>  <\/p>\n<p class=\"contentpart contentpart--default contentpart--text\" data-position=\"7\">Tak czy inaczej Salkilld zada\u0142 Polakowi pi\u0105t\u0105 pora\u017ck\u0119 w zawodowej karierze. Bolesn\u0105, poniewa\u017c Polak straci kilka miejsc w rankingu dywizji lekkiej organizacji UFC. Australijczyk dopisa\u0142 do swojego rekordu 13. wygran\u0105 (ju\u017c 6. w oktagonie UFC) i za chwil\u0119 zamelduje si\u0119 w czo\u0142owej &#8222;dziesi\u0105tce&#8221; rankingu.<\/p>\n","protected":false},"excerpt":{"rendered":"Mateusz Gamrot\u00a0przyst\u0119powa\u0142 do walki po bardzo pewnym zwyci\u0119stwie nad Estebanem Ribovicsem. Z kolei Quillan Salkilld w ostatnim starciu&hellip;\n","protected":false},"author":2,"featured_media":610449,"comment_status":"","ping_status":"","sticky":false,"template":"","format":"standard","meta":{"footnotes":"","_share_on_mastodon":"0"},"categories":[5],"tags":[32,33,36,37,27,34,35,11230,1255,28,31,25,42,38,40,39,41,1256,29,30,4848,26],"class_list":["post-610448","post","type-post","status-publish","format-standard","has-post-thumbnail","category-naglowki","tag-breaking-news","tag-breakingnews","tag-featured-news","tag-featurednews","tag-headlines","tag-latest-news","tag-latestnews","tag-mateusz-gamrot","tag-mma","tag-naglowki","tag-najwazniejsze-artykuly","tag-news","tag-pl","tag-poland","tag-polish","tag-polska","tag-polski","tag-sporty-walki","tag-top-stories","tag-topstories","tag-ufc","tag-wiadomosci"],"share_on_mastodon":{"url":"","error":""},"_links":{"self":[{"href":"https:\/\/www.europesays.com\/pl\/wp-json\/wp\/v2\/posts\/610448","targetHints":{"allow":["GET"]}}],"collection":[{"href":"https:\/\/www.europesays.com\/pl\/wp-json\/wp\/v2\/posts"}],"about":[{"href":"https:\/\/www.europesays.com\/pl\/wp-json\/wp\/v2\/types\/post"}],"author":[{"embeddable":true,"href":"https:\/\/www.europesays.com\/pl\/wp-json\/wp\/v2\/users\/2"}],"replies":[{"embeddable":true,"href":"https:\/\/www.europesays.com\/pl\/wp-json\/wp\/v2\/comments?post=610448"}],"version-history":[{"count":0,"href":"https:\/\/www.europesays.com\/pl\/wp-json\/wp\/v2\/posts\/610448\/revisions"}],"wp:featuredmedia":[{"embeddable":true,"href":"https:\/\/www.europesays.com\/pl\/wp-json\/wp\/v2\/media\/610449"}],"wp:attachment":[{"href":"https:\/\/www.europesays.com\/pl\/wp-json\/wp\/v2\/media?parent=610448"}],"wp:term":[{"taxonomy":"category","embeddable":true,"href":"https:\/\/www.europesays.com\/pl\/wp-json\/wp\/v2\/categories?post=610448"},{"taxonomy":"post_tag","embeddable":true,"href":"https:\/\/www.europesays.com\/pl\/wp-json\/wp\/v2\/tags?post=610448"}],"curies":[{"name":"wp","href":"https:\/\/api.w.org\/{rel}","templated":true}]}}