{"id":610478,"date":"2026-08-09T04:35:13","date_gmt":"2026-08-09T04:35:13","guid":{"rendered":"https:\/\/www.europesays.com\/pl\/610478\/"},"modified":"2026-08-09T04:35:13","modified_gmt":"2026-08-09T04:35:13","slug":"sluzby-odkryly-pseudohodowle-psow-w-kielcach-nowe-informacje","status":"publish","type":"post","link":"https:\/\/www.europesays.com\/pl\/610478\/","title":{"rendered":"S\u0142u\u017cby odkry\u0142y pseudohodowl\u0119 ps\u00f3w w Kielcach. Nowe informacje"},"content":{"rendered":"<p>Jak wygl\u0105da\u0142a interwencja?<\/p>\n<p>Policja i prokuratura zareagowa\u0142y na zg\u0142oszenie, a s\u0105d zastosowa\u0142 najsurowszy \u015brodek zapobiegawczy \u2014 tymczasowy areszt wobec w\u0142a\u015bciciela pseudohodowli. 35-latek prowadzi\u0142 dzia\u0142alno\u015b\u0107 pod przykrywk\u0105, rejestruj\u0105c oficjalnie tylko 21 ps\u00f3w, podczas gdy w rzeczywisto\u015bci przetrzymywa\u0142 ich ponad 300 w skrajnie z\u0142ych warunkach, w tym w niewentylowanym kurniku przy temperaturze 38 stopni.<\/p>\n","protected":false},"excerpt":{"rendered":"Jak wygl\u0105da\u0142a interwencja? Policja i prokuratura zareagowa\u0142y na zg\u0142oszenie, a s\u0105d zastosowa\u0142 najsurowszy \u015brodek zapobiegawczy \u2014 tymczasowy areszt&hellip;\n","protected":false},"author":2,"featured_media":610479,"comment_status":"","ping_status":"","sticky":false,"template":"","format":"standard","meta":{"footnotes":"","_share_on_mastodon":"0"},"categories":[12],"tags":[61195,32,33,36,37,27,2121,49,34,35,28,31,48,25,46,55,6183,42,38,40,39,41,412,47,29,30,70,26],"class_list":["post-610478","post","type-post","status-publish","format-standard","has-post-thumbnail","category-polska","tag-bottomfeed_styl","tag-breaking-news","tag-breakingnews","tag-featured-news","tag-featurednews","tag-headlines","tag-kielce","tag-kraj","tag-latest-news","tag-latestnews","tag-naglowki","tag-najwazniejsze-artykuly","tag-nat_styl","tag-news","tag-omp","tag-phx","tag-pies","tag-pl","tag-poland","tag-polish","tag-polska","tag-polski","tag-prawo_sady_prawnicy","tag-screening_general","tag-top-stories","tag-topstories","tag-w_skrocie","tag-wiadomosci"],"share_on_mastodon":{"url":"https:\/\/pubeurope.com\/@pl\/117063695014194557","error":""},"_links":{"self":[{"href":"https:\/\/www.europesays.com\/pl\/wp-json\/wp\/v2\/posts\/610478","targetHints":{"allow":["GET"]}}],"collection":[{"href":"https:\/\/www.europesays.com\/pl\/wp-json\/wp\/v2\/posts"}],"about":[{"href":"https:\/\/www.europesays.com\/pl\/wp-json\/wp\/v2\/types\/post"}],"author":[{"embeddable":true,"href":"https:\/\/www.europesays.com\/pl\/wp-json\/wp\/v2\/users\/2"}],"replies":[{"embeddable":true,"href":"https:\/\/www.europesays.com\/pl\/wp-json\/wp\/v2\/comments?post=610478"}],"version-history":[{"count":0,"href":"https:\/\/www.europesays.com\/pl\/wp-json\/wp\/v2\/posts\/610478\/revisions"}],"wp:featuredmedia":[{"embeddable":true,"href":"https:\/\/www.europesays.com\/pl\/wp-json\/wp\/v2\/media\/610479"}],"wp:attachment":[{"href":"https:\/\/www.europesays.com\/pl\/wp-json\/wp\/v2\/media?parent=610478"}],"wp:term":[{"taxonomy":"category","embeddable":true,"href":"https:\/\/www.europesays.com\/pl\/wp-json\/wp\/v2\/categories?post=610478"},{"taxonomy":"post_tag","embeddable":true,"href":"https:\/\/www.europesays.com\/pl\/wp-json\/wp\/v2\/tags?post=610478"}],"curies":[{"name":"wp","href":"https:\/\/api.w.org\/{rel}","templated":true}]}}