{"id":610480,"date":"2026-08-09T04:36:17","date_gmt":"2026-08-09T04:36:17","guid":{"rendered":"https:\/\/www.europesays.com\/pl\/610480\/"},"modified":"2026-08-09T04:36:17","modified_gmt":"2026-08-09T04:36:17","slug":"skoki-narciarskie-lgp-w-courchevel-triumf-tschofeniga-dwoch-polakow-z-punktami","status":"publish","type":"post","link":"https:\/\/www.europesays.com\/pl\/610480\/","title":{"rendered":"Skoki narciarskie. LGP w Courchevel: Triumf Tschofeniga, dw\u00f3ch Polak\u00f3w z punktami"},"content":{"rendered":"<p>Daniel Tschofenig zosta\u0142 zwyci\u0119zc\u0105 sobotniego konkursu indywidualnego Letniego Grand Prix na olimpijskiej skoczni Tremplin du Praz (HS132) w Courchevel. Reprezentant Austrii odda\u0142 skoki na odleg\u0142o\u015b\u0107 125,5 m i 129,5 m. Drugie miejsce zaj\u0105\u0142 Philipp Raimund, a trzecie &#8211; lider cyklu, Naoki Nakamura.. Awans do fina\u0142u wywalczy\u0142o dw\u00f3ch Polak\u00f3w. Pi\u0119tnasty by\u0142 Maciej Kot, z kolei dwudziesty czwarty Aleksander Zniszczo\u0142.<\/p>\n<p>                            <a class=\"fancybox\" href=\"https:\/\/www.skijumping.pl\/content\/images\/news\/powieksz\/podium_2026-08-08_20-27-27.jpg\" data-fancybox=\"gallery38944\" data-caption=\"08.08.2026 - Podium LGP w Courchevel, fot. Tadeusz Mieczy\u0144ski\" rel=\"nofollow noopener\" target=\"_blank\"><img decoding=\"async\" class=\"img-responsive lazyload\" src=\"https:\/\/www.europesays.com\/pl\/wp-content\/uploads\/2026\/08\/280x190_q80_podium_2026-08-08_20-27-27.jpg\" alt=\"08.08.2026 - Podium LGP w Courchevel\" title=\"08.08.2026 - Podium LGP w Courchevel\"\/><\/a>08.08.2026 &#8211; Podium LGP w Courchevel<a class=\"fancybox\" href=\"https:\/\/www.skijumping.pl\/content\/images\/news\/powieksz\/tschofenig_2026-08-08_20-30-29.jpg\" data-fancybox=\"gallery38944\" data-caption=\"Daniel Tschofenig, fot. Tadeusz Mieczy\u0144ski\" rel=\"nofollow noopener\" target=\"_blank\"><img decoding=\"async\" class=\"img-responsive lazyload\" src=\"https:\/\/www.europesays.com\/pl\/wp-content\/uploads\/2026\/08\/280x190_q80_tschofenig_2026-08-08_20-30-29.jpg\" alt=\"Daniel Tschofenig\" title=\"Daniel Tschofenig\"\/><\/a>Daniel Tschofenig<\/p>\n<p>fot. Tadeusz Mieczy\u0144ski<\/p>\n<p><a class=\"fancybox\" href=\"https:\/\/www.skijumping.pl\/content\/images\/news\/powieksz\/raimund_2026-08-08_20-32-17.jpg\" data-fancybox=\"gallery38944\" data-caption=\"Philipp Raimund, fot. Tadeusz Mieczy\u0144ski\" rel=\"nofollow noopener\" target=\"_blank\"><img decoding=\"async\" class=\"img-responsive lazyload\" src=\"https:\/\/www.europesays.com\/pl\/wp-content\/uploads\/2026\/08\/280x190_q80_raimund_2026-08-08_20-32-17.jpg\" alt=\"Philipp Raimund\" title=\"Philipp Raimund\"\/><\/a>Philipp Raimund<\/p>\n<p>fot. Tadeusz Mieczy\u0144ski<\/p>\n<p><a class=\"fancybox\" href=\"https:\/\/www.skijumping.pl\/content\/images\/news\/powieksz\/nakamura_2026-08-08_20-33-25.jpg\" data-fancybox=\"gallery38944\" data-caption=\"Naoki Nakamura, fot. Tadeusz Mieczy\u0144ski\" rel=\"nofollow noopener\" target=\"_blank\"><img decoding=\"async\" class=\"img-responsive lazyload\" src=\"https:\/\/www.europesays.com\/pl\/wp-content\/uploads\/2026\/08\/280x190_q80_nakamura_2026-08-08_20-33-25.jpg\" alt=\"Naoki Nakamura\" title=\"Naoki Nakamura\"\/><\/a>Naoki Nakamura<\/p>\n<p>fot. Tadeusz Mieczy\u0144ski<\/p>\n<p>Po pierwszej serii liderem zosta\u0142 Maximilian Ortner (125,5 m) z przewag\u0105 0,7 punktu nad Danielem Tschofenigem (130 m) oraz 1,4 pkt. nad Naokim Nakamur\u0105 (128 m). Czwarty by\u0142 Stefan Kraft (127,5 m), pi\u0105ty Philipp Raimund (129 m), a sz\u00f3sty Marius Lindvik (128,5 m).<\/p>\n<p>Kolejne miejsca zajmowali Jonas Schuster (129 m), Stephan Embacher (128,5 m), Andreas Wellinger (127 m) i Gregor Deschwanden (123 m).<\/p>\n<p>Awans do fina\u0142u wywalczy\u0142o dw\u00f3ch reprezentant\u00f3w Polski. Osiemnaste miejsce na p\u00f3\u0142metku okupowa\u0142 Maciej Kot (119 m). Dwudziesty trzeci by\u0142 Aleksander Zniszczo\u0142 (120 m).<\/p>\n<p>Na trzydziestej \u00f3smej pozycji konkurs uko\u0144czy\u0142 Jakub Wolny (113 m). Pi\u0119\u0107dziesi\u0105ty by\u0142 Kamil Waszek (101,5 m), z kolei sze\u015b\u0107dziesi\u0105ty Klemens Joniak (80,5 m).<\/p>\n<p>Pierwsz\u0105 seri\u0119 konkursow\u0105 rozegrano z 15. belki startowej. Z powodu nieregulaminowych but\u00f3w zdyskwalifikowany zosta\u0142 Hektor Kapustik.<\/p>\n<p>W rundzie fina\u0142owej po drugie w karierze zwyci\u0119stwo w zawodach Letniego Grand Prix si\u0119gn\u0105\u0142 Daniel Tschofenig. Austriak dzi\u0119ki pr\u00f3bie na odleg\u0142o\u015b\u0107 129,5 metra wyprzedzi\u0142 o 1,7 punktu Philippa Raimunda (131 m). Na najni\u017cszym stopniu podium stan\u0105\u0142 Naoki Nakamura (124,5 m). Lider na p\u00f3\u0142metku, Maximilian Ortner (126,5 m) ostatecznie by\u0142 czwarty, za Stephanem Embacherem (130 m) i mariusem Lindvikiem (127,5 m).<\/p>\n<p>Na si\u00f3dmej pozycji konkurs uko\u0144czy\u0142 Jonas Schuster (124 m), \u00f3sme miejsce zaj\u0105\u0142 Andreas Wellinger (123,5 m), dziewi\u0105ty by\u0142 Stefan Kraft (118,5 m), natomiast dziesi\u0105ty Gregor Deschwanden (124 m).<\/p>\n<p>Maciej Kot po drugim skoku na odleg\u0142o\u015b\u0107 123,5 metra zaj\u0105\u0142 pi\u0119tnast\u0105 pozycj\u0119. Dwudziesty czwarty by\u0142 Aleksander Zniszczo\u0142 (115 m).<\/p>\n<p>Rund\u0119 fina\u0142ow\u0105 rozegrano z 17. belki. Stefan Kraft na \u017cyczenie trenera rusza\u0142 z 15. platformy, ale nie uzyska\u0142 wymaganej odleg\u0142o\u015bci, aby uzyska\u0107 bonifikat\u0119 punktow\u0105.<\/p>\n<p>Liderem Letniego Grand Prix pozosta\u0142 Naoki Nakamura (260 pkt.) przed Gregorem Deschwandenem (136 pkt.) i Dani\u0142em Wasiljewem (115 pkt.). Jedenasty jest, nieobecny w Courchevel, Kacper Tomasiak (62 pkt.).<\/p>\n<p>Na czele Letniego Pucharu Narod\u00f3w znajduj\u0105 si\u0119 reprezentacje Austrii (525 pkt.), Japonii (298 pkt.) i Szwajcarii (235 pkt.). Polska (164 pkt.) jest pi\u0105ta.<\/p>\n<p>Na niedziel\u0119 zaplanowano drugi konkurs w Courchevel. O 10:30 rozpoczn\u0105 si\u0119 kwalifikacje, z kolei o 18:00 &#8211; zawody.<\/p>\n<p style=\"text-align: justify;\">WYNIKI I KLASYFIKACJE:<br \/>&#13;<br \/>\n<a href=\"https:\/\/www.skijumping.pl\/wyniki\/zawody\/5739\/1\" target=\"_blank\" rel=\"nofollow noopener\">Zobacz wyniki I serii konkursu &gt;&gt;&gt;<\/a><br \/>&#13;<br \/>\n<a href=\"https:\/\/www.skijumping.pl\/wyniki\/zawody\/5739\" target=\"_blank\" rel=\"nofollow noopener\">Zobacz ko\u0144cowe wyniki konkursu &gt;&gt;&gt;<\/a><br \/>&#13;<br \/>\n<a href=\"http:\/\/data.fis-ski.com\/pdf\/2027\/JP\/0261\/2027JP0261RL.pdf\" target=\"_blank\" rel=\"nofollow noopener\">Zobacz protok\u00f3\u0142 FIS z wynikami konkursu &gt;&gt;&gt;<\/a><br \/>&#13;<br \/>\n<a href=\"https:\/\/www.skijumping.pl\/wyniki\/klasyfikacja\/lgp\/2026-2027\" target=\"_blank\" rel=\"nofollow noopener\">Zobacz aktualn\u0105 klasyfikacj\u0119 Letniego Grand Prix &gt;&gt;&gt;<\/a><br \/>&#13;<br \/>\n<a href=\"https:\/\/www.skijumping.pl\/wyniki\/klasyfikacja\/lgp\/puchar_narodow\/2026-2027\" target=\"_blank\" rel=\"nofollow noopener\">Zobacz aktualn\u0105 klasyfikacj\u0119 Letniego Pucharu Narod\u00f3w &gt;&gt;&gt;<\/a><br \/>&#13;<br \/>\n<a href=\"https:\/\/www.skijumping.pl\/wyniki\/klasyfikacja\/ps\/crl\" target=\"_blank\" rel=\"nofollow noopener\">Zobacz aktualny ranking WRL &gt;&gt;&gt;<\/a><\/p>\n","protected":false},"excerpt":{"rendered":"Daniel Tschofenig zosta\u0142 zwyci\u0119zc\u0105 sobotniego konkursu indywidualnego Letniego Grand Prix na olimpijskiej skoczni Tremplin du Praz (HS132) w&hellip;\n","protected":false},"author":2,"featured_media":610481,"comment_status":"","ping_status":"","sticky":false,"template":"","format":"standard","meta":{"footnotes":"","_share_on_mastodon":"0"},"categories":[5],"tags":[1574,1546,1557,1558,32,33,1561,1573,36,37,1571,1563,27,291,1553,1564,1549,1551,1543,1550,34,35,1562,1547,1565,28,31,1540,1568,25,1544,42,38,40,39,41,1554,1359,1567,1560,1559,1566,1556,1569,1539,1538,1555,1552,1541,29,30,1548,26,1542,1570,1572,645,1545],"class_list":["post-610480","post","type-post","status-publish","format-standard","has-post-thumbnail","category-naglowki","tag-4skocznie","tag-adam","tag-adam-malysz","tag-adammalysz","tag-breaking-news","tag-breakingnews","tag-coc","tag-czteryskocznie","tag-featured-news","tag-featurednews","tag-fis","tag-fis-cup","tag-headlines","tag-historia","tag-horngacher","tag-io","tag-kobayashi","tag-kraft","tag-kuba","tag-kubacki","tag-latest-news","tag-latestnews","tag-lotos-cup","tag-malysz","tag-ms","tag-naglowki","tag-najwazniejsze-artykuly","tag-narciarskie","tag-narty","tag-news","tag-piotrek","tag-pl","tag-poland","tag-polish","tag-polska","tag-polski","tag-polskie","tag-ranking","tag-ski-jumping","tag-skijump","tag-skijumping","tag-skoczkowie","tag-skocznia","tag-skocznie","tag-skoki","tag-skoki-narciarskie","tag-skokinarciarskie","tag-stefan","tag-stoch","tag-top-stories","tag-topstories","tag-wellinger","tag-wiadomosci","tag-wolny","tag-zakopane","tag-zawody","tag-zdjecia","tag-zyla"],"share_on_mastodon":{"url":"","error":"Validation failed: Text character limit of 500 exceeded"},"_links":{"self":[{"href":"https:\/\/www.europesays.com\/pl\/wp-json\/wp\/v2\/posts\/610480","targetHints":{"allow":["GET"]}}],"collection":[{"href":"https:\/\/www.europesays.com\/pl\/wp-json\/wp\/v2\/posts"}],"about":[{"href":"https:\/\/www.europesays.com\/pl\/wp-json\/wp\/v2\/types\/post"}],"author":[{"embeddable":true,"href":"https:\/\/www.europesays.com\/pl\/wp-json\/wp\/v2\/users\/2"}],"replies":[{"embeddable":true,"href":"https:\/\/www.europesays.com\/pl\/wp-json\/wp\/v2\/comments?post=610480"}],"version-history":[{"count":0,"href":"https:\/\/www.europesays.com\/pl\/wp-json\/wp\/v2\/posts\/610480\/revisions"}],"wp:featuredmedia":[{"embeddable":true,"href":"https:\/\/www.europesays.com\/pl\/wp-json\/wp\/v2\/media\/610481"}],"wp:attachment":[{"href":"https:\/\/www.europesays.com\/pl\/wp-json\/wp\/v2\/media?parent=610480"}],"wp:term":[{"taxonomy":"category","embeddable":true,"href":"https:\/\/www.europesays.com\/pl\/wp-json\/wp\/v2\/categories?post=610480"},{"taxonomy":"post_tag","embeddable":true,"href":"https:\/\/www.europesays.com\/pl\/wp-json\/wp\/v2\/tags?post=610480"}],"curies":[{"name":"wp","href":"https:\/\/api.w.org\/{rel}","templated":true}]}}