{"id":610748,"date":"2026-08-09T07:45:09","date_gmt":"2026-08-09T07:45:09","guid":{"rendered":"https:\/\/www.europesays.com\/pl\/610748\/"},"modified":"2026-08-09T07:45:09","modified_gmt":"2026-08-09T07:45:09","slug":"cztery-akcje-osp-garbow-w-ciagu-jednego-dnia-mezczyzna-przygnieciony-przez-kosiarke-i-zderzenie-trzech-aut","status":"publish","type":"post","link":"https:\/\/www.europesays.com\/pl\/610748\/","title":{"rendered":"Cztery akcje OSP Garb\u00f3w w ci\u0105gu jednego dnia. M\u0119\u017cczyzna przygnieciony przez kosiark\u0119 i zderzenie trzech aut"},"content":{"rendered":"<p>                                    M\u0119\u017cczyzna przygnieciony przez kosiark\u0119<\/p>\n<p>Pierwszy alarm og\u0142oszono o godz. 11.57. Stra\u017cacy zostali skierowani do Bogucina, gdzie pomocy potrzebowa\u0142 m\u0119\u017cczyzna przygnieciony przez kosiark\u0119 traktorow\u0105.<\/p>\n<p>\u2013 Zostali\u015bmy zadysponowani do Bogucina w celu pomocy zespo\u0142owi ratownictwa medycznego i m\u0119\u017cczy\u017anie, kt\u00f3ry zosta\u0142 przygnieciony przez kosiark\u0119 traktorow\u0105 \u2013 przekazali stra\u017cacy z OSP Garb\u00f3w.<\/p>\n<p>W dzia\u0142aniach uczestniczyli r\u00f3wnie\u017c stra\u017cacy z Jednostki Ratowniczo-Ga\u015bniczej nr 1 w Lublinie, ratownicy medyczni oraz policjanci. M\u0119\u017cczyzna z obra\u017ceniami cia\u0142a zosta\u0142 przewieziony do szpitala.<\/p>\n<p>Samoch\u00f3d uderzy\u0142 w bariery na trasie S17\/S12<\/p>\n<p>Kolejne zg\u0142oszenie wp\u0142yn\u0119\u0142o o godz. 17.32. Na drodze ekspresowej S17\/S12, na wysoko\u015bci miejscowo\u015bci Zagrody, samoch\u00f3d osobowy uderzy\u0142 w bariery energoch\u0142onne.<\/p>\n<p>Na miejsce skierowano zast\u0119py JRG 1 Lublin i OSP Garb\u00f3w. Dzia\u0142ania prowadzi\u0142a tak\u017ce policja.<\/p>\n<p><img loading=\"lazy\" decoding=\"async\" class=\"alignnone size-medium wp-image-522302\" src=\"https:\/\/www.europesays.com\/pl\/wp-content\/uploads\/2026\/08\/771652142_1362437342709869_2260149221705505577_n-640x411.jpg\" alt=\"Cztery akcje OSP Garb\u00f3w w ci\u0105gu jednego dnia. M\u0119\u017cczyzna przygnieciony przez kosiark\u0119 i zderzenie trzech aut\" width=\"500\" height=\"321\"  \/><\/p>\n<p>Zderzenie trzech samochod\u00f3w w Garbowie<\/p>\n<p>Niespe\u0142na p\u00f3\u0142torej godziny p\u00f3\u017aniej, o godz. 18.54, s\u0142u\u017cby ratunkowe zosta\u0142y wezwane na ul. Warszawsk\u0105 w Garbowie. Na \u015bwiat\u0142ach przed przej\u015bciem dla pieszych dosz\u0142o tam do zderzenia trzech samochod\u00f3w osobowych.<\/p>\n<p>W akcji uczestniczyli stra\u017cacy z JRG 1 Lublin i OSP Garb\u00f3w, Zesp\u00f3\u0142 Ratownictwa Medycznego oraz policja.<\/p>\n<p>Pomoc dla kobiety w zaawansowanej ci\u0105\u017cy<\/p>\n<p>Ostatni sobotni alarm og\u0142oszono o godz. 20.03. Stra\u017cacy ponownie udali si\u0119 na ul. Warszawsk\u0105 w Garbowie, tym razem w celu wsparcia zespo\u0142u ratownictwa medycznego udzielaj\u0105cego pomocy kobiecie w zaawansowanej ci\u0105\u017cy.<\/p>\n<p>By\u0142 to czwarty wyjazd jednostki w ci\u0105gu nieco ponad o\u015bmiu godzin. W dzia\u0142aniach uczestniczyli stra\u017cacy z OSP Garb\u00f3w oraz ratownicy medyczni.<\/p>\n<p>\u0179r\u00f3d\u0142o: OSP KSRG Garb\u00f3w<\/p>\n","protected":false},"excerpt":{"rendered":"M\u0119\u017cczyzna przygnieciony przez kosiark\u0119 Pierwszy alarm og\u0142oszono o godz. 11.57. Stra\u017cacy zostali skierowani do Bogucina, gdzie pomocy potrzebowa\u0142&hellip;\n","protected":false},"author":2,"featured_media":610749,"comment_status":"","ping_status":"","sticky":false,"template":"","format":"standard","meta":{"footnotes":"","_share_on_mastodon":"0"},"categories":[51612],"tags":[120758,95258,1081,120759,42,38,40,39,41,120760,7891,120761,120762,103548],"class_list":["post-610748","post","type-post","status-publish","format-standard","has-post-thumbnail","category-lublin","tag-bogucin","tag-garbow","tag-lublin","tag-osp-garbow","tag-pl","tag-poland","tag-polish","tag-polska","tag-polski","tag-s17-s12","tag-straz-pozarna","tag-wypadek-z-kosiarka","tag-zagrody","tag-zderzenie-samochodow"],"share_on_mastodon":{"url":"","error":""},"_links":{"self":[{"href":"https:\/\/www.europesays.com\/pl\/wp-json\/wp\/v2\/posts\/610748","targetHints":{"allow":["GET"]}}],"collection":[{"href":"https:\/\/www.europesays.com\/pl\/wp-json\/wp\/v2\/posts"}],"about":[{"href":"https:\/\/www.europesays.com\/pl\/wp-json\/wp\/v2\/types\/post"}],"author":[{"embeddable":true,"href":"https:\/\/www.europesays.com\/pl\/wp-json\/wp\/v2\/users\/2"}],"replies":[{"embeddable":true,"href":"https:\/\/www.europesays.com\/pl\/wp-json\/wp\/v2\/comments?post=610748"}],"version-history":[{"count":0,"href":"https:\/\/www.europesays.com\/pl\/wp-json\/wp\/v2\/posts\/610748\/revisions"}],"wp:featuredmedia":[{"embeddable":true,"href":"https:\/\/www.europesays.com\/pl\/wp-json\/wp\/v2\/media\/610749"}],"wp:attachment":[{"href":"https:\/\/www.europesays.com\/pl\/wp-json\/wp\/v2\/media?parent=610748"}],"wp:term":[{"taxonomy":"category","embeddable":true,"href":"https:\/\/www.europesays.com\/pl\/wp-json\/wp\/v2\/categories?post=610748"},{"taxonomy":"post_tag","embeddable":true,"href":"https:\/\/www.europesays.com\/pl\/wp-json\/wp\/v2\/tags?post=610748"}],"curies":[{"name":"wp","href":"https:\/\/api.w.org\/{rel}","templated":true}]}}