{"id":610786,"date":"2026-08-09T08:09:15","date_gmt":"2026-08-09T08:09:15","guid":{"rendered":"https:\/\/www.europesays.com\/pl\/610786\/"},"modified":"2026-08-09T08:09:15","modified_gmt":"2026-08-09T08:09:15","slug":"fifa-opublikowala-komunikat-w-sprawie-gianniego-infantino-jasny-przekaz","status":"publish","type":"post","link":"https:\/\/www.europesays.com\/pl\/610786\/","title":{"rendered":"FIFA opublikowa\u0142a komunikat w sprawie Gianniego Infantino. Jasny przekaz"},"content":{"rendered":"<p>To kolejny rozdzia\u0142 kryzysu wok\u00f3\u0142 Infantino, kt\u00f3ry w ostatnich tygodniach znalaz\u0142 si\u0119 pod ogromn\u0105 presj\u0105, przede wszystkim ze strony europejskiego futbolu.<\/p>\n<p>Dalszy ci\u0105g artyku\u0142u pod materia\u0142em wideo<\/p>\n<p>Sprawa nabra\u0142a tempa po publikacji &#8222;Daily Telegraph&#8221;, kt\u00f3ry opisuje rzekomy romans Infantino z czas\u00f3w, gdy pe\u0142ni\u0142 funkcj\u0119 sekretarza generalnego UEFA. Wed\u0142ug gazety domniemana kochanka mia\u0142a otrzyma\u0107 od UEFA odpraw\u0119 po zako\u0144czeniu wsp\u00f3\u0142pracy.<\/p>\n<p><a href=\"https:\/\/przegladsportowy.onet.pl\/\" title=\"Strona g\u0142\u00f3wna serwisu\" aria-label=\"Strona g\u0142\u00f3wna serwisu\" data-astro-prefetch=\"tap\" class=\"ods-a-logo-main-desktop\" rel=\"nofollow noopener\" target=\"_blank\"><img src=\"https:\/\/cdn.przegladsportowy.onet.pl\/img\/Logo_desktop_Onet.svg\" class=\"ods-a-logo-main-desktop__image\" alt=\"Logo\" width=\"107\" height=\"60\" fetchpriority=\"high\" decoding=\"sync\" style=\"height:60px\"\/><\/a><\/p>\n<p class=\"ods-m-google-article__text\">Czytaj nas cz\u0119\u015bciej w Google<\/p>\n<p><a href=\"https:\/\/google.com\/preferences\/source?q=przegladsportowy.onet.pl\" target=\"_blank\" rel=\"noopener noreferrer nofollow\" aria-label=\"Dodaj w Google\" title=\"Dodaj w Google\" class=\"ods-a-button ods-a-button__primary ods-a-button__default ods-a-button-l\">Dodaj w Google<\/a><\/p>\n<p>FIFA stanowczo odrzuci\u0142a te informacje. &#8222;Bezpodstawne sugestie i ewidentnie fa\u0142szywe twierdzenia&#8221; \u2014 tak organizacja okre\u015bli\u0142a pojawiaj\u0105ce si\u0119 zarzuty. Podkre\u015blono r\u00f3wnie\u017c, \u017ce &#8222;spekulacje i insynuacje nie powinny by\u0107 przedstawiane jako fakty&#8221;.<\/p>\n<p>Sam Infantino, za po\u015brednictwem rzecznika FIFA, zdecydowanie zaprzeczy\u0142 oskar\u017ceniom. Organizacja przekonuje, \u017ce cz\u0119\u015b\u0107 publikacji wpisuje si\u0119 w szersz\u0105 pr\u00f3b\u0119 os\u0142abienia jej prezydenta.<\/p>\n<p>&#8222;Coraz bardziej oczywiste staje si\u0119, \u017ce niekt\u00f3rzy prowadz\u0105 skoordynowan\u0105 i ci\u0105g\u0142\u0105 kampani\u0119 maj\u0105c\u0105 na celu podwa\u017cenie pozycji FIFA i jej prezydenta&#8221; \u2014 czytamy w komunikacie.<\/p>\n<p>&#8222;Tego nie mo\u017cna osi\u0105gn\u0105\u0107 przez insynuacje&#8221;<\/p>\n<p>FIFA przypomnia\u0142a r\u00f3wnie\u017c, \u017ce Infantino zosta\u0142 demokratycznie wybrany przez federacje cz\u0142onkowskie i nadal sprawuje funkcj\u0119 na podstawie ich mandatu.<\/p>\n<p>\u015awiatowa federacja wys\u0142a\u0142a przy tym wyra\u017any sygna\u0142 swoim przeciwnikom. Jej zdaniem osoby, kt\u00f3re nie maj\u0105 poparcia wi\u0119kszo\u015bci cz\u0142onk\u00f3w FIFA, nie powinny pr\u00f3bowa\u0107 osi\u0105ga\u0107 swoich cel\u00f3w poprzez zarzuty, insynuacje czy dezinformacj\u0119, zamiast korzysta\u0107 z demokratycznych procedur obowi\u0105zuj\u0105cych w organizacji.<\/p>\n<p>Komunikat pojawi\u0142 si\u0119 w wyj\u0105tkowo trudnym momencie dla Szwajcara. UEFA oraz cz\u0119\u015b\u0107 europejskich federacji coraz otwarciej krytykuj\u0105 jego dzia\u0142ania po wycofaniu projektu FIFA Forward Enterprise.<\/p>\n<p>Plan zak\u0142ada\u0142 utworzenie nowej sp\u00f3\u0142ki zajmuj\u0105cej si\u0119 prawami komercyjnymi i biletowymi FIFA. 21 proc. udzia\u0142\u00f3w mia\u0142o trafi\u0107 do prywatnej firmy inwestycyjnej. Projekt spotka\u0142 si\u0119 z du\u017cym sprzeciwem w Europie, a UEFA twierdzi, \u017ce straci\u0142a zaufanie do Infantino.<\/p>\n<p>Prezes Norweskiego Zwi\u0105zku Pi\u0142ki No\u017cnej Lise Klaveness wezwa\u0142a go nawet do rezygnacji. UEFA podkre\u015bla r\u00f3wnie\u017c, \u017ce gro\u017aba bojkotu wydarze\u0144 organizowanych przez FIFA wci\u0105\u017c pozostaje aktualna.<\/p>\n<p>Sprzeciw wobec prezydenta FIFA nie jest jednak globalny. Meksyka\u0144ska Federacja Pi\u0142karska wy\u0142ama\u0142a si\u0119 ze stanowiska Concacafu i popar\u0142a Infantino, <a href=\"https:\/\/przegladsportowy.onet.pl\/pilka-nozna\/wrze-po-ruchu-argentyny-w-sprawie-fifa-i-gianniego-infantino\/1lx3feh\" id=\"e774be25-3457-4981-8b1a-697fd04f58de\" rel=\"nofollow noopener\" target=\"_blank\">tak samo uczyni\u0142a Argenty\u0144ska Federacja Pi\u0142karska<\/a>, podobnie jak po\u0142udniowoameryka\u0144ska Conmebol.<\/p>\n<p>Ta ostatnia sprzeciwia si\u0119 ewentualnej pr\u00f3bie usuni\u0119cia Szwajcara bez g\u0142osowania wszystkich 211 federacji cz\u0142onkowskich FIFA.<\/p>\n<p>Infantino mo\u017ce r\u00f3wnie\u017c liczy\u0107 na jednog\u0142o\u015bne poparcie 54 federacji zrzeszonych w Afryka\u0144skiej Konfederacji Pi\u0142karskiej (CAF).<\/p>\n","protected":false},"excerpt":{"rendered":"To kolejny rozdzia\u0142 kryzysu wok\u00f3\u0142 Infantino, kt\u00f3ry w ostatnich tygodniach znalaz\u0142 si\u0119 pod ogromn\u0105 presj\u0105, przede wszystkim ze&hellip;\n","protected":false},"author":2,"featured_media":610787,"comment_status":"","ping_status":"","sticky":false,"template":"","format":"standard","meta":{"footnotes":"","_share_on_mastodon":"0"},"categories":[52122],"tags":[61195,1285,5633,48,46,948,6010,752,42,38,40,39,41,47,2238],"class_list":["post-610786","post","type-post","status-publish","format-standard","has-post-thumbnail","category-pko-bank-polski","tag-bottomfeed_styl","tag-fifa","tag-gianni_infantino","tag-nat_styl","tag-omp","tag-pilka_nozna","tag-pko-bank-polski","tag-pko-bp","tag-pl","tag-poland","tag-polish","tag-polska","tag-polski","tag-screening_general","tag-szwajcaria"],"share_on_mastodon":{"url":"https:\/\/pubeurope.com\/@pl\/117064537026717501","error":""},"_links":{"self":[{"href":"https:\/\/www.europesays.com\/pl\/wp-json\/wp\/v2\/posts\/610786","targetHints":{"allow":["GET"]}}],"collection":[{"href":"https:\/\/www.europesays.com\/pl\/wp-json\/wp\/v2\/posts"}],"about":[{"href":"https:\/\/www.europesays.com\/pl\/wp-json\/wp\/v2\/types\/post"}],"author":[{"embeddable":true,"href":"https:\/\/www.europesays.com\/pl\/wp-json\/wp\/v2\/users\/2"}],"replies":[{"embeddable":true,"href":"https:\/\/www.europesays.com\/pl\/wp-json\/wp\/v2\/comments?post=610786"}],"version-history":[{"count":0,"href":"https:\/\/www.europesays.com\/pl\/wp-json\/wp\/v2\/posts\/610786\/revisions"}],"wp:featuredmedia":[{"embeddable":true,"href":"https:\/\/www.europesays.com\/pl\/wp-json\/wp\/v2\/media\/610787"}],"wp:attachment":[{"href":"https:\/\/www.europesays.com\/pl\/wp-json\/wp\/v2\/media?parent=610786"}],"wp:term":[{"taxonomy":"category","embeddable":true,"href":"https:\/\/www.europesays.com\/pl\/wp-json\/wp\/v2\/categories?post=610786"},{"taxonomy":"post_tag","embeddable":true,"href":"https:\/\/www.europesays.com\/pl\/wp-json\/wp\/v2\/tags?post=610786"}],"curies":[{"name":"wp","href":"https:\/\/api.w.org\/{rel}","templated":true}]}}