{"id":610868,"date":"2026-08-09T08:57:10","date_gmt":"2026-08-09T08:57:10","guid":{"rendered":"https:\/\/www.europesays.com\/pl\/610868\/"},"modified":"2026-08-09T08:57:10","modified_gmt":"2026-08-09T08:57:10","slug":"wybuch-drona-przy-gazociagu-bulgaria-wzywa-ukrainskiego-ambasadora-wiadomosci-onet","status":"publish","type":"post","link":"https:\/\/www.europesays.com\/pl\/610868\/","title":{"rendered":"Wybuch drona przy gazoci\u0105gu. Bu\u0142garia wzywa ukrai\u0144skiego ambasadora &#8211; Wiadomo\u015bci Onet"},"content":{"rendered":"<ol>\n<li><a href=\"https:\/\/news.google.com\/rss\/articles\/CBMiqwFBVV95cUxPTERKaVlNRDYzbnhrNHBtdlVnUzVMY3FFeTdQSXpQYU9sR2V1cnBqME1jMG1Ea1ZyNHZRbUhUdE5JWGNGVU1Eak9CdmFhOUlyVnpRZzQtbWtfVnNXWlQ4d0o5NzRLYnphbE50Y0hfU1JuVkM0SU02cmZVOFEwS3BGSF9hazEyN19RMHF0czY1RDdlNFZwWGNsTnNMWG5JbHMxZmY1Y3NQaW1ZRjA?oc=5\" target=\"_blank\" rel=\"nofollow noopener\">Wybuch drona przy gazoci\u0105gu. Bu\u0142garia wzywa ukrai\u0144skiego ambasadora<\/a>&nbsp;&nbsp;Wiadomo\u015bci Onet<\/li>\n<li><a href=\"https:\/\/news.google.com\/rss\/articles\/CBMipAFBVV95cUxNUEZGTEp3TDFscWxBYnRTVGl0VzhXOVFZRVVlcjM3eXJwTktwQm5sd3lPVWZPdnV0Q0tlNzdZdlVXU2RTUDZ5ZnVUSEpiWjBCY3AtQ2Y4dkZya280V0tBOWNpTlJLZTFvMmY2ZEZiUXR5eF85eW9wX0hJdVZDcWptdmlEZE9tMmVSdHI3dDRVczFNN2Nva3lFNG1wMktCS3VQQnZXNw?oc=5\" target=\"_blank\" rel=\"nofollow noopener\">Eksplozja drona w Bu\u0142garii niedaleko t\u0142oczni gazu. Nadlecia\u0142 z Rumunii<\/a>&nbsp;&nbsp;TVN24<\/li>\n<li><a href=\"https:\/\/news.google.com\/rss\/articles\/CBMisgFBVV95cUxNVW9ydk1QTjFtWHBlRXh6WHp6bTZoVGhsRkVHMTRYZFNvZUxyTkFsbGJPSktFVXZsV2tYOFd1VF9SRFM4YWh4VmltQUtQNFVKUTdqOUhNb2xLcllCRV9Famx0WE1FcWEtTmN4ZTUzdGlfWG5EamhzdENLblZuOEcyZktUdEpSWXpHclg0dW56a0hfa1YyMjlIYmlCVUFabEU1UUlhLTVJcWhOYmFXaTU3cHZB?oc=5\" target=\"_blank\" rel=\"nofollow noopener\">Eksplozja drona, Patrioty dla Ukrainy i zarzut dla 39-latka [SKR\u00d3T DNIA]<\/a>&nbsp;&nbsp;WP Wiadomo\u015bci<\/li>\n<li><a href=\"https:\/\/news.google.com\/rss\/articles\/CBMiugFBVV95cUxNNkhVcWxHRVpsQUl2TGRjT1hhYVVXb01sbTU0cVk4eXhPNFhrZHhra1dSc2tuQS1NNjNPUFJZMEIzMksyOXY3YS1FRGFSYm1TZlJjX044ajZlMmRQWGFjZHZNZmlsWTFhc1JyM09ZT2Y2LVotNm16SmxSdk5XejBJZFdyaUpWUnRvWTBlTW9tczVXSERmWjV4MHBZdGs5Q2dfajZsblpDQWhuUjdvMXlRaGFjRFBxeFdjVXc?oc=5\" target=\"_blank\" rel=\"nofollow noopener\">Wybuch drona w Bu\u0142garii. Ministerstwo poda\u0142o nowe szczeg\u00f3\u0142y. &#8222;Powszechnie stosowany&#8221;<\/a>&nbsp;&nbsp;Interia Wydarzenia<\/li>\n<li><a href=\"https:\/\/news.google.com\/rss\/articles\/CBMisAFBVV95cUxPRjI0Zzc0dVZuWDl1UzVPOTJGSkJiNGtKV1U5Y2RGY0lOVWR6ZU5lQVUxMkJnWUpEQndVQ1lDZ3dKaVNOWEd3dXg2UGRXamROWktNRkRVc3hYbDRJNWJXb0ptbkpCQ1dyb3czSXEtLWIzN2wzNDNscFZ4cHlNWmxwcTY3NGpxQl9mQXVqbkxIVEhDY1B2WkRyUnJmR0lWNk1pVkI5dGQxMmdQNnh1Y1NVdA?oc=5\" target=\"_blank\" rel=\"nofollow noopener\">Eksplozja drona w pobli\u017cu gazoci\u0105gu w Bu\u0142garii. Jest stanowisko Kijowa<\/a>&nbsp;&nbsp;RMF24<\/li>\n<\/ol>\n","protected":false},"excerpt":{"rendered":"Wybuch drona przy gazoci\u0105gu. Bu\u0142garia wzywa ukrai\u0144skiego ambasadora&nbsp;&nbsp;Wiadomo\u015bci Onet Eksplozja drona w Bu\u0142garii niedaleko t\u0142oczni gazu. Nadlecia\u0142 z&hellip;\n","protected":false},"author":2,"featured_media":610869,"comment_status":"","ping_status":"","sticky":false,"template":"","format":"standard","meta":{"footnotes":"","_share_on_mastodon":"0"},"categories":[14],"tags":[61195,32,33,305,27,76,34,35,28,31,48,56992,25,46,40,41,542,47,80,29,30,26,82,83,84],"class_list":["post-610868","post","type-post","status-publish","format-standard","has-post-thumbnail","category-swiat","tag-bottomfeed_styl","tag-breaking-news","tag-breakingnews","tag-bulgaria","tag-headlines","tag-inwazja_rosji_na_ukraine","tag-latest-news","tag-latestnews","tag-naglowki","tag-najwazniejsze-artykuly","tag-nat_styl","tag-newbb_tst1","tag-news","tag-omp","tag-polish","tag-polski","tag-rumunia","tag-screening_general","tag-swiat","tag-top-stories","tag-topstories","tag-wiadomosci","tag-world","tag-world-news","tag-worldnews"],"share_on_mastodon":{"url":"https:\/\/pubeurope.com\/@pl\/117064724930200148","error":""},"_links":{"self":[{"href":"https:\/\/www.europesays.com\/pl\/wp-json\/wp\/v2\/posts\/610868","targetHints":{"allow":["GET"]}}],"collection":[{"href":"https:\/\/www.europesays.com\/pl\/wp-json\/wp\/v2\/posts"}],"about":[{"href":"https:\/\/www.europesays.com\/pl\/wp-json\/wp\/v2\/types\/post"}],"author":[{"embeddable":true,"href":"https:\/\/www.europesays.com\/pl\/wp-json\/wp\/v2\/users\/2"}],"replies":[{"embeddable":true,"href":"https:\/\/www.europesays.com\/pl\/wp-json\/wp\/v2\/comments?post=610868"}],"version-history":[{"count":0,"href":"https:\/\/www.europesays.com\/pl\/wp-json\/wp\/v2\/posts\/610868\/revisions"}],"wp:featuredmedia":[{"embeddable":true,"href":"https:\/\/www.europesays.com\/pl\/wp-json\/wp\/v2\/media\/610869"}],"wp:attachment":[{"href":"https:\/\/www.europesays.com\/pl\/wp-json\/wp\/v2\/media?parent=610868"}],"wp:term":[{"taxonomy":"category","embeddable":true,"href":"https:\/\/www.europesays.com\/pl\/wp-json\/wp\/v2\/categories?post=610868"},{"taxonomy":"post_tag","embeddable":true,"href":"https:\/\/www.europesays.com\/pl\/wp-json\/wp\/v2\/tags?post=610868"}],"curies":[{"name":"wp","href":"https:\/\/api.w.org\/{rel}","templated":true}]}}