{"id":610900,"date":"2026-08-09T09:26:09","date_gmt":"2026-08-09T09:26:09","guid":{"rendered":"https:\/\/www.europesays.com\/pl\/610900\/"},"modified":"2026-08-09T09:26:09","modified_gmt":"2026-08-09T09:26:09","slug":"mateusz-gamrot-rozniesiony-koniec-marzen-o-mistrzostwie-ufc","status":"publish","type":"post","link":"https:\/\/www.europesays.com\/pl\/610900\/","title":{"rendered":"Mateusz Gamrot rozniesiony. Koniec marze\u0144 o mistrzostwie UFC"},"content":{"rendered":"<p>Je\u015bli Mateusz Gamrot mia\u0142 jeszcze marzenia zwi\u0105zane z\u00a0pasem mistrzowskim wagi lekkiej w\u00a0UFC, to\u00a0po\u00a0walce z\u00a0Quillanem Salkilldem mo\u017ce si\u0119 z\u00a0nimi definitywnie po\u017cegna\u0107. Australijczyk pokona\u0142 Polaka ju\u017c w\u00a0pierwszej rundzie i\u00a0to\u00a0przez\u00a0poddanie. Gamrot wygl\u0105da\u0142 w\u00a0klatce po\u00a0prostu niezwykle s\u0142abo.<\/p>\n<p>Mateusz Gamrot przegra\u0142 w\u00a0UFC. Poddanie w\u00a0parterze<\/p>\n<p>Kariera Gamrota w\u00a0UFC to\u00a0historia wygranych walk, kt\u00f3re wynosi\u0142y go\u00a0wy\u017cej, do\u00a0szerokiej czo\u0142\u00f3wki wagi lekkiej i\u00a0przegranych star\u0107, kt\u00f3re mog\u0142y przybli\u017cy\u0107 go\u00a0do\u00a0walki o\u00a0pas. Z\u00a0Beneilem Dariushem Gamrot przegra\u0142 decyzj\u0105, po\u00a0serii czterech zwyci\u0119stw, ale\u00a0wygl\u0105da\u0142 wtedy po\u00a0prostu s\u0142abo. Po\u00a0trzech kolejnych wygranych \u2013 te\u017c na\u00a0pe\u0142nym dystansie \u2013 lepszy by\u0142 Dan Hooker. Przez\u00a0poddanie wygra\u0142 z\u00a0Polakiem Charles Oliveira, ale\u00a0Gamer wzi\u0105\u0142 wtedy t\u0119\u00a0walk\u0119 w\u00a0zast\u0119pstwo.<\/p>\n<p>Szkoda by\u0142o faktu, \u017ce\u00a0po\u00a0raz pierwszy w\u00a0karierze przegra\u0142 w\u00f3wczas przed\u00a0czasem, ale\u00a0jego reputacji przesadnie ta\u00a0akurat pora\u017cka nie\u00a0zaszkodzi\u0142a. W\u00a0przeciwie\u0144stwie do\u00a0tej, kt\u00f3ra\u00a0mia\u0142a miejsce minionej nocy polskiego czasu w\u00a0Las Vegas.<\/p>\n<p>To\u00a0pojedynek, kt\u00f3ry\u00a0w\u0142a\u015bciwie ostatecznie zamyka Gamrotowi drog\u0119 do\u00a0pasa wagi lekkiej.<\/p>\n<p>Quilllan Salkilld by\u0142 ciekawym testem. Zawodnik na\u00a0dorobku, m\u0142ody (26 lat), ale\u00a0ju\u017c ca\u0142kiem uznany i\u00a0niezwykle efektowny. Jego bilans przed\u00a0walk\u0105 z\u00a0Gamrotem to\u00a012-1, ale\u00a0przegra\u0142 w\u00a0debiucie MMA, potem odnosi\u0142 ju\u017c wy\u0142\u0105cznie zwyci\u0119stwa. Do\u00a0UFC trafi\u0142 przez\u00a0triumf w\u00a0Dana White\u2019s Contender Series. Tam wygra\u0142 decyzj\u0105, po\u00a0trzech rundach starcia z\u00a0Gaugem Youngiem. Ale\u00a0w\u00a0tym w\u0142a\u015bciwym UFC szed\u0142 ju\u017c po\u00a0swoje \u2013 pi\u0119\u0107 star\u0107, pi\u0119\u0107 wygranych, cztery z\u00a0nich przed\u00a0czasem. I\u00a0za\u00a0ka\u017cd\u0105 z\u00a0tych szybkich wygranych (zawsze by\u0142a to\u00a0pierwsza runda, dwa razy TKO, raz KO\u00a0i\u00a0raz poddanie) otrzymywa\u0142 nagrod\u0119 dla najlepszego wyst\u0119pu na\u00a0gali.<\/p>\n<p>No\u00a0wi\u0119c\u00a0go\u015b\u0107 szed\u0142 w\u00a0g\u00f3r\u0119. Gamrot r\u00f3wnocze\u015bnie mia\u0142 go\u00a0powa\u017cnie przetestowa\u0107, by\u00a0mie\u0107 w\u00a0tym szans\u0119 dla siebie \u2013 bo\u00a0zatrzymanie tak\u00a0efektownego zawodnika, kt\u00f3ry\u00a0zdawa\u0142 si\u0119 z\u00a0ka\u017cd\u0105 gal\u0105 bardziej nakr\u0119cony, nie\u00a0przesz\u0142oby bez\u00a0echa. I\u00a0faktycznie, to\u00a0walka, kt\u00f3ra\u00a0echo zostawi \u2013 ale\u00a0z\u00a0powodu wyst\u0119pu Salkillda, nie\u00a0Polaka.<\/p>\n<blockquote class=\"twitter-tweet\">\n<p dir=\"ltr\" lang=\"pl\">PORA\u017bKA MATEUSZA GAMROTA NA\u00a0GALI UFC FIGH NIGHT W\u00a0LAS VEGAS! \u274c<\/p>\n<p>Quillan Salkilld pokona\u0142 Polaka przez\u00a0poddanie w\u00a0pierwszej rundzie \ud83e\udd76<a href=\"https:\/\/x.com\/hashtag\/UFCFightNightLasVegas?src=hash&amp;ref_src=twsrc%5Etfw\" target=\"_blank\" rel=\"noopener noreferrer nofollow\">#UFCFightNightLasVegas<\/a> <a href=\"https:\/\/t.co\/xZWV8NJjM9\" target=\"_blank\" rel=\"noopener noreferrer nofollow\">pic.twitter.com\/xZWV8NJjM9<\/a><\/p>\n<p>\u2014\u00a0Polsat Sport (@polsatsport) <a href=\"https:\/\/x.com\/polsatsport\/status\/2086320032095539628?ref_src=twsrc%5Etfw\" target=\"_blank\" rel=\"noopener noreferrer nofollow\">August 9, 2026<\/a><\/p>\n<\/blockquote>\n<p>Gamrot po\u00a0prostu nie\u00a0wygl\u0105da\u0142 w\u00a0klatce dobrze. Ju\u017c na\u00a0start kilka razy oberwa\u0142 w\u00a0st\u00f3jce, a\u00a0gdy\u00a0poszed\u0142 po\u00a0nogi, absolutnie nic to\u00a0nie\u00a0da\u0142o. Odwrotnie by\u0142o, gdy\u00a0to\u00a0Australijczyk spr\u00f3bowa\u0142 obalenia, bo\u00a0jemu to\u00a0wysz\u0142o. W\u00a0zasadzie nie\u00a0przera\u017ca\u0142o nas to\u00a0jeszcze za\u00a0bardzo, bo\u00a0to\u00a0w\u00a0parterze Gamrot odnajduje si\u0119 najlepiej\u2026 ale\u00a0w\u00a0tym przypadku po\u00a0prostu nie\u00a0by\u0142 sob\u0105. Salkilld \u0142atwo zaszed\u0142 w\u00a0tym parterze za\u00a0plecy i\u00a0szybko zapi\u0105\u0142 duszenie. Polak nie\u00a0wytrzyma\u0142 do\u00a0ko\u0144ca rundy, odklepa\u0142.<\/p>\n<p>Mo\u017cliwe, \u017ce\u00a0Gamrot by\u0142 chory, m\u00f3wi\u0142o si\u0119 o\u00a0tym ju\u017c przed\u00a0walk\u0105. Je\u015bli tak, t\u0142umaczy\u0142oby to\u00a0jego kiepsk\u0105 form\u0119, bo\u00a0to\u00a0nie\u00a0tylko\u00a0pora\u017cka, ale\u00a0ca\u0142o\u015b\u0107 wyst\u0119pu \u2013 niemrawego, s\u0142abego \u2013 wskazywa\u0142a na\u00a0to, \u017ce\u00a0co\u015b jest nie\u00a0tak. Nie\u00a0zmienia to\u00a0jednak faktu, \u017ce\u00a0zosta\u0142 rozbity, a\u00a0w\u00a0efekcie \u2013 o\u00a0pasie wagi lekkiej nie\u00a0ma\u00a0ju\u017c nawet co\u00a0marzy\u0107.<\/p>\n<p>Fot.\u00a0Newspix<\/p>\n<p>                    <script async src=\"https:\/\/platform.twitter.com\/widgets.js\" charset=\"utf-8\"><\/script><\/p>\n","protected":false},"excerpt":{"rendered":"Je\u015bli Mateusz Gamrot mia\u0142 jeszcze marzenia zwi\u0105zane z\u00a0pasem mistrzowskim wagi lekkiej w\u00a0UFC, to\u00a0po\u00a0walce z\u00a0Quillanem Salkilldem mo\u017ce si\u0119 z\u00a0nimi&hellip;\n","protected":false},"author":2,"featured_media":610901,"comment_status":"","ping_status":"","sticky":false,"template":"","format":"standard","meta":{"footnotes":"","_share_on_mastodon":"0"},"categories":[24],"tags":[11230,42,38,40,39,41,127,126,4848],"class_list":["post-610900","post","type-post","status-publish","format-standard","has-post-thumbnail","category-sport","tag-mateusz-gamrot","tag-pl","tag-poland","tag-polish","tag-polska","tag-polski","tag-sport","tag-sports","tag-ufc"],"share_on_mastodon":{"url":"","error":""},"_links":{"self":[{"href":"https:\/\/www.europesays.com\/pl\/wp-json\/wp\/v2\/posts\/610900","targetHints":{"allow":["GET"]}}],"collection":[{"href":"https:\/\/www.europesays.com\/pl\/wp-json\/wp\/v2\/posts"}],"about":[{"href":"https:\/\/www.europesays.com\/pl\/wp-json\/wp\/v2\/types\/post"}],"author":[{"embeddable":true,"href":"https:\/\/www.europesays.com\/pl\/wp-json\/wp\/v2\/users\/2"}],"replies":[{"embeddable":true,"href":"https:\/\/www.europesays.com\/pl\/wp-json\/wp\/v2\/comments?post=610900"}],"version-history":[{"count":0,"href":"https:\/\/www.europesays.com\/pl\/wp-json\/wp\/v2\/posts\/610900\/revisions"}],"wp:featuredmedia":[{"embeddable":true,"href":"https:\/\/www.europesays.com\/pl\/wp-json\/wp\/v2\/media\/610901"}],"wp:attachment":[{"href":"https:\/\/www.europesays.com\/pl\/wp-json\/wp\/v2\/media?parent=610900"}],"wp:term":[{"taxonomy":"category","embeddable":true,"href":"https:\/\/www.europesays.com\/pl\/wp-json\/wp\/v2\/categories?post=610900"},{"taxonomy":"post_tag","embeddable":true,"href":"https:\/\/www.europesays.com\/pl\/wp-json\/wp\/v2\/tags?post=610900"}],"curies":[{"name":"wp","href":"https:\/\/api.w.org\/{rel}","templated":true}]}}