{"id":611033,"date":"2026-08-09T10:52:33","date_gmt":"2026-08-09T10:52:33","guid":{"rendered":"https:\/\/www.europesays.com\/pl\/611033\/"},"modified":"2026-08-09T10:52:33","modified_gmt":"2026-08-09T10:52:33","slug":"skoki-narciarskie-lgp-w-courchevel-tschofenig-wygrywa-kwalifikacje-dyskwalifikacja-wasiljewa","status":"publish","type":"post","link":"https:\/\/www.europesays.com\/pl\/611033\/","title":{"rendered":"Skoki narciarskie. LGP w Courchevel: Tschofenig wygrywa kwalifikacje, dyskwalifikacja Wasiljewa"},"content":{"rendered":"<p><a href=\"http:\/\/www.orlen.pl\" target=\"_blank\" rel=\"nofollow noopener\"><img decoding=\"async\" class=\"hidden-sm hidden-xs img-responsive lazyload\" src=\"https:\/\/www.europesays.com\/pl\/wp-content\/uploads\/2026\/08\/840x70 - belka gorna w wiadomosciach.png\" alt=\"\" title=\"Orlen\" style=\"\" loading=\"lazy\"\/><img decoding=\"async\" class=\"hidden-md hidden-lg img-responsive lazyload\" src=\"https:\/\/www.europesays.com\/pl\/wp-content\/uploads\/2026\/08\/840x70 - belka gorna w wiadomosciach.png\" alt=\"\" title=\"Orlen\" loading=\"lazy\"\/><\/a><\/p>\n<p>                                                                    <img decoding=\"async\" src=\"https:\/\/www.europesays.com\/pl\/wp-content\/uploads\/2026\/08\/tschofenig_2026-08-09_11-57-15.jpg\" _data-fancybox=\"gallery38951\" _data-caption=\"Daniel Tschofenig\" class=\"img-responsive lazyload\" alt=\"Daniel Tschofenig\" title=\"Daniel Tschofenig\"\/><\/p>\n<p>                                            Daniel Tschofenig                                        <\/p>\n<p>                                            fot. Tadeusz Mieczy\u0144ski                                        <\/p>\n<p>Daniel Tschofenig zosta\u0142 zwyci\u0119zc\u0105 kwalifikacji do niedzielnego konkursu indywidualnego Letniego Grand Prix na Tremplin du Praz (HS132) w Courchevel. Reprezentant Austrii poszybowa\u0142 na odleg\u0142o\u015b\u0107 130 metr\u00f3w. Dwunaste miejsce zaj\u0105\u0142 Maciej Kot (125,5 m). Polacy w komplecie awansowali do zawod\u00f3w.<\/p>\n<p>                            <a class=\"fancybox\" href=\"https:\/\/www.europesays.com\/pl\/wp-content\/uploads\/2026\/08\/tschofenig_2026-08-09_11-57-15.jpg\" data-fancybox=\"gallery38951\" data-caption=\"Daniel Tschofenig, fot. Tadeusz Mieczy\u0144ski\"><img decoding=\"async\" class=\"img-responsive lazyload\" src=\"https:\/\/www.europesays.com\/pl\/wp-content\/uploads\/2026\/08\/280x190_q80_tschofenig_2026-08-09_11-57-15.jpg\" alt=\"Daniel Tschofenig\" title=\"Daniel Tschofenig\"\/><\/a>Daniel Tschofenig<\/p>\n<p>Przedpo\u0142udniowe kwalifikacje zako\u0144czy\u0142y si\u0119 austriackim tercetem na czele tabeli wynik\u00f3w. Podobnie jak w sobotnim konkursie, po zwyci\u0119stwo si\u0119gn\u0105\u0142 Daniel Tschofenig (130 m) z przewag\u0105 7 punkt\u00f3w nad Janem Hoerlem (128,5 m) i 7,2 pkt. nad Stephanem Embacherem (132 m). Czwarte miejsce zaj\u0105\u0142 Gregor Deschwanden (124,5 m), pi\u0105ty by\u0142 Philipp Raimund (125,5 m), z kolei sz\u00f3sty Johann Andre Forfang (133 m).<\/p>\n<p>Lider Letniego Grand Prix, Naoki Nakamura (122,5 m) uplasowa\u0142 si\u0119 na si\u00f3dmej pozycji, przed Kaimarem Vagulem (123 m), Andreasem Wellingerem (122 m) i Benjaminem Oestvoldem (119 m).<\/p>\n<p>Reprezentanci Polski w komplecie awansowali do zawod\u00f3w. Dwunaste miejsce zaj\u0105\u0142 najlepszy z nich, Maciej Kot (125,5 m). Na dwudziestej dziewi\u0105tej pozycji uplasowa\u0142 si\u0119 Kamil Waszek (116 m) tu\u017c przed Aleksandrem Zniszczo\u0142em (112 m). Trzydziesty pi\u0105ty by\u0142 Jakub Wolny (114,5 m), a czterdziesty si\u00f3dmy Klemens Joniak (95,5 m).<\/p>\n<p>W niedzielnym konkursie nie wyst\u0105pi trzeci zawodnik klasyfikacji Letniego Grand Prix, Dani\u0142 Wasiljew. Reprezentant Kazachstanu pocz\u0105tkowo zaj\u0105\u0142 czwarte miejsce ex aequo z Gregorem Deschwandenem po skoku na 127 metr, ale kilka minut p\u00f3\u017aniej zosta\u0142 zdyskwalifikowany za o 4 milimetry nieregulaminowe nogawki od kombinezon\u00f3w. Ukarany zosta\u0142 r\u00f3wnie\u017c Francuz Ari Repellin.<\/p>\n<p>Kwalifikacje przeprowadzono z 11., 10., 9. i 8. belki.<\/p>\n<p>Pocz\u0105tek konkursu m\u0119\u017cczyzn o 18:00. Transmisja w Eurosport 4 i HBO Max.<\/p>\n<p><a href=\"https:\/\/www.skijumping.pl\/live-berkutschi\/lgp\" rel=\"nofollow noopener\" target=\"_blank\">Wyniki na \u017cywo mo\u017cecie \u015bledzi\u0107 za po\u015brednictwem relacji LIVE Berkutschi &gt;&gt;&gt;<\/a><\/p>\n<p><a href=\"http:\/\/www.orlen.pl\" target=\"_blank\" rel=\"nofollow noopener\"><img decoding=\"async\" class=\"hidden-sm hidden-xs img-responsive lazyload\" src=\"https:\/\/www.europesays.com\/pl\/wp-content\/uploads\/2026\/08\/840x50 - belka dolna w wiadomosciach.png\" alt=\"\" title=\"Orlen\" style=\"\" loading=\"lazy\"\/><img decoding=\"async\" class=\"hidden-md hidden-lg img-responsive lazyload\" src=\"https:\/\/www.europesays.com\/pl\/wp-content\/uploads\/2026\/08\/840x50 - belka dolna w wiadomosciach.png\" alt=\"\" title=\"Orlen\" loading=\"lazy\"\/><\/a><\/p>\n<p>                                    Adam Bucholz,<br \/>\n                                    \u017ar\u00f3d\u0142o: Informacja w\u0142asna\n                            <\/p>\n<p>\n                                    ogl\u0105dalno\u015b\u0107: (3356)<br \/>\n                                    komentarze: (12)\n                                <\/p>\n","protected":false},"excerpt":{"rendered":"Daniel Tschofenig fot. Tadeusz Mieczy\u0144ski Daniel Tschofenig zosta\u0142 zwyci\u0119zc\u0105 kwalifikacji do niedzielnego konkursu indywidualnego Letniego Grand Prix na&hellip;\n","protected":false},"author":2,"featured_media":611034,"comment_status":"","ping_status":"","sticky":false,"template":"","format":"standard","meta":{"footnotes":"","_share_on_mastodon":"0"},"categories":[24],"tags":[1574,1546,1557,1558,1561,1573,1571,1563,291,1553,1564,1549,1551,1543,1550,1562,1547,1565,1540,1568,1544,42,38,40,39,41,1554,1359,1567,1560,1559,1566,1556,1569,1539,1538,1555,127,126,1552,1541,1548,1542,1570,1572,645,1545],"class_list":["post-611033","post","type-post","status-publish","format-standard","has-post-thumbnail","category-sport","tag-4skocznie","tag-adam","tag-adam-malysz","tag-adammalysz","tag-coc","tag-czteryskocznie","tag-fis","tag-fis-cup","tag-historia","tag-horngacher","tag-io","tag-kobayashi","tag-kraft","tag-kuba","tag-kubacki","tag-lotos-cup","tag-malysz","tag-ms","tag-narciarskie","tag-narty","tag-piotrek","tag-pl","tag-poland","tag-polish","tag-polska","tag-polski","tag-polskie","tag-ranking","tag-ski-jumping","tag-skijump","tag-skijumping","tag-skoczkowie","tag-skocznia","tag-skocznie","tag-skoki","tag-skoki-narciarskie","tag-skokinarciarskie","tag-sport","tag-sports","tag-stefan","tag-stoch","tag-wellinger","tag-wolny","tag-zakopane","tag-zawody","tag-zdjecia","tag-zyla"],"share_on_mastodon":{"url":"","error":"Validation failed: Text character limit of 500 exceeded"},"_links":{"self":[{"href":"https:\/\/www.europesays.com\/pl\/wp-json\/wp\/v2\/posts\/611033","targetHints":{"allow":["GET"]}}],"collection":[{"href":"https:\/\/www.europesays.com\/pl\/wp-json\/wp\/v2\/posts"}],"about":[{"href":"https:\/\/www.europesays.com\/pl\/wp-json\/wp\/v2\/types\/post"}],"author":[{"embeddable":true,"href":"https:\/\/www.europesays.com\/pl\/wp-json\/wp\/v2\/users\/2"}],"replies":[{"embeddable":true,"href":"https:\/\/www.europesays.com\/pl\/wp-json\/wp\/v2\/comments?post=611033"}],"version-history":[{"count":0,"href":"https:\/\/www.europesays.com\/pl\/wp-json\/wp\/v2\/posts\/611033\/revisions"}],"wp:featuredmedia":[{"embeddable":true,"href":"https:\/\/www.europesays.com\/pl\/wp-json\/wp\/v2\/media\/611034"}],"wp:attachment":[{"href":"https:\/\/www.europesays.com\/pl\/wp-json\/wp\/v2\/media?parent=611033"}],"wp:term":[{"taxonomy":"category","embeddable":true,"href":"https:\/\/www.europesays.com\/pl\/wp-json\/wp\/v2\/categories?post=611033"},{"taxonomy":"post_tag","embeddable":true,"href":"https:\/\/www.europesays.com\/pl\/wp-json\/wp\/v2\/tags?post=611033"}],"curies":[{"name":"wp","href":"https:\/\/api.w.org\/{rel}","templated":true}]}}