{"id":611331,"date":"2026-08-09T14:16:12","date_gmt":"2026-08-09T14:16:12","guid":{"rendered":"https:\/\/www.europesays.com\/pl\/611331\/"},"modified":"2026-08-09T14:16:12","modified_gmt":"2026-08-09T14:16:12","slug":"polak-ktory-uratowal-tesle-stawia-na-polska-zbrojeniowke-i-lotnictwo","status":"publish","type":"post","link":"https:\/\/www.europesays.com\/pl\/611331\/","title":{"rendered":"Polak, kt\u00f3ry uratowa\u0142 Tesl\u0119, stawia na polsk\u0105 zbrojeni\u00f3wk\u0119 i lotnictwo"},"content":{"rendered":"<p>   <a href=\"https:\/\/cyberdefence24.pl\/strona-autora\/piotr-pilewski\" target=\"_self\" class=\"article-author-block__avatar-wrap\" rel=\"nofollow noopener\"><img loading=\"lazy\" decoding=\"async\" src=\"https:\/\/www.europesays.com\/pl\/wp-content\/uploads\/2026\/08\/90HT2qKUakhToXfjieUWNJfTLuIDUbn0WJqlCBRH.qqf4.jpg\" alt=\"Piotr Pilewski\"  width=\"100\" height=\"100\" author=\"Piotr Pilewski\" caption=\"Piotr Pilewski\" fullscreen=\"https:\/\/cdn.defence24.pl\/2026\/05\/18\/1920xpx\/90HT2qKUakhToXfjieUWNJfTLuIDUbn0WJqlCBRH.mgea.jpg\" class=\"img article-author-block__avatar img-avatar\"\/><\/a>  <img decoding=\"async\" src=\"https:\/\/www.europesays.com\/pl\/wp-content\/uploads\/2026\/08\/OaX9msaA6bem680HevkKwctgy6cfjG5RyFvQknel.js9x.jpg\" alt=\"Nowoczesna hala produkcyjna z maszynami CNC i precyzyjnymi metalowymi komponentami; w prawym g\u00f3rnym rogu portret Adama Drewnianego.\"  width=\"800\" height=\"450\" author=\"CyberDefence24\/ChatGPT\" fetchpriority=\"high\" class=\"img image-with-caption__image\"\/><br \/>\n        Adam Drewniany rozwija w \u017belichowie zak\u0142ad produkcyjny i planuje kolejne inwestycje. Firma chce zwi\u0119ksza\u0107 udzia\u0142 w projektach dla sektora obronnego, lotniczego i medycznego, wykorzystuj\u0105c do\u015bwiadczenia zdobyte na rynku ameryka\u0144skim.<br \/>\n       <br \/>Autor. CyberDefence24\/ChatGPT<\/p>\n<p>Sze\u015b\u0107 lat temu Adam Drewniany opowiada\u0142 mi o wsp\u00f3\u0142pracy z Tesl\u0105 i planach inwestowania w sektorze energetycznym w Polsce. Dzi\u015b zapowiada rozw\u00f3j fabryki w \u017belichowie w Ma\u0142opolsce, kt\u00f3ra ma teraz skupi\u0107 si\u0119 tak\u017ce na produkcji dla bran\u017cy obronnej. Nast\u0119pne inwestycje to kolejnych 10 milion\u00f3w dolar\u00f3w, ale te\u017c i kolejne wyzwania, bariery do pokonania i przestarza\u0142e procesy, kt\u00f3re spowalniaj\u0105 zmiany.<\/p>\n<p class=\"paragraph-module\">Z Adamem Drewnianym rozmawiamy o tym, dlaczego po latach prowadzenia biznesu w Stanach Zjednoczonych zdecydowa\u0142 si\u0119 dalej inwestowa\u0107 w\u0142a\u015bnie w Polsce, co chce zbudowa\u0107 wok\u00f3\u0142 zak\u0142adu w \u017belichowie i jak widzi przysz\u0142o\u015b\u0107 krajowego przemys\u0142u. Pytamy te\u017c o wej\u015bcie do sektora obronnego i lotniczego, bariery w modernizacji produkcji oraz o to, czego Polska wci\u0105\u017c mo\u017ce nauczy\u0107 si\u0119 od Amerykan\u00f3w.<\/p>\n<p>  Piotr Pilewski, redaktor naczelny CyberDefence24.pl: Sze\u015b\u0107 lat temu, kiedy rozmawiali\u015bmy o pa\u0144skich planach przeniesienia cz\u0119\u015bci kapita\u0142u i know-how do Polski, pisa\u0142em, \u017ce po spe\u0142nieniu ameryka\u0144skiego snu realizuje pan kolejny &#8211; wraca w rodzinne strony, \u017ceby tutaj inwestowa\u0107. Mia\u0142 Pan na koncie kilka biznes\u00f3w, pom\u00f3g\u0142 uratowa\u0107 pierwsze projekty Tesli Elona Muska, a teraz po sektorze energetycznym przychodz\u0105 nast\u0119pne.  <\/p>\n<p class=\"paragraph-module\">Adam Drewniany: Cz\u0119\u015b\u0107 z nich jest ju\u017c na etapie realizacji. W ci\u0105gu dw\u00f3ch lat dzia\u0142alno\u015bci w Polsce uda\u0142o nam si\u0119 uzyska\u0107 certyfikacj\u0119, kt\u00f3ra pozwala rozwija\u0107 produkcj\u0119 dla sektora lotniczego. Pracujemy r\u00f3wnie\u017c nad kontraktami dla przemys\u0142u obronnego.<\/p>\n<p class=\"paragraph-module\">W Kalifornii nasza firma produkuje komponenty dla norweskiego przedsi\u0119biorstwa dostarczaj\u0105cego <a href=\"https:\/\/cyberdefence24.pl\/armia-i-sluzby\/nato-na-cyfrowym-polu-walki-odkrywamy-zdolnosci-sojuszu\" rel=\"nofollow noopener\" target=\"_blank\">uzbrojenie pa\u0144stwom NATO<\/a>. Chcia\u0142bym cz\u0119\u015b\u0107 tych kompetencji i do\u015bwiadcze\u0144 przenie\u015b\u0107 do Polski. Zale\u017cy mi na tym, \u017ceby powstawa\u0142y tutaj nowoczesne produkty i \u017ceby\u015bmy mogli wnie\u015b\u0107 co\u015b warto\u015bciowego do polskiego oraz europejskiego przemys\u0142u.<\/p>\n<p>  Piotr Pilewski: Wcze\u015bniej g\u0142\u00f3wnym kierunkiem pa\u0144skich inwestycji w Polsce by\u0142a energetyka. Ten etap jest ju\u017c zako\u0144czony?  <\/p>\n<p class=\"paragraph-module\">Adam Drewniany: Nie, energetyka nadal pozostaje wa\u017cn\u0105 cz\u0119\u015bci\u0105 naszego biznesu. Ca\u0142y czas produkujemy magazyny energii. Pocz\u0105tkowo planowa\u0142em skoncentrowa\u0107 si\u0119 na niewielkich instalacjach przeznaczonych dla dom\u00f3w jednorodzinnych, ale ostatecznie poszli\u015bmy w stron\u0119 wi\u0119kszych rozwi\u0105za\u0144 dla fabryk, magazyn\u00f3w i centr\u00f3w logistycznych.<\/p>\n<p class=\"paragraph-module\">Chodzi o to, aby przedsi\u0119biorstwo posiadaj\u0105ce instalacj\u0119 fotowoltaiczn\u0105 mog\u0142o magazynowa\u0107 energi\u0119 wyprodukowan\u0105 w ci\u0105gu dnia i wykorzystywa\u0107 j\u0105 p\u00f3\u017aniej, zamiast pobiera\u0107 pr\u0105d z sieci w najdro\u017cszych godzinach. Ten projekt si\u0119 rozwija, chocia\u017c nie w takiej skali, jak pocz\u0105tkowo zak\u0142ada\u0142em. Jeden z partner\u00f3w, na kt\u00f3rego liczy\u0142em, wycofa\u0142 si\u0119 z rynku i musia\u0142em kontynuowa\u0107 inwestycj\u0119 samodzielnie.<\/p>\n<p>     Piotr Pilewski: Teraz chce Pan wej\u015b\u0107 do sektor\u00f3w znacznie trudniejszych, zw\u0142aszcza obronnego i lotniczego .  <\/p>\n<p class=\"paragraph-module\">Adam Drewniany: Tak, ale zd\u0105\u017cy\u0142em ju\u017c cz\u0119\u015bciowo pozna\u0107 polski sektor zbrojeniowy. Musz\u0119 przyzna\u0107, \u017ce niekt\u00f3re rzeczy mnie zaskoczy\u0142y, a nawet rozczarowa\u0142y. Wsp\u00f3\u0142pracujemy z jednym z przedsi\u0119biorstw tej bran\u017cy i zdarza si\u0119, \u017ce otrzymujemy dokumentacj\u0119 techniczn\u0105 pochodz\u0105c\u0105 z lat 70., przygotowan\u0105 jeszcze r\u0119cznie.<\/p>\n<p class=\"paragraph-module\">Wykonanie jej mo\u017ce zajmowa\u0107 pi\u0119\u0107 albo sze\u015b\u0107 dni. Tymczasem po odpowiednim przeprojektowaniu i dostosowaniu dokumentacji do wsp\u00f3\u0142czesnych, zautomatyzowanych maszyn ten sam proces m\u00f3g\u0142by trwa\u0107 kilka godzin.<\/p>\n<p class=\"paragraph-module\">Problem polega na tym, \u017ce cz\u0119\u015b\u0107 konstrukcji zosta\u0142a zaprojektowana z my\u015bl\u0105 o r\u0119cznej obr\u00f3bce i nigdy nie zosta\u0142a dostosowana do nowoczesnych technologii produkcyjnych. Trzeba zaktualizowa\u0107 rysunki, procesy i spos\u00f3b my\u015blenia o produkcji.<\/p>\n<p>  Piotr Pilewski: Polska m\u00f3wi dzi\u015b o reindustrializacji, automatyzacji i sztucznej inteligencji. Jak z perspektywy przedsi\u0119biorcy dzia\u0142aj\u0105cego w USA wygl\u0105da rzeczywisty dystans do najbardziej rozwini\u0119tych gospodarek?  <\/p>\n<p class=\"paragraph-module\">Adam Drewniany: Nie widz\u0119 jeszcze w Polsce szerokiego wykorzystywania sztucznej inteligencji w produkcji. Pojawiaj\u0105 si\u0119 natomiast zautomatyzowane linie i firmy, kt\u00f3re pr\u00f3buj\u0105 wdra\u017ca\u0107 nowoczesne rozwi\u0105zania. To dobry kierunek i widz\u0119 tutaj du\u017cy potencja\u0142.<\/p>\n<p class=\"paragraph-module\">Potrzebujemy jednak czasu, inwestycji i ludzi przygotowanych do korzystania z tych technologii. Stany Zjednoczone s\u0105 nadal znacznie dalej, szczeg\u00f3lnie je\u015bli chodzi o \u0142\u0105czenie projektowania, automatyzacji, analizy danych i produkcji w jeden system.<\/p>\n<p>  Piotr Pilewski: Jak na takie propozycje reaguj\u0105 pa\u0144scy partnerzy?  <\/p>\n<p class=\"paragraph-module\">Adam Drewniany: Czasami s\u0142ysz\u0119: \u201eDrewniany przyjecha\u0142 z Ameryki i chce nam zmieni\u0107 ca\u0142y system\u201d. Nie chc\u0119 nikomu burzy\u0107 systemu. Chc\u0119 pom\u00f3c usprawni\u0107 produkcj\u0119, \u017ceby obie strony na tym skorzysta\u0142y.<\/p>\n<p class=\"paragraph-module\">Je\u017celi mo\u017cemy produkowa\u0107 szybciej, taniej i dok\u0142adniej, przedsi\u0119biorstwo otrzyma lepszy produkt, a my b\u0119dziemy mogli realizowa\u0107 wi\u0119ksz\u0105 liczb\u0119 zam\u00f3wie\u0144. Taka zmiana wymaga jednak otwarto\u015bci. Nie wszyscy s\u0105 zainteresowani modernizacj\u0105, szczeg\u00f3lnie je\u015bli przez wiele lat pracowali wed\u0142ug tych samych procedur.<\/p>\n<p class=\"paragraph-module\">Drugim problemem jest podej\u015bcie do pieni\u0119dzy. Cz\u0119sto pierwsze pytanie brzmi: ile na tym zarobimy? Ja odpowiadam: najpierw zbudujmy produkt i uruchommy produkcj\u0119, a p\u00f3\u017aniej rozmawiajmy o podziale zysk\u00f3w. W biznesie trzeba dzia\u0142a\u0107 krok po kroku.<\/p>\n<p>    Piotr Pilewski: Ile wi\u0119c w decyzji o rozwijaniu biznesu w Polsce jest sentymentu i patriotyzmu, a ile ch\u0142odnej kalkulacji?  <\/p>\n<p class=\"paragraph-module\">Adam Drewniany: Sentyment i patriotyzm musz\u0105 i\u015b\u0107 w parze z biznesem. Nikt nie mo\u017ce produkowa\u0107 za darmo. Przedsi\u0119biorstwo musi zarabia\u0107, inwestowa\u0107 i rozwija\u0107 si\u0119.<\/p>\n<p class=\"paragraph-module\">Widz\u0119 jednak w Polsce wiele dobrych projekt\u00f3w i zak\u0142ad\u00f3w wyposa\u017conych w warto\u015bciowe maszyny. Problem w tym, \u017ce cz\u0119\u015b\u0107 proces\u00f3w zatrzyma\u0142a si\u0119 kilkadziesi\u0105t lat temu. Kto\u015b musi zacz\u0105\u0107 je zmienia\u0107 i dostosowywa\u0107 do wsp\u00f3\u0142czesnych reali\u00f3w. Bez tego nie b\u0119dziemy konkurencyjni.<\/p>\n<p>  Piotr Pilewski: Gdyby nie pochodzi\u0142 pan z Polski, r\u00f3wnie\u017c wybra\u0142by ten kraj jako miejsce inwestycji?  <\/p>\n<p class=\"paragraph-module\">Adam Drewniany: Nie. Zdecydowa\u0142 sentyment do rodzinnego domu, okolicy, ludzi i lokalnej spo\u0142eczno\u015bci. Wa\u017cn\u0105 rol\u0119 odegra\u0142 tak\u017ce proboszcz mojej rodzinnej parafii, kt\u00f3ry przez d\u0142ugi czas przekonywa\u0142 mnie do inwestycji w rodzinnej gminie.<\/p>\n<p class=\"paragraph-module\">Nie musia\u0142em tego robi\u0107. Po latach pracy w Stanach Zjednoczonych m\u00f3g\u0142bym ju\u017c spokojnie odpoczywa\u0107. Zdecydowa\u0142em si\u0119 jednak zainwestowa\u0107 w \u017belichowie, poniewa\u017c chcia\u0142em stworzy\u0107 miejsca pracy i da\u0107 co\u015b regionowi, z kt\u00f3rego pochodz\u0119. Na dzia\u0142alno\u015bci fabryki korzystaj\u0105 mieszka\u0144cy, gmina i lokalne przedsi\u0119biorstwa.<\/p>\n<p>  Piotr Pilewski: W fabryk\u0119 w \u017belichowie, w gminie Gr\u0119bosz\u00f3w (woj. Ma\u0142opolskie) zainwestowa\u0142 pan ju\u017c miliony dolar\u00f3w. Co b\u0119dzie kolejnym etapem?  <\/p>\n<p class=\"paragraph-module\">Adam Drewniany: Chc\u0119 rozwija\u0107 produkcj\u0119 dla sektor\u00f3w medycznego, obronnego i lotniczego. Planuj\u0119 r\u00f3wnie\u017c budow\u0119 kolejnych hal. Dotychczasowa warto\u015b\u0107 inwestycji przekroczy\u0142a 10 mln dol., a w ci\u0105gu najbli\u017cszych dw\u00f3ch\u2013trzech lat chcia\u0142bym zainwestowa\u0107 nast\u0119pne 10 mln dol.<\/p>\n<p class=\"paragraph-module\">Teren wok\u00f3\u0142 zak\u0142adu pozwala na dalsz\u0105 rozbudow\u0119. Fabryka, kt\u00f3ra dzia\u0142a od ponad dw\u00f3ch lat, jest wi\u0119c dopiero pocz\u0105tkiem. Wszystko zale\u017cy od tego, jakie projekty i zam\u00f3wienia uda nam si\u0119 pozyska\u0107. Kolejne kontrakty oznaczaj\u0105 kolejne maszyny, nowe hale i dodatkowe miejsca pracy.<\/p>\n<p>     Piotr Pilewski: Jakie znaczenie dla zak\u0142adu b\u0119dzie mia\u0142o wej\u015bcie do \u0142a\u0144cuch\u00f3w dostaw przemys\u0142u obronnego i lotniczego?  <\/p>\n<p class=\"paragraph-module\">Adam Drewniany: To obecnie jeden z naszych najwa\u017cniejszych cel\u00f3w. Wsp\u00f3\u0142pracujemy ju\u017c z polskim przemys\u0142em zbrojeniowym i przygotowujemy si\u0119 do rozszerzenia dzia\u0142alno\u015bci. Inwestujemy w odpowiednie certyfikaty, procedury oraz systemy kontroli jako\u015bci, poniewa\u017c bez nich nie mo\u017cna powa\u017cnie my\u015ble\u0107 o produkcji dla sektora obronnego czy lotniczego.<\/p>\n<p class=\"paragraph-module\">Chcemy tak\u017ce wej\u015b\u0107 do \u0142a\u0144cuch\u00f3w dostaw mi\u0119dzynarodowych koncern\u00f3w dzia\u0142aj\u0105cych w Polsce. Mamy do\u015bwiadczenia zdobyte w Stanach Zjednoczonych, nowoczesne maszyny i ludzi, kt\u00f3rych mo\u017cemy dalej szkoli\u0107. Teraz potrzebujemy projekt\u00f3w pozwalaj\u0105cych wykorzysta\u0107 ten potencja\u0142.<\/p>\n<p>  Piotr Pilewski: Czy ameryka\u0144skie do\u015bwiadczenia mo\u017cna bezpo\u015brednio przenie\u015b\u0107 do Polski?  <\/p>\n<p class=\"paragraph-module\">Adam Drewniany: Nie wszystko mo\u017cna skopiowa\u0107, ale mo\u017cna przenie\u015b\u0107 spos\u00f3b organizacji pracy, standardy produkcji, technologi\u0119 i podej\u015bcie do inwestowania.<\/p>\n<p class=\"paragraph-module\">W Stanach Zjednoczonych ka\u017cdy, kto zak\u0142ada firm\u0119 albo startup, wie, \u017ce najpierw musi przez d\u0142u\u017cszy czas wyk\u0142ada\u0107 w\u0142asne pieni\u0105dze. By\u0107 mo\u017ce firma zacznie zarabia\u0107 dopiero po kilku latach. W Polsce czasami spotykam si\u0119 z odwrotnym podej\u015bciem: najpierw wszyscy chc\u0105 wiedzie\u0107, ile otrzymaj\u0105, a dopiero p\u00f3\u017aniej zastanawiaj\u0105 si\u0119, co wsp\u00f3lnie zbudowa\u0107.<\/p>\n<p class=\"paragraph-module\">Tymczasem biznes wymaga cierpliwo\u015bci. Najpierw trzeba zainwestowa\u0107, stworzy\u0107 produkt, znale\u017a\u0107 klient\u00f3w i dopiero wtedy dzieli\u0107 zyski.<\/p>\n<p>  Piotr Pilewski: Kilka razy wspomnia\u0142 pan o oporze ze strony potencjalnych partner\u00f3w. Ka\u017cdy ma jaki\u015b pr\u00f3g wytrzyma\u0142o\u015bci.  <\/p>\n<p class=\"paragraph-module\">Adam Drewniany: Oczywi\u015bcie, \u017ce op\u00f3r jest du\u017cy. Najwi\u0119ksz\u0105 blokad\u0105 pozostaje moim zdaniem zbyt silne uzale\u017cnienie wielu proces\u00f3w gospodarczych od polityki i decyzji administracyjnych. Nie m\u00f3wi\u0119 o konkretnych politykach, lecz o ca\u0142ym systemie, w kt\u00f3rym odpowiedzialno\u015b\u0107 za decyzje bywa rozmyta.<\/p>\n<p class=\"paragraph-module\">Zmiana b\u0119dzie wymaga\u0142a czasu. By\u0107 mo\u017ce dopiero nowe pokolenie inaczej podejdzie do wsp\u00f3\u0142pracy z biznesem, inwestycji i odpowiedzialno\u015bci za efekty podejmowanych dzia\u0142a\u0144.<\/p>\n<p>    Piotr Pilewski: Gdzie dostrzega pan najwi\u0119ksze bariery na styku biznesu, administracji, przemys\u0142u i \u015bwiata nauki?  <\/p>\n<p class=\"paragraph-module\">Adam Drewniany: Brakuje wsp\u00f3\u0142pracy przy rozwijaniu konkretnych projekt\u00f3w. Uczelnie powinny mocniej reagowa\u0107 na zmiany zachodz\u0105ce w przemy\u015ble. Powinny aktualizowa\u0107 programy, wsp\u00f3\u0142pracowa\u0107 z przedsi\u0119biorstwami i zapewnia\u0107 studentom wi\u0119kszy dost\u0119p do nowych technologii.<\/p>\n<p class=\"paragraph-module\">Studenci zdobywaj\u0105 du\u017co wiedzy teoretycznej, ale maj\u0105 zbyt ma\u0142o praktyki. W efekcie ko\u0144cz\u0105 uczelni\u0119, nie znaj\u0105c maszyn, oprogramowania i proces\u00f3w, z kt\u00f3rymi zetkn\u0105 si\u0119 w zak\u0142adzie produkcyjnym. Bez praktycznego do\u015bwiadczenia trudno jest im p\u00f3\u017aniej szybko wej\u015b\u0107 do przemys\u0142u.<\/p>\n<p>  Piotr Pilewski: Sam chcia\u0142 pan uruchomi\u0107 program kszta\u0142cenia specjalist\u00f3w potrzebnych w nowoczesnym przemy\u015ble. Jak na razie nie wysz\u0142o.  <\/p>\n<p class=\"paragraph-module\">Adam Drewniany: Moim marzeniem by\u0142o stworzenie szko\u0142y szkol\u0105cej programist\u00f3w i in\u017cynier\u00f3w pracuj\u0105cych w \u015brodowisku Mastercam. To oprogramowanie szeroko wykorzystywane w ameryka\u0144skim przemy\u015ble, tak\u017ce przez najwi\u0119ksze firmy technologiczne i produkcyjne. Na rynku brakuje os\u00f3b, kt\u00f3re potrafi\u0105 dobrze z niego korzysta\u0107.<\/p>\n<p class=\"paragraph-module\">Chcia\u0142em szkoli\u0107 takich specjalist\u00f3w w Polsce, a nast\u0119pnie umo\u017cliwia\u0107 im prac\u0119 przy mi\u0119dzynarodowych projektach. Pr\u00f3bowa\u0142em rozwija\u0107 ten pomys\u0142 we wsp\u00f3\u0142pracy z jedn\u0105 z uczelni technicznych, ale natrafi\u0142em na du\u017cy op\u00f3r. Ponownie pojawi\u0142y si\u0119 pytania o pieni\u0105dze, zanim jeszcze zacz\u0119li\u015bmy budowa\u0107 ca\u0142y projekt.<\/p>\n<p class=\"paragraph-module\">W \u017belichowie wprowadzamy natomiast systemy podobne do tych, z kt\u00f3rych korzystamy w Stanach Zjednoczonych. Chcemy, aby produkcja, projektowanie i zarz\u0105dzanie procesami dzia\u0142a\u0142y w jednym sp\u00f3jnym \u015brodowisku.<\/p>\n<p>     Piotr Pilewski: Dzi\u0119ki wsp\u00f3\u0142pracy z Tesl\u0105 obserwowa\u0142 pan z bliska, jak powstaj\u0105 prze\u0142omowe projekty przemys\u0142owe. W Polsce przez lata pojawia\u0142y si\u0119 opinie, \u017ce mogliby\u015bmy zosta\u0107 drug\u0105 Dolin\u0105 Krzemow\u0105. Czy to realne?  <\/p>\n<p class=\"paragraph-module\">Adam Drewniany: Do tego potrzebny by\u0142by w Polsce kto\u015b taki jak Elon Musk \u2013 cz\u0142owiek gotowy podj\u0105\u0107 ogromne ryzyko, narzuci\u0107 tempo i przekona\u0107 innych, \u017ce mo\u017cna zrobi\u0107 co\u015b zupe\u0142nie inaczej.<\/p>\n<p class=\"paragraph-module\">Polska jest jednym z najlepiej rozwijaj\u0105cych si\u0119 kraj\u00f3w w Europie. W wielu obszarach dogonili\u015bmy zachodnie gospodarki, a czasami radzimy sobie od nich lepiej. Wszystko zmierza w dobrym kierunku. Nadal jednak zbyt cz\u0119sto ko\u0144czy si\u0119 na rozmowach i wydawaniu pieni\u0119dzy, za kt\u00f3rymi nie id\u0105 konkretne produkty.<\/p>\n<p class=\"paragraph-module\">Nie wystarczy og\u0142osi\u0107 program albo przeznaczy\u0107 \u015brodki. Na ko\u0144cu musi powsta\u0107 technologia, fabryka, produkt i sprzeda\u017c.<\/p>\n<p>  Piotr Pilewski: Jaki jest wi\u0119c najwa\u017cniejszy cel Adama Drewnianego i SBS Technology Polska na najbli\u017csze lata?  <\/p>\n<p class=\"paragraph-module\">Adam Drewniany: Chcemy rozwija\u0107 infrastruktur\u0119 produkcyjn\u0105, pozyskiwa\u0107 kolejnych klient\u00f3w i wchodzi\u0107 do nowych sektor\u00f3w. Najwa\u017cniejsze s\u0105 dla nas obecnie bran\u017ce medyczna, obronna i lotnicza.<\/p>\n<p class=\"paragraph-module\">Najbli\u017csze dwa\u2013trzy lata chc\u0119 przeznaczy\u0107 na zdobywanie certyfikat\u00f3w, pozyskiwanie kontrakt\u00f3w, zakup kolejnych maszyn i rozbudow\u0119 fabryki w \u017belichowie. Polski przemys\u0142 obronny b\u0119dzie jednym z motor\u00f3w krajowej gospodarki. Chcemy uczestniczy\u0107 w tym rozwoju, wykorzystuj\u0105c do\u015bwiadczenie i know-how zdobyte w Stanach Zjednoczonych.<\/p>\n<p>  Piotr Pilewski: Dzi\u0119kuj\u0119 za rozmow\u0119.  <\/p>\n","protected":false},"excerpt":{"rendered":"Adam Drewniany rozwija w \u017belichowie zak\u0142ad produkcyjny i planuje kolejne inwestycje. Firma chce zwi\u0119ksza\u0107 udzia\u0142 w projektach dla&hellip;\n","protected":false},"author":2,"featured_media":611332,"comment_status":"","ping_status":"","sticky":false,"template":"","format":"standard","meta":{"footnotes":"","_share_on_mastodon":"0"},"categories":[12],"tags":[120864,42,38,40,39,41,13353,6206,5656],"class_list":["post-611331","post","type-post","status-publish","format-standard","has-post-thumbnail","category-polska","tag-adam-drewniany","tag-pl","tag-poland","tag-polish","tag-polska","tag-polski","tag-przemysl-zbrojeniowy","tag-technologie","tag-tesla"],"share_on_mastodon":{"url":"https:\/\/pubeurope.com\/@pl\/117065979298366834","error":""},"_links":{"self":[{"href":"https:\/\/www.europesays.com\/pl\/wp-json\/wp\/v2\/posts\/611331","targetHints":{"allow":["GET"]}}],"collection":[{"href":"https:\/\/www.europesays.com\/pl\/wp-json\/wp\/v2\/posts"}],"about":[{"href":"https:\/\/www.europesays.com\/pl\/wp-json\/wp\/v2\/types\/post"}],"author":[{"embeddable":true,"href":"https:\/\/www.europesays.com\/pl\/wp-json\/wp\/v2\/users\/2"}],"replies":[{"embeddable":true,"href":"https:\/\/www.europesays.com\/pl\/wp-json\/wp\/v2\/comments?post=611331"}],"version-history":[{"count":0,"href":"https:\/\/www.europesays.com\/pl\/wp-json\/wp\/v2\/posts\/611331\/revisions"}],"wp:featuredmedia":[{"embeddable":true,"href":"https:\/\/www.europesays.com\/pl\/wp-json\/wp\/v2\/media\/611332"}],"wp:attachment":[{"href":"https:\/\/www.europesays.com\/pl\/wp-json\/wp\/v2\/media?parent=611331"}],"wp:term":[{"taxonomy":"category","embeddable":true,"href":"https:\/\/www.europesays.com\/pl\/wp-json\/wp\/v2\/categories?post=611331"},{"taxonomy":"post_tag","embeddable":true,"href":"https:\/\/www.europesays.com\/pl\/wp-json\/wp\/v2\/tags?post=611331"}],"curies":[{"name":"wp","href":"https:\/\/api.w.org\/{rel}","templated":true}]}}