{"id":61134,"date":"2025-10-21T17:26:10","date_gmt":"2025-10-21T17:26:10","guid":{"rendered":"https:\/\/www.europesays.com\/pl\/61134\/"},"modified":"2025-10-21T17:26:10","modified_gmt":"2025-10-21T17:26:10","slug":"nieprawidlowosci-w-ipn-za-prezesury-karola-nawrockiego-bedzie-zawiadomienie-do-prokuratury-onet-wiadomosci","status":"publish","type":"post","link":"https:\/\/www.europesays.com\/pl\/61134\/","title":{"rendered":"Nieprawid\u0142owo\u015bci w IPN za prezesury Karola Nawrockiego? B\u0119dzie zawiadomienie do prokuratury &#8211; Onet Wiadomo\u015bci"},"content":{"rendered":"<ol>\n<li><a href=\"https:\/\/news.google.com\/rss\/articles\/CBMirgFBVV95cUxQcS1oN0xnQ3NuLXc2SEVxZGxrcVJmMkx3Z3dueE8tbUdYVU5KcS1jLUs2WFhIWmp2U3B5SWtwS0Y2SlY0T0tnT0M2MzM1U3c3MDFlY0xlYzRwYy03dVdHdXJuM3RFSHBvZ1BfZUdQcXJVejJIU3lkRzUtMlA2MTIwbDdhTWpzMXNmNUZteExWeEFTS2d4aDBWUWY1am5YUkpyclhxRGdOaVpKcXhVNWc?oc=5\" target=\"_blank\" rel=\"nofollow noopener\">Nieprawid\u0142owo\u015bci w IPN za prezesury Karola Nawrockiego? B\u0119dzie zawiadomienie do prokuratury<\/a>&nbsp;&nbsp;Onet Wiadomo\u015bci<\/li>\n<li><a href=\"https:\/\/news.google.com\/rss\/articles\/CBMiogFBVV95cUxNeXFVY0VLRGtodGRsdDVNWXBfN2Z1eUlxMHdQZTRTRjVYbGZJbkZZX25uNFJBanFRaVEzbEcyN1ZGSDE2cDVGeTZ3OFZQa3M2Tnd5RWZHbUtNZjJad1ExX0d3eFZEejN6SjNTNXlSWm8yTFNUdDlJSzB2a2lrMHctMi0tVGtyV2ljRDFfaklqMVJ5dENKRGN4aXBvVzFJOXhxbFE?oc=5\" target=\"_blank\" rel=\"nofollow noopener\">Wystawne \u017cycie Karola Nawrockiego. NIK zbada\u0142a, jak by\u0142y prezes wydawa\u0142 pieni\u0105dze IPN<\/a>&nbsp;&nbsp;Wyborcza.pl<\/li>\n<li><a href=\"https:\/\/news.google.com\/rss\/articles\/CBMi1AFBVV95cUxPY1Yza25yTkZCbXV1VnFPYW9uMWpMSWtENHVLWVFhTkRuRFFyT1NsN2diUWxzX0hlMDJIamFMYklzUGRrXzF0ZUZoVDRRZk15YjFqMndfMnJSVlpydmdHenZseVY2M3hYaFAyUkFCQ0tjcmtCdHBzSTN0U0xObVNfWEpPaTRNZmJTRXRVb0RiektZT0o0bkI0UTJWUlkydjZ4TnBqNFdPaUZia3czd1hzS3Uwc01ZRnpwS0tjMFRsVXlPNE54N2VSMmpUb2JvXzNFaHBDaA?oc=5\" target=\"_blank\" rel=\"nofollow noopener\">Zastrze\u017cenia do niemal po\u0142owy wydatk\u00f3w. NIK negatywnie o IPN<\/a>&nbsp;&nbsp;TVN24<\/li>\n<li><a href=\"https:\/\/news.google.com\/rss\/articles\/CBMisAFBVV95cUxNTFZMTDRRLWt3UnZmcF83RWlaM29pWERFMEFvRDFZSk5kdDd2VVhER1NzNGpWY1g1TVdzdHRVZXhzRXFKNm1TSUhlRjA0b2d4OEtUc2s2QlZWVFNmLXdkSkhXMng4QjJGVWxQbkFBNWJYUWNQX2JZVkJ2M01KSHVydWxGS3hGRjAtRENVOUtJZ3cwSGpsdFN6cXhzemVTck9TYlpFNFZnQS1kTURkQVlJTA?oc=5\" target=\"_blank\" rel=\"nofollow noopener\">IPN wydawa\u0142 miliony bez kontroli. NIK kieruje zawiadomienie do prokuratury<\/a>&nbsp;&nbsp;RMF24<\/li>\n<li><a href=\"https:\/\/news.google.com\/rss\/articles\/CBMinwFBVV95cUxQZGgwNFZFZHdjTmpUVlA5NVpHV2tJZXFDVWlKZG45UjBJUTVhRWlyYW1xXzZ2dTV6OE9IUGVDclozWDdDaW1VdHNGam0wT3VUWkg2cGt4VTc2YnRULUJUU1dzRUZZdC1VM3lMQXc1ZXdOeHFtWVBYWi03LXRNSkw3MUhlRnE0c0RVQk40aTgzRGpVOXpVMzRYTjhuUEY5Z2c?oc=5\" target=\"_blank\" rel=\"nofollow noopener\">NIK negatywnie ocenia gospodark\u0119 finansowo\u2011maj\u0105tkow\u0105 IPN (zapis konferencji prasowej)<\/a>&nbsp;&nbsp;Najwy\u017csza Izba Kontroli<\/li>\n<\/ol>\n","protected":false},"excerpt":{"rendered":"Nieprawid\u0142owo\u015bci w IPN za prezesury Karola Nawrockiego? B\u0119dzie zawiadomienie do prokuratury&nbsp;&nbsp;Onet Wiadomo\u015bci Wystawne \u017cycie Karola Nawrockiego. NIK zbada\u0142a,&hellip;\n","protected":false},"author":2,"featured_media":61135,"comment_status":"","ping_status":"","sticky":false,"template":"","format":"standard","meta":{"footnotes":""},"categories":[12],"tags":[32,33,36,37,27,7988,43,49,34,35,28,31,15854,48,25,46,4897,42,38,40,39,41,360,47,29,30,26],"class_list":{"0":"post-61134","1":"post","2":"type-post","3":"status-publish","4":"format-standard","5":"has-post-thumbnail","7":"category-polska","8":"tag-breaking-news","9":"tag-breakingnews","10":"tag-featured-news","11":"tag-featurednews","12":"tag-headlines","13":"tag-ipn","14":"tag-karol_nawrocki","15":"tag-kraj","16":"tag-latest-news","17":"tag-latestnews","18":"tag-naglowki","19":"tag-najwazniejsze-artykuly","20":"tag-najwyzsza_izba_kontroli_nik","21":"tag-nat_styl","22":"tag-news","23":"tag-omp","24":"tag-perso_tst0","25":"tag-pl","26":"tag-poland","27":"tag-polish","28":"tag-polska","29":"tag-polski","30":"tag-prokuratura_prokuratorzy","31":"tag-screening_general","32":"tag-top-stories","33":"tag-topstories","34":"tag-wiadomosci"},"share_on_mastodon":{"url":"","error":""},"_links":{"self":[{"href":"https:\/\/www.europesays.com\/pl\/wp-json\/wp\/v2\/posts\/61134","targetHints":{"allow":["GET"]}}],"collection":[{"href":"https:\/\/www.europesays.com\/pl\/wp-json\/wp\/v2\/posts"}],"about":[{"href":"https:\/\/www.europesays.com\/pl\/wp-json\/wp\/v2\/types\/post"}],"author":[{"embeddable":true,"href":"https:\/\/www.europesays.com\/pl\/wp-json\/wp\/v2\/users\/2"}],"replies":[{"embeddable":true,"href":"https:\/\/www.europesays.com\/pl\/wp-json\/wp\/v2\/comments?post=61134"}],"version-history":[{"count":0,"href":"https:\/\/www.europesays.com\/pl\/wp-json\/wp\/v2\/posts\/61134\/revisions"}],"wp:featuredmedia":[{"embeddable":true,"href":"https:\/\/www.europesays.com\/pl\/wp-json\/wp\/v2\/media\/61135"}],"wp:attachment":[{"href":"https:\/\/www.europesays.com\/pl\/wp-json\/wp\/v2\/media?parent=61134"}],"wp:term":[{"taxonomy":"category","embeddable":true,"href":"https:\/\/www.europesays.com\/pl\/wp-json\/wp\/v2\/categories?post=61134"},{"taxonomy":"post_tag","embeddable":true,"href":"https:\/\/www.europesays.com\/pl\/wp-json\/wp\/v2\/tags?post=61134"}],"curies":[{"name":"wp","href":"https:\/\/api.w.org\/{rel}","templated":true}]}}