{"id":611389,"date":"2026-08-09T14:48:41","date_gmt":"2026-08-09T14:48:41","guid":{"rendered":"https:\/\/www.europesays.com\/pl\/611389\/"},"modified":"2026-08-09T14:48:41","modified_gmt":"2026-08-09T14:48:41","slug":"planetoida-2019-ny2-minie-ziemie-10-sierpnia-nasa-o-szczegolach-przelotu","status":"publish","type":"post","link":"https:\/\/www.europesays.com\/pl\/611389\/","title":{"rendered":"Planetoida 2019 NY2 minie Ziemi\u0119 10 sierpnia. NASA o szczeg\u00f3\u0142ach przelotu"},"content":{"rendered":"<p class=\"post-excerpt\" data-v-64cd7efc=\"\">W poniedzia\u0142ek 10 sierpnia w pobli\u017cu naszej planety przemknie du\u017ca planetoida 2019 NY2. Cia\u0142o niebieskie o \u015brednicy nawet do 330 metr\u00f3w minie Ziemi\u0119 w bezpiecznej odleg\u0142o\u015bci. NASA uspokaja, \u017ce obiekt nie stanowi zagro\u017cenia, cho\u0107 zosta\u0142 zaklasyfikowany jako potencjalnie niebezpieczny.<\/p>\n<p><img decoding=\"async\" data-nuxt-img=\"\"   onerror=\"this.setAttribute('data-error', 1)\" alt=\"planetoida, kosmos, Ziemia\" fetchpriority=\"high\" src=\"https:\/\/www.europesays.com\/pl\/wp-content\/uploads\/2026\/08\/shutterstock_2386118367-ratio-3x2-1.jpg\" data-v-f60c0091=\"\"\/>W pobli\u017cu Ziemi przeleci planetoida (fot. Shutterstock \/ Shutterstock)<\/p>\n<ul>\n<li>Planetoida 2019 NY2 minie nasz\u0105 planet\u0119 10 sierpnia o godzinie 00:20 czasu uniwersalnego. B\u0119dzie to jej najbli\u017cszy przelot obok Ziemi na przestrzeni najbli\u017cszych 150 lat.<\/li>\n<li>Obiekt osi\u0105ga rozmiary od 150 do 330 metr\u00f3w i przemknie przez kosmos z pr\u0119dko\u015bci\u0105 niemal 10 km\/s. <\/li>\n<li>Dystans od Ziemi wyniesie oko\u0142o 2,5 miliona kilometr\u00f3w.<\/li>\n<\/ul>\n<p><a href=\"https:\/\/zero.pl\/news\/szczepionka-mrna-przeciw-grypie-fda-zatwierdzila-preparat\" class=\"\" rel=\"nofollow noopener\" target=\"_blank\">W USA zatwierdzono pierwsz\u0105 szczepionk\u0119 mRNA przeciwko grypie. Jest skuteczniejsza<\/a><\/p>\n<p>Parametry zbli\u017cenia podaje Center for Near Earth Object Studies prowadzone przez NASA.<\/p>\n<p>Obiekt nosi tymczasowe oznaczenie 2019 NY2 i jest klasyfikowany jako potencjalnie niebezpieczny. Nie oznacza to, \u017ce uderzy w Ziemi\u0119.<\/p>\n<p>Kategoria o angielskiej nazwie Potentially Hazardous Asteroid, w skr\u00f3cie: PHA, to asteroidy, kt\u00f3rych orbity przecinaj\u0105 orbit\u0119 Ziemi lub przebiegaj\u0105 w pobli\u017cu \u2013 nie dalej ni\u017c 0,05 jednostki astronomicznej, co jest r\u00f3wnie 19,5 odleg\u0142o\u015bciom Ksi\u0119\u017cyca od Ziemi, albo oko\u0142o 7,5 miliona kilometr\u00f3w. Musz\u0105 te\u017c mie\u0107 odpowiednio du\u017cy rozmiar (ponad 140-150 metr\u00f3w).<\/p>\n<p>NASA ujawnia szczeg\u00f3\u0142y<\/p>\n<p>Planetoida 2019 NY2 ma \u015brednic\u0119 szacowan\u0105 na od 150 do 330 metr\u00f3w. Zbli\u017cy si\u0119 do Ziemi 10 sierpnia o godzinie 00.20 czasu uniwersalnego. Przeleci z pr\u0119dko\u015bci\u0105 9,6 km\/s w odleg\u0142o\u015bci 6,5 dystansu Ziemia-Ksi\u0119\u017cyc, co odpowiada oko\u0142o 2,5 mln km.<\/p>\n<p>Planetoida nie stanowi zagro\u017cenia. To b\u0119dzie jego najbli\u017cszy przelot w najbli\u017cszych 150 latach. Obiekt 2019 NY2 odkryto w 2019 roku.<\/p>\n<p>Okres orbitalny planetoidy wok\u00f3\u0142 S\u0142o\u0144ca wynosi 845 dni, czyli 2,3 roku. Kr\u0105\u017cy w g\u0142\u00f3wnym pasie planetoid pomi\u0119dzy orbitami Marsa i Jowisza. Nale\u017cy do grupy Apolla, czyli planetoid bliskich Ziemi, kt\u00f3rych orbity przecinaj\u0105 nie tylko orbit\u0119 Ziemi, ale czasami tak\u017ce i Wenus.<\/p>\n<p>NASA planowa\u0142a wykorzysta\u0107 zbli\u017cenie planetoidy do bada\u0144 radarowych, ale obserwacje ostatecznie odwo\u0142ano. Przy takich obserwacjach sygna\u0142 nadawany jest przez 70-metrow\u0105 anten\u0119 Goldstone, a odbite echo radarowe odbiera 100-metrowa antena Green Bank. Jednak drugi z instrument\u00f3w nie b\u0119dzie w tym czasie dost\u0119pny.<\/p>\n","protected":false},"excerpt":{"rendered":"W poniedzia\u0142ek 10 sierpnia w pobli\u017cu naszej planety przemknie du\u017ca planetoida 2019 NY2. Cia\u0142o niebieskie o \u015brednicy nawet&hellip;\n","protected":false},"author":2,"featured_media":611390,"comment_status":"","ping_status":"","sticky":false,"template":"","format":"standard","meta":{"footnotes":"","_share_on_mastodon":"0"},"categories":[20],"tags":[4622,120,118,119,42,38,40,39,41,116,114,115,121,117],"class_list":["post-611389","post","type-post","status-publish","format-standard","has-post-thumbnail","category-nauka-i-technika","tag-kosmos","tag-nauka","tag-nauka-i-technika","tag-naukatechnika","tag-pl","tag-poland","tag-polish","tag-polska","tag-polski","tag-science","tag-science-and-technology","tag-sciencetechnology","tag-technika","tag-technology"],"share_on_mastodon":{"url":"https:\/\/pubeurope.com\/@pl\/117066105527630773","error":""},"_links":{"self":[{"href":"https:\/\/www.europesays.com\/pl\/wp-json\/wp\/v2\/posts\/611389","targetHints":{"allow":["GET"]}}],"collection":[{"href":"https:\/\/www.europesays.com\/pl\/wp-json\/wp\/v2\/posts"}],"about":[{"href":"https:\/\/www.europesays.com\/pl\/wp-json\/wp\/v2\/types\/post"}],"author":[{"embeddable":true,"href":"https:\/\/www.europesays.com\/pl\/wp-json\/wp\/v2\/users\/2"}],"replies":[{"embeddable":true,"href":"https:\/\/www.europesays.com\/pl\/wp-json\/wp\/v2\/comments?post=611389"}],"version-history":[{"count":0,"href":"https:\/\/www.europesays.com\/pl\/wp-json\/wp\/v2\/posts\/611389\/revisions"}],"wp:featuredmedia":[{"embeddable":true,"href":"https:\/\/www.europesays.com\/pl\/wp-json\/wp\/v2\/media\/611390"}],"wp:attachment":[{"href":"https:\/\/www.europesays.com\/pl\/wp-json\/wp\/v2\/media?parent=611389"}],"wp:term":[{"taxonomy":"category","embeddable":true,"href":"https:\/\/www.europesays.com\/pl\/wp-json\/wp\/v2\/categories?post=611389"},{"taxonomy":"post_tag","embeddable":true,"href":"https:\/\/www.europesays.com\/pl\/wp-json\/wp\/v2\/tags?post=611389"}],"curies":[{"name":"wp","href":"https:\/\/api.w.org\/{rel}","templated":true}]}}