{"id":61170,"date":"2025-10-21T17:49:09","date_gmt":"2025-10-21T17:49:09","guid":{"rendered":"https:\/\/www.europesays.com\/pl\/61170\/"},"modified":"2025-10-21T17:49:09","modified_gmt":"2025-10-21T17:49:09","slug":"ronaldo-moze-byc-dumny-kariera-syna-nabiera-rozpedu","status":"publish","type":"post","link":"https:\/\/www.europesays.com\/pl\/61170\/","title":{"rendered":"Ronaldo mo\u017ce by\u0107 dumny. Kariera syna nabiera rozp\u0119du"},"content":{"rendered":"\n<p class=\"contentpart contentpart--default contentpart--text\" data-position=\"0\">15-letni <a href=\"https:\/\/sportowefakty.wp.pl\/pilka-nozna\/cristiano-ronaldo-jr\" rel=\"nofollow noopener\" target=\"_blank\">Cristiano Ronaldo Jr.<\/a>\u00a0otrzyma\u0142 premierowe powo\u0142anie do reprezentacji Portugalii U-16. Zawodnik akademii <a href=\"https:\/\/sportowefakty.wp.pl\/pilka-nozna\/al-nassr\" rel=\"nofollow noopener\" target=\"_blank\">Al-Nassr<\/a>, klubu, w kt\u00f3rym gra jego ojciec, znalaz\u0142 si\u0119 w 22-osobowej kadrze na Federations Cup w Turcji.<\/p>\n<p class=\"contentpart contentpart--default contentpart--text\" data-position=\"1\">Turniej m\u0142odzie\u017cowy zostanie rozegrany w dniach 30 pa\u017adziernika &#8211; 4 listopada. Portugalia zmierzy si\u0119 z r\u00f3wie\u015bnikami z Turcji, Walii i Anglii.<\/p>\n<p> <img role=\"presentation\" src=\"https:\/\/std.wpcdn.pl\/images\/adv\/placeholder_wp.svg\" loading=\"lazy\" alt=\"\" decoding=\"async\"\/>  <\/p>\n<p class=\"contentpart contentpart--default contentpart--text\" data-position=\"2\">ZOBACZ WIDEO: Dosta\u0142 przelew od ministerstwa. A\u017c zadzwoni\u0142, czy to na pewno ta kwota<\/p>\n<p class=\"contentpart contentpart--default contentpart--text\" data-position=\"4\">To kolejny etap po majowym powo\u0142aniu Ronaldo Jr. do dru\u017cyny U-15. Przypomnijmy, \u017ce w maju zdoby\u0142 swoje premierowe bramki na tym szczeblu &#8211; wi\u0119cej <a href=\"https:\/\/sportowefakty.wp.pl\/pilka-nozna\/1189077\/historia-dzieje-sie-na-naszych-oczach-syn-ronaldo-zostal-bohaterem\" rel=\"nofollow noopener\" target=\"_blank\">TUTAJ<\/a>.<\/p>\n<p class=\"contentpart contentpart--default contentpart--text\" data-position=\"5\">Powo\u0142anie do juniorskiej reprezentacji zwi\u0119ksza spekulacje o potencjalnym wsp\u00f3lnym wyst\u0119pie ojca i syna w kadrze w przysz\u0142o\u015bci. Cristiano Ronaldo Jr. pod\u0105\u017ca \u015bladami ojca. Wcze\u015bniej trenowa\u0142 w zespo\u0142ach m\u0142odzie\u017cowych Juventusu i Manchesteru United.<\/p>\n<p class=\"contentpart contentpart--default contentpart--text\" data-position=\"6\">Ojciec nastolatka, <a href=\"https:\/\/sportowefakty.wp.pl\/pilka-nozna\/cristiano-ronaldo\" rel=\"nofollow noopener\" target=\"_blank\">Cristiano Ronaldo<\/a>, od grudnia 2022 roku gra w Saudi Pro League. Debiut w m\u0142odzie\u017cowej kadrze Portugalii zaliczy\u0142 w 2001 roku, a dzi\u015b ma 223 mecze i 143 gole w reprezentacji &#8211; to rekordy, je\u015bli chodzi o rozgrywki mi\u0119dzynarodowe.<\/p>\n","protected":false},"excerpt":{"rendered":"15-letni Cristiano Ronaldo Jr.\u00a0otrzyma\u0142 premierowe powo\u0142anie do reprezentacji Portugalii U-16. Zawodnik akademii Al-Nassr, klubu, w kt\u00f3rym gra jego&hellip;\n","protected":false},"author":2,"featured_media":61171,"comment_status":"","ping_status":"","sticky":false,"template":"","format":"standard","meta":{"footnotes":""},"categories":[24],"tags":[15865,12695,15866,269,278,42,38,40,39,41,988,127,268,126],"class_list":{"0":"post-61170","1":"post","2":"type-post","3":"status-publish","4":"format-standard","5":"has-post-thumbnail","7":"category-sport","8":"tag-al-nassr","9":"tag-cristiano-ronaldo","10":"tag-cristiano-ronaldo-jr","11":"tag-pilka-nozna","12":"tag-pilka-w-europie","13":"tag-pl","14":"tag-poland","15":"tag-polish","16":"tag-polska","17":"tag-polski","18":"tag-portugalia","19":"tag-sport","20":"tag-sportowybar","21":"tag-sports"},"share_on_mastodon":{"url":"","error":""},"_links":{"self":[{"href":"https:\/\/www.europesays.com\/pl\/wp-json\/wp\/v2\/posts\/61170","targetHints":{"allow":["GET"]}}],"collection":[{"href":"https:\/\/www.europesays.com\/pl\/wp-json\/wp\/v2\/posts"}],"about":[{"href":"https:\/\/www.europesays.com\/pl\/wp-json\/wp\/v2\/types\/post"}],"author":[{"embeddable":true,"href":"https:\/\/www.europesays.com\/pl\/wp-json\/wp\/v2\/users\/2"}],"replies":[{"embeddable":true,"href":"https:\/\/www.europesays.com\/pl\/wp-json\/wp\/v2\/comments?post=61170"}],"version-history":[{"count":0,"href":"https:\/\/www.europesays.com\/pl\/wp-json\/wp\/v2\/posts\/61170\/revisions"}],"wp:featuredmedia":[{"embeddable":true,"href":"https:\/\/www.europesays.com\/pl\/wp-json\/wp\/v2\/media\/61171"}],"wp:attachment":[{"href":"https:\/\/www.europesays.com\/pl\/wp-json\/wp\/v2\/media?parent=61170"}],"wp:term":[{"taxonomy":"category","embeddable":true,"href":"https:\/\/www.europesays.com\/pl\/wp-json\/wp\/v2\/categories?post=61170"},{"taxonomy":"post_tag","embeddable":true,"href":"https:\/\/www.europesays.com\/pl\/wp-json\/wp\/v2\/tags?post=61170"}],"curies":[{"name":"wp","href":"https:\/\/api.w.org\/{rel}","templated":true}]}}