{"id":611719,"date":"2026-08-09T18:35:26","date_gmt":"2026-08-09T18:35:26","guid":{"rendered":"https:\/\/www.europesays.com\/pl\/611719\/"},"modified":"2026-08-09T18:35:26","modified_gmt":"2026-08-09T18:35:26","slug":"rondo-jakich-wiele-a-wciaz-sprawia-kierowcom-problemy-wlasnie-zderzyly-sie-tam-kolejne-pojazdy","status":"publish","type":"post","link":"https:\/\/www.europesays.com\/pl\/611719\/","title":{"rendered":"Rondo jakich wiele, a wci\u0105\u017c sprawia kierowcom problemy. W\u0142a\u015bnie zderzy\u0142y si\u0119 tam kolejne pojazdy"},"content":{"rendered":"<p>Do zdarzenia dosz\u0142o w niedziel\u0119, 9 sierpnia, na rondzie Mohy\u0142y w Lublinie. Oko\u0142o godziny 18, na skrzy\u017cowaniu ul. Ruskiej, Lwowskiej i Podzamcze, zderzy\u0142y si\u0119 dwa samochody osobowe: Opel i Skoda.<\/p>\n<p>Jak nam przekazano, kierowca Opla porusza\u0142 si\u0119 od strony ul. Podzamcze. Wje\u017cd\u017caj\u0105c na skrzy\u017cowanie zignorowa\u0142 oznakowanie, w wyniku czego doprowadzi\u0142 do zderzenia ze Skod\u0105, kt\u00f3rej kierowca znajdowa\u0142 si\u0119 na rondzie.<\/p>\n<p>Wiadomo ju\u017c, \u017ce podr\u00f3\u017cuj\u0105ce autami osoby nie dozna\u0142y obra\u017ce\u0144 cia\u0142a. Obecnie uczestnicy oczekuj\u0105 na przyjazd funkcjonariuszy drog\u00f3wki, kt\u00f3rzy b\u0119d\u0105 prowadzi\u0107 czynno\u015bci wyja\u015bniaj\u0105ce. Nie ma wi\u0119kszych utrudnie\u0144 w ruchu.<\/p>\n<p>    Galeria zdj\u0119\u0107<\/p>\n<p>                                    <img decoding=\"async\" class=\"gallery-item\" src=\"https:\/\/www.europesays.com\/pl\/wp-content\/uploads\/2026\/08\/medium-143n50.jpg\" loading=\"lazy\" width=\"1600\" height=\"1200\"\/><\/p>\n<p>            Zdj\u0119cie 1 z 5<\/p>\n<p>                                    <img decoding=\"async\" class=\"gallery-item\" src=\"https:\/\/www.europesays.com\/pl\/wp-content\/uploads\/2026\/08\/medium-143n49.jpg\" loading=\"lazy\" width=\"1600\" height=\"1200\"\/><\/p>\n<p>            Zdj\u0119cie 2 z 5<\/p>\n<p>                                    <img decoding=\"async\" class=\"gallery-item\" src=\"https:\/\/www.europesays.com\/pl\/wp-content\/uploads\/2026\/08\/medium-143n48.jpg\" loading=\"lazy\" width=\"1600\" height=\"1200\"\/><\/p>\n<p>            Zdj\u0119cie 3 z 5<\/p>\n<p>                                    <img decoding=\"async\" class=\"gallery-item\" src=\"https:\/\/www.europesays.com\/pl\/wp-content\/uploads\/2026\/08\/medium-143n46.jpg\" loading=\"lazy\" width=\"1600\" height=\"1200\"\/><\/p>\n<p>            Zdj\u0119cie 4 z 5<\/p>\n<p>                                    <img decoding=\"async\" class=\"gallery-item\" src=\"https:\/\/www.europesays.com\/pl\/wp-content\/uploads\/2026\/08\/medium-143n45.jpg\" loading=\"lazy\" width=\"1600\" height=\"1200\"\/><\/p>\n<p>            Zdj\u0119cie 5 z 5<\/p>\n","protected":false},"excerpt":{"rendered":"Do zdarzenia dosz\u0142o w niedziel\u0119, 9 sierpnia, na rondzie Mohy\u0142y w Lublinie. Oko\u0142o godziny 18, na skrzy\u017cowaniu ul.&hellip;\n","protected":false},"author":2,"featured_media":611720,"comment_status":"","ping_status":"","sticky":false,"template":"","format":"standard","meta":{"footnotes":"","_share_on_mastodon":"0"},"categories":[51612],"tags":[3431,1081,115516,42,111716,38,40,39,41,120896,62489,2588],"class_list":["post-611719","post","type-post","status-publish","format-standard","has-post-thumbnail","category-lublin","tag-kolizja","tag-lublin","tag-lwowska","tag-pl","tag-podzamcze","tag-poland","tag-polish","tag-polska","tag-polski","tag-rondo-mohyly","tag-ruska","tag-wypadek"],"share_on_mastodon":{"url":"https:\/\/pubeurope.com\/@pl\/117066998787646517","error":""},"_links":{"self":[{"href":"https:\/\/www.europesays.com\/pl\/wp-json\/wp\/v2\/posts\/611719","targetHints":{"allow":["GET"]}}],"collection":[{"href":"https:\/\/www.europesays.com\/pl\/wp-json\/wp\/v2\/posts"}],"about":[{"href":"https:\/\/www.europesays.com\/pl\/wp-json\/wp\/v2\/types\/post"}],"author":[{"embeddable":true,"href":"https:\/\/www.europesays.com\/pl\/wp-json\/wp\/v2\/users\/2"}],"replies":[{"embeddable":true,"href":"https:\/\/www.europesays.com\/pl\/wp-json\/wp\/v2\/comments?post=611719"}],"version-history":[{"count":0,"href":"https:\/\/www.europesays.com\/pl\/wp-json\/wp\/v2\/posts\/611719\/revisions"}],"wp:featuredmedia":[{"embeddable":true,"href":"https:\/\/www.europesays.com\/pl\/wp-json\/wp\/v2\/media\/611720"}],"wp:attachment":[{"href":"https:\/\/www.europesays.com\/pl\/wp-json\/wp\/v2\/media?parent=611719"}],"wp:term":[{"taxonomy":"category","embeddable":true,"href":"https:\/\/www.europesays.com\/pl\/wp-json\/wp\/v2\/categories?post=611719"},{"taxonomy":"post_tag","embeddable":true,"href":"https:\/\/www.europesays.com\/pl\/wp-json\/wp\/v2\/tags?post=611719"}],"curies":[{"name":"wp","href":"https:\/\/api.w.org\/{rel}","templated":true}]}}