{"id":612049,"date":"2026-08-09T22:25:23","date_gmt":"2026-08-09T22:25:23","guid":{"rendered":"https:\/\/www.europesays.com\/pl\/612049\/"},"modified":"2026-08-09T22:25:23","modified_gmt":"2026-08-09T22:25:23","slug":"zuzel-warszawa-czeka-na-ostatniego-finaliste-dps-gwiazdy-z-danii-poza-zasiegiem-rywali","status":"publish","type":"post","link":"https:\/\/www.europesays.com\/pl\/612049\/","title":{"rendered":"\u017bu\u017cel. Warszawa czeka na ostatniego finalist\u0119 DP\u015a. Gwiazdy z Danii poza zasi\u0119giem rywali?"},"content":{"rendered":"\n<p class=\"contentpart contentpart--default contentpart--text\" data-position=\"0\">B\u0119dzie to pierwszy tak presti\u017cowy weekend w historii speedwaya w stolicy \u0141otwy. Sobotni turniej\u00a0<a href=\"https:\/\/sportowefakty.wp.pl\/zuzel\/sgpims\" rel=\"nofollow noopener\" target=\"_blank\">Grand Prix<\/a>\u00a0poprzedzi rywalizacja w ramach\u00a0<a href=\"https:\/\/sportowefakty.wp.pl\/zuzel\/dps\" rel=\"nofollow noopener\" target=\"_blank\">Dru\u017cynowego Puchar \u015awiata<\/a>. W tym roku organizatorzy mistrzostw \u015bwiata postanowili dopasowa\u0107 dwa p\u00f3\u0142fina\u0142y reprezentacyjnego czempionatu do indywidualnego cyklu. W maju by\u0142o tak w Landshut, a teraz b\u0119dzie w Rydze.<\/p>\n<p>Dania mo\u017ce by\u0107 poza zasi\u0119giem<\/p>\n<p>  <img decoding=\"async\" src=\"https:\/\/v.wpimg.pl\/X3dwLnN2d1IFFTpdYUl6R0ZNbgcnEHQREVV2TGEGbUtRT2MdOlZ2RBQUKABgQjQcDRotCStBd1IAAWMeIlM7VgwYIAorQAdEFFk_GCkQJQ\" alt=\"\" width=\"45\" height=\"58\" loading=\"lazy\"\/>  <\/p>\n<p class=\"contentpart contentpart--default contentpart--text\" data-position=\"2\">Stawka drugiego p\u00f3\u0142fina\u0142u jest i\u015bcie skandynawska. Gospodarze stocz\u0105 bowiem b\u00f3j z Dani\u0105, Norwegi\u0105 i Szwecj\u0105. G\u0142\u00f3wny kandydat do awansu to niew\u0105tpliwie zesp\u00f3\u0142 z kraju Hamleta, kt\u00f3ry &#8211; gdyby w finale 29 sierpnia w Warszawie si\u0119 znalaz\u0142 &#8211; zdecydowanie uda si\u0119\u00a0do naszej stolicy z zamiarem walki o pierwszy od 2014 roku z\u0142oty medal globalnego czempionatu.<\/p>\n<p class=\"contentpart contentpart--default contentpart--text\" data-position=\"3\">ZOBACZ WIDEO: &#8222;Ja si\u0119 nie poddam&#8221;. Jasny przekaz Patricka Hansena<\/p>\n<p class=\"contentpart contentpart--default contentpart--text\" data-position=\"5\"><a href=\"https:\/\/sportowefakty.wp.pl\/zuzel\/nicki-pedersen\" rel=\"nofollow noopener\" target=\"_blank\">Nicki Pedersen<\/a>\u00a0skonsolidowa\u0142 wszystkie najwi\u0119ksze swoje gwiazdy, dlatego te\u017c nie mo\u017ce dziwi\u0107 ich status faworyta pi\u0105tkowych zmaga\u0144 na obiekcie Bikernieku. Du\u0144czycy prezentuj\u0105 si\u0119 na papierze najlepiej i je\u017celi na 355-metrowym zmienionym niedawno torze (wi\u0119cej o tym <a href=\"https:\/\/sportowefakty.wp.pl\/zuzel\/1263524\/zuzel-obiekt-grand-prix-przeszedl-rewolucje-teraz-ma-byc-znacznie-wiecej-mijanek\" rel=\"nofollow noopener\" target=\"blank\">TUTAJ<\/a>) zaprezentuj\u0105 sw\u00f3j optymalny poziom, nikt im nie powinien specjalnie zagrozi\u0107 w drodze po bilet na PGE Narodowy. Czyli tam, gdzie pewne jazdy s\u0105 ju\u017c &#8211; gospodarz <a href=\"https:\/\/sportowefakty.wp.pl\/zuzel\/reprezentacja-polski\" rel=\"nofollow noopener\" target=\"_blank\">Polska<\/a>, triumfator <a href=\"https:\/\/sportowefakty.wp.pl\/zuzel\/speedway-nations\" rel=\"nofollow noopener\" target=\"_blank\">Speedway of Nations<\/a>\u00a0sprzed roku <a href=\"https:\/\/sportowefakty.wp.pl\/zuzel\/reprezentacja-australii\" rel=\"nofollow noopener\" target=\"_blank\">Australia<\/a>\u00a0i zwyci\u0119zca 1. p\u00f3\u0142fina\u0142u <a href=\"https:\/\/sportowefakty.wp.pl\/zuzel\/reprezentacja-wielkiej-brytanii\" rel=\"nofollow noopener\" target=\"_blank\">Wielka Brytania<\/a>.<\/p>\n<p>  <img decoding=\"async\" src=\"https:\/\/v.wpimg.pl\/X3dwLnN2d1IFFTpdYUl6R0ZNbgcnEHQREVV2TGEGbUtRT2MdOlZ2RBQUKABgQjQcDRotCStBd1IAAWMeIlM7VgwYIAorQAdEFFk_GCkQJQ\" alt=\"\" width=\"45\" height=\"58\" loading=\"lazy\"\/>  <\/p>\n<p>Powr\u00f3t Lindgrena nie zbawi Szwecji?<\/p>\n<p class=\"contentpart contentpart--default contentpart--text\" data-position=\"7\">Przy czym \u0141otyszy i Szwed\u00f3w zlekcewa\u017cy\u0107 nie mog\u0105. Jedni i drudzy w przesz\u0142o\u015bci w DP\u015a potrafili ju\u017c sprawi\u0107 du\u0144skiej kadrze psikusa. Pierwsi w 2017 roku w p\u00f3\u0142finale w Vastervik nieoczekiwanie wyrzucili ich z imprezy, a drudzy niejednokrotnie plasowali si\u0119 na wy\u017cszej pozycji i to nie zawsze b\u0119d\u0105c w teorii wy\u017cej notowanym. Cho\u0107by w 2015 w niezwykle zaci\u0119tym finale w Vojens odnie\u015bli triumf, wyprzedzaj\u0105c bezpo\u015brednio w\u0142a\u015bnie Du\u0144czyk\u00f3w.<\/p>\n<p class=\"contentpart contentpart--default contentpart--text\" data-position=\"8\">Szwecja ma tylko jedn\u0105 gwiazd\u0119 \u015bwiatowego formatu, kt\u00f3rej na dodatek doskwieraj\u0105 problemy natury zdrowotnej. Kontuzja odniesiona w po\u0142owie maja rozbi\u0142a bowiem sezon <a href=\"https:\/\/sportowefakty.wp.pl\/zuzel\/fredrik-lindgren\" rel=\"nofollow noopener\" target=\"_blank\">Fredrikowi Lindgrenowi<\/a>. Na prze\u0142omie czerwca i lipca odjecha\u0142 dwa niepe\u0142ne spotkania w lidze polskiej, ale potem i tak rezygnowa\u0142 z innych wydarze\u0144, nawet GP. Dla kapitana &#8222;Trzech Koron&#8221; pi\u0105tek i sobota w Rydze b\u0119d\u0105 wi\u0119c bardzo intensywne.\u00a0Mi\u0119dzy innymi dlatego ewentualne pokonanie odwiecznego rywala z Danii jawi si\u0119 jako zadanie o wiele trudniejsze lub po prostu arcytrudne.<\/p>\n<p>  <img decoding=\"async\" src=\"https:\/\/v.wpimg.pl\/X3dwLnN2d1IFFTpdYUl6R0ZNbgcnEHQREVV2TGEGbUtRT2MdOlZ2RBQUKABgQjQcDRotCStBd1IAAWMeIlM7VgwYIAorQAdEFFk_GCkQJQ\" alt=\"\" width=\"45\" height=\"58\" loading=\"lazy\"\/>  <\/p>\n<p>Du\u017ca rzecz dla \u017cu\u017cla na \u0141otwie<\/p>\n<p class=\"contentpart contentpart--default contentpart--text\" data-position=\"10\">Dla \u0142otewskiego \u017cu\u017cla bycie organizatorem dzie\u0144 po dniu imprez DP\u015a i GP to wydarzenie ogromnego kalibru. W przesz\u0142o\u015bci w Daugavpils goszczono dwa dni z rz\u0119du p\u00f3\u0142fina\u0142y SoN (sezon 2021), natomiast nigdy nie by\u0142o dw\u00f3ch r\u00f3\u017cnych tak presti\u017cowych seniorskich rywalizacji. Przy okazji tego wszystkiego waleczna kadra gospodarzy dowodzona przez lidera\u00a0<a href=\"https:\/\/sportowefakty.wp.pl\/zuzel\/andrei-lebedev\" rel=\"nofollow noopener\" target=\"_blank\">Andrzeja Lebiediewa<\/a>\u00a0z pewno\u015bci\u0105 chcia\u0142aby utrze\u0107 nosa tym ze Skandynawii, ale nawet znajomo\u015b\u0107 owalu mo\u017ce tutaj nie wystarczy\u0107 do sensacyjnego awansu.<\/p>\n<p class=\"contentpart contentpart--default contentpart--text\" data-position=\"11\">&#8222;Kopciuszkiem&#8221; w stawce zbli\u017caj\u0105cego si\u0119 turnieju jest Norwegia. Tak, jak Ukraina w 1. p\u00f3\u0142finale w maju, tak i ona debiutuje na tym etapie\u00a0DP\u015a. Szyki przedstawicielom pozosta\u0142ych zespo\u0142\u00f3w b\u0119dzie zapewne miesza\u0107 objawienie tegorocznej PGE Ekstraligi &#8211;\u00a0<a href=\"https:\/\/sportowefakty.wp.pl\/zuzel\/mathias-pollestad\" rel=\"nofollow noopener\" target=\"_blank\">Mathias Pollestad<\/a>. Za to ju\u017c pokonywanie konkurent\u00f3w przez jego mniej znanych koleg\u00f3w b\u0119dzie ka\u017cdorazowo uznane za wielk\u0105 niespodziank\u0119.<\/p>\n<p>  <img decoding=\"async\" src=\"https:\/\/v.wpimg.pl\/X3dwLnN2d1IFFTpdYUl6R0ZNbgcnEHQREVV2TGEGbUtRT2MdOlZ2RBQUKABgQjQcDRotCStBd1IAAWMeIlM7VgwYIAorQAdEFFk_GCkQJQ\" alt=\"\" width=\"45\" height=\"58\" loading=\"lazy\"\/>  <\/p>\n<p class=\"contentpart contentpart--default contentpart--text\" data-position=\"12\">Awizowane sk\u0142ady:<\/p>\n<p class=\"contentpart contentpart--default contentpart--text\" data-position=\"13\"><a href=\"https:\/\/sportowefakty.wp.pl\/zuzel\/reprezentacja-danii\" rel=\"nofollow noopener\" target=\"_blank\">Dania<\/a>\u00a0(kaski czerwone):<br \/>1. Michael Jepsen Jensen<br \/>2. Leon Madsen<br \/>3. Anders Thomsen<br \/>4. Mikkel Michelsen<br \/>5. Frederik Jakobsen<br \/>Menad\u017cer: Nicki Pedersen<\/p>\n<p class=\"contentpart contentpart--default contentpart--text\" data-position=\"14\"><a href=\"https:\/\/sportowefakty.wp.pl\/zuzel\/reprezentacja-norwegii\" rel=\"nofollow noopener\" target=\"_blank\">Norwegia<\/a>\u00a0(kaski niebieskie):<br \/>1. Mathias Pollestad<br \/>2. Lasse Fredriksen<br \/>3. Glenn Moi<br \/>4. Truls Kamhaug<br \/>5. Magnus Klipper<br \/>Menad\u017cer: Kenneth Klipper Smith<\/p>\n<p class=\"contentpart contentpart--default contentpart--text\" data-position=\"15\"><a href=\"https:\/\/sportowefakty.wp.pl\/zuzel\/reprezentacja-lotwy\" rel=\"nofollow noopener\" target=\"_blank\">\u0141otwa<\/a>\u00a0(kaski bia\u0142e):<br \/>1. Danii\u0142 Ko\u0142odinski<br \/>2. Andrzej Lebiediew<br \/>3. Jewgienij Kostygow<br \/>4. Francis Gusts<br \/>5. Oleg Michai\u0142ow<br \/>Menad\u017cer: W\u0142adimir Vagel<\/p>\n<p>  <img decoding=\"async\" src=\"https:\/\/v.wpimg.pl\/X3dwLnN2d1IFFTpdYUl6R0ZNbgcnEHQREVV2TGEGbUtRT2MdOlZ2RBQUKABgQjQcDRotCStBd1IAAWMeIlM7VgwYIAorQAdEFFk_GCkQJQ\" alt=\"\" width=\"45\" height=\"58\" loading=\"lazy\"\/>  <\/p>\n<p class=\"contentpart contentpart--default contentpart--text\" data-position=\"16\"><a href=\"https:\/\/sportowefakty.wp.pl\/zuzel\/reprezentacja-szwecji\" rel=\"nofollow noopener\" target=\"_blank\">Szwecja<\/a>\u00a0(kaski \u017c\u00f3\u0142te):<br \/>1. Oliver Berntzon\u2028<br \/>2. Timo Lahti\u2028<br \/>3. Jacob Thorssell<br \/>4. Fredrik Lindgren<br \/>5. Kim Nilsson<br \/>Menad\u017cer: Linus Sundstroem<\/p>\n<p class=\"contentpart contentpart--default contentpart--text\" data-position=\"17\">Pocz\u0105tek turnieju: godz. 18:00 (czasu polskiego)<br \/>S\u0119dzia: Jesper Steentoft (Dania)<\/p>\n<p class=\"contentpart contentpart--default contentpart--text\" data-position=\"18\">Prognoza na pi\u0105tek (za: pogoda.wp.pl):<br \/>Temperatura: 20\u00b0C<br \/>Deszcz: 0.0 mm<br \/>Wiatr: 18 km\/h<\/p>\n<p>Nasza relacja:<\/p>\n<p> <a href=\"https:\/\/sportowefakty.wp.pl\/zuzel\/relacja-na-zywo\/181110\/2-polfinal-dps-w-rydze-live\" class=\"box\" rel=\"nofollow noopener\" target=\"_blank\">     <\/p>\n<p>2. p\u00f3\u0142fina\u0142 DP\u015a w Rydze<\/p>\n<p>   <\/a>  <\/p>\n","protected":false},"excerpt":{"rendered":"B\u0119dzie to pierwszy tak presti\u017cowy weekend w historii speedwaya w stolicy \u0141otwy. Sobotni turniej\u00a0Grand Prix\u00a0poprzedzi rywalizacja w ramach\u00a0Dru\u017cynowego&hellip;\n","protected":false},"author":2,"featured_media":612050,"comment_status":"","ping_status":"","sticky":false,"template":"","format":"standard","meta":{"footnotes":"","_share_on_mastodon":"0"},"categories":[51605],"tags":[2667,120919,22865,3412,75,1330,12606,21246,42,38,40,39,41,94601,23161,2220,12615,537,12265,85862,20922,748,435,174,9802,10524],"class_list":["post-612049","post","type-post","status-publish","format-standard","has-post-thumbnail","category-warszawa","tag-andrzej-lebiediew","tag-bikernieku-sport-complex-w-rydze","tag-dps","tag-fredrik-lindgren","tag-lotwa","tag-mathias-pollestad","tag-nicki-pedersen","tag-pge-narodowy-w-warszawie","tag-pl","tag-poland","tag-polish","tag-polska","tag-polski","tag-reprezentacja-australii","tag-reprezentacja-danii","tag-reprezentacja-lotwy","tag-reprezentacja-norwegii","tag-reprezentacja-polski","tag-reprezentacja-szwecji","tag-reprezentacja-wielkiej-brytanii","tag-ryga","tag-sgp-ims","tag-warszawa","tag-zuzel","tag-zuzel-na-swiecie","tag-zuzel-w-europie"],"share_on_mastodon":{"url":"","error":"Validation failed: Text character limit of 500 exceeded"},"_links":{"self":[{"href":"https:\/\/www.europesays.com\/pl\/wp-json\/wp\/v2\/posts\/612049","targetHints":{"allow":["GET"]}}],"collection":[{"href":"https:\/\/www.europesays.com\/pl\/wp-json\/wp\/v2\/posts"}],"about":[{"href":"https:\/\/www.europesays.com\/pl\/wp-json\/wp\/v2\/types\/post"}],"author":[{"embeddable":true,"href":"https:\/\/www.europesays.com\/pl\/wp-json\/wp\/v2\/users\/2"}],"replies":[{"embeddable":true,"href":"https:\/\/www.europesays.com\/pl\/wp-json\/wp\/v2\/comments?post=612049"}],"version-history":[{"count":0,"href":"https:\/\/www.europesays.com\/pl\/wp-json\/wp\/v2\/posts\/612049\/revisions"}],"wp:featuredmedia":[{"embeddable":true,"href":"https:\/\/www.europesays.com\/pl\/wp-json\/wp\/v2\/media\/612050"}],"wp:attachment":[{"href":"https:\/\/www.europesays.com\/pl\/wp-json\/wp\/v2\/media?parent=612049"}],"wp:term":[{"taxonomy":"category","embeddable":true,"href":"https:\/\/www.europesays.com\/pl\/wp-json\/wp\/v2\/categories?post=612049"},{"taxonomy":"post_tag","embeddable":true,"href":"https:\/\/www.europesays.com\/pl\/wp-json\/wp\/v2\/tags?post=612049"}],"curies":[{"name":"wp","href":"https:\/\/api.w.org\/{rel}","templated":true}]}}