{"id":612119,"date":"2026-08-09T23:20:16","date_gmt":"2026-08-09T23:20:16","guid":{"rendered":"https:\/\/www.europesays.com\/pl\/612119\/"},"modified":"2026-08-09T23:20:16","modified_gmt":"2026-08-09T23:20:16","slug":"wieczor-burleski-w-poznaniu-poznan-nasze-miasto","status":"publish","type":"post","link":"https:\/\/www.europesays.com\/pl\/612119\/","title":{"rendered":"Wiecz\u00f3r Burleski w Poznaniu | Pozna\u0144 Nasze Miasto"},"content":{"rendered":"<p class=\"atomsHappeningContent__desc\">Nasze ulubione wydarzenie na mapie Poznania! <br \/>Brokat pi\u00f3ra i cekiny tym razem w mniej oczywistej, undergroundowej oprawie rodem z czas\u00f3w prohibicji. Przenie\u015bcie si\u0119 w ten klimat prosto do Klubu 2Progi na fantastyczny spektakl, podczas kt\u00f3rego zobaczycie niesamowite artystki.<br \/>&#8211; Rose de Noir &#8211; organizatorka w podw\u00f3jnej roli &#8211; gospodyni wieczoru oraz performerki, kt\u00f3ra jest bardzo dzikim scenicznym zwierz\u0119ciem.<br \/>&#8211; Mila deVilla &#8211; wulkan energii i performerka, kt\u00f3ra udowadnia \u017ce nawet klasyczny numer mo\u017ce mie\u0107 MOC!<br \/>&#8211; Dev Roe &#8211; performerka z Poznania, niedawna debiutantka, kt\u00f3ra zaskoczy w a\u017c trzech ods\u0142onach.<br \/>Wiecz\u00f3r poprowadzi kolejna niesamowita osobisto\u015b\u0107 czyli Owacja!<\/p>\n","protected":false},"excerpt":{"rendered":"Nasze ulubione wydarzenie na mapie Poznania! Brokat pi\u00f3ra i cekiny tym razem w mniej oczywistej, undergroundowej oprawie rodem&hellip;\n","protected":false},"author":2,"featured_media":612120,"comment_status":"","ping_status":"","sticky":false,"template":"","format":"standard","meta":{"footnotes":"","_share_on_mastodon":"0"},"categories":[51609],"tags":[6226,10195,42,38,40,39,41,1817,8812,22920],"class_list":["post-612119","post","type-post","status-publish","format-standard","has-post-thumbnail","category-poznan","tag-bilety","tag-impreza","tag-pl","tag-poland","tag-polish","tag-polska","tag-polski","tag-poznan","tag-spektakle","tag-wydarzenie"],"share_on_mastodon":{"url":"https:\/\/pubeurope.com\/@pl\/117068118357163252","error":""},"_links":{"self":[{"href":"https:\/\/www.europesays.com\/pl\/wp-json\/wp\/v2\/posts\/612119","targetHints":{"allow":["GET"]}}],"collection":[{"href":"https:\/\/www.europesays.com\/pl\/wp-json\/wp\/v2\/posts"}],"about":[{"href":"https:\/\/www.europesays.com\/pl\/wp-json\/wp\/v2\/types\/post"}],"author":[{"embeddable":true,"href":"https:\/\/www.europesays.com\/pl\/wp-json\/wp\/v2\/users\/2"}],"replies":[{"embeddable":true,"href":"https:\/\/www.europesays.com\/pl\/wp-json\/wp\/v2\/comments?post=612119"}],"version-history":[{"count":0,"href":"https:\/\/www.europesays.com\/pl\/wp-json\/wp\/v2\/posts\/612119\/revisions"}],"wp:featuredmedia":[{"embeddable":true,"href":"https:\/\/www.europesays.com\/pl\/wp-json\/wp\/v2\/media\/612120"}],"wp:attachment":[{"href":"https:\/\/www.europesays.com\/pl\/wp-json\/wp\/v2\/media?parent=612119"}],"wp:term":[{"taxonomy":"category","embeddable":true,"href":"https:\/\/www.europesays.com\/pl\/wp-json\/wp\/v2\/categories?post=612119"},{"taxonomy":"post_tag","embeddable":true,"href":"https:\/\/www.europesays.com\/pl\/wp-json\/wp\/v2\/tags?post=612119"}],"curies":[{"name":"wp","href":"https:\/\/api.w.org\/{rel}","templated":true}]}}