{"id":61221,"date":"2025-10-21T18:27:07","date_gmt":"2025-10-21T18:27:07","guid":{"rendered":"https:\/\/www.europesays.com\/pl\/61221\/"},"modified":"2025-10-21T18:27:07","modified_gmt":"2025-10-21T18:27:07","slug":"ceny-mieszkan-w-polsce-zaplacimy-mniej-w-warszawie-i-krakowie","status":"publish","type":"post","link":"https:\/\/www.europesays.com\/pl\/61221\/","title":{"rendered":"Ceny mieszka\u0144 w Polsce. Zap\u0142acimy mniej w Warszawie i Krakowie"},"content":{"rendered":"\n<p>&#13;<br \/>\nW uj\u0119ciu rok do\u00a0roku ceny wzros\u0142y w\u00a010 miastach, a\u00a0ni\u017csze ceny ni\u017c\u00a0przed rokiem utrzyma\u0142y si\u0119 jedynie w\u00a0Krakowie i\u00a0Warszawie (spadki odpowiednio o\u00a03,3 proc. i\u00a00,9 peoc. r\/r). &#13;\n<\/p>\n<p>&#13;<br \/>\n&#8222;W\u00a0por\u00f3wnaniu z\u00a0sierpniem br. \u015brednie stawki ofertowe mieszka\u0144 wystawionych na\u00a0sprzeda\u017c na\u00a0rynku wt\u00f3rnym najbardziej wzros\u0142y w\u00a0Gda\u0144sku (+2,9 proc.), Poznaniu (+2,2 proc.) i\u00a0Olsztynie (+1,8 proc.). W\u00a0tym samym okresie spadki nast\u0105pi\u0142y w\u00a0Krakowie (-0,9 proc.), \u0141odzi (-0,4 proc.) i\u00a0symbolicznie we\u00a0Wroc\u0142awiu (-0,1 proc.). W\u00a0Warszawie \u015brednia cena metra kwadratowego u\u017cywanego mieszkania utrzyma\u0142a si\u0119 praktycznie na\u00a0tym samym poziomie&#8221; \u2013\u00a0czytamy w\u00a0komunikacie. &#13;\n<\/p>\n<p>Wzrost cen w\u00a0zdecydowanej wi\u0119kszo\u015bci miast<\/p>\n<p>&#13;<br \/>\nNieco inaczej prezentuje si\u0119 <a href=\"https:\/\/dorzeczy.pl\/ekonomia\/788640\/stabilne-ceny-mieszkan-na-rynku-wtornym-prognoza-dla-kupujacych-i-sprzedajacych.html\" rel=\"nofollow noopener\" target=\"_blank\">por\u00f3wnanie cen z\u00a0wrze\u015bnia br.<\/a> tymi, za\u00a0jakie oferowane by\u0142y mieszkania we\u00a0wrze\u015bniu 2024 roku. W\u00a0uj\u0119ciu 12-miesi\u0119cznym dominuj\u0105 wzrosty, kt\u00f3re zanotowa\u0142o a\u017c\u00a010 z\u00a012 analizowanych miast. Najbardziej \u2013\u00a0o\u00a04 proc. \u2013\u00a0wzros\u0142a \u015brednia cena ofertowa mieszka\u0144 w\u00a0Bydgoszczy. Wyra\u017anie \u2013\u00a0o\u00a03,1 proc. \u2013\u00a0wzros\u0142a \u015brednia stawka za\u00a0m2 w\u00a0Poznaniu, a\u00a0ok. 2-procentowe wzrosty nast\u0105pi\u0142y w\u00a0Olsztynie, Katowicach i\u00a0Szczecinie. W\u00a0tym samym czasie \u015brednia cena ofertowa metra kwadratowego mieszka\u0144 u\u017cywanych w\u00a0Warszawie spad\u0142a o\u00a00,9 proc., a\u00a0w\u00a0Krakowie o\u00a03,3 proc., wymieniono tak\u017ce. &#13;\n<\/p>\n<p>&#13;<br \/>\n&#8222;Wrzesie\u0144 zauwa\u017calnie wyr\u00f3\u017cni\u0142 si\u0119 na\u00a0tle danych z\u00a0ostatnich miesi\u0119cy. W\u00a0por\u00f3wnaniu z\u00a0sierpniem br. \u015brednie ceny ofertowe mieszka\u0144 wzros\u0142y w\u00a08 z\u00a012 analizowanych miast, ale\u00a0ju\u017c w\u00a0uj\u0119ciu rocznym a\u017c\u00a0w\u00a010; wzrostom opar\u0142y si\u0119 tylko dwa najwi\u0119ksze rynki mieszkaniowe \u2013\u00a0warszawski i\u00a0krakowski. Mo\u017ce to\u00a0oznacza\u0107, \u017ce\u00a0rynek wchodzi w\u00a0t\u0119 faz\u0119 stabilizacji, w\u00a0kt\u00f3rej przy rosn\u0105cym udziale w\u00a0poda\u017cy mieszka\u0144 nowszych, o\u00a0\u015brednim i\u00a0wy\u017cszym standardzie, \u015brednie ceny ofertowe mieszka\u0144 b\u0119d\u0105 notowa\u0107 niewielkie wzrosty. Szanse na\u00a0realizacj\u0119 takiego scenariusza zwi\u0119ksza obserwowane od\u00a0sierpnia br. o\u017cywienie popytu, na\u00a0kt\u00f3re wp\u0142yw maj\u0105 obni\u017cki st\u00f3p procentowych oraz\u00a0malej\u0105ce prawdopodobie\u0144stwo znacz\u0105cych przecen na\u00a0rynku mieszkaniowym, kt\u00f3rych oczekiwa\u0142a cz\u0119\u015b\u0107 klient\u00f3w od\u00a0dawna planuj\u0105cych zakup w\u0142asnego M&#8221; \u2013\u00a0skomentowano w\u00a0materiale. &#13;\n<\/p>\n<p>&#13;<br \/>\nCzytaj te\u017c:<br \/><a href=\"https:\/\/dorzeczy.pl\/ekonomia\/789525\/rynek-mieszkan-w-polsce-nastapil-wyrazny-wzrost-sprzedazy.html\" rel=\"follow nofollow noopener\" data-schema=\"DORZECZY\" data-image=\"https:\/\/img.dorzeczy.pl\/_thumb\/66\/58\/d378c4196c445ba26459e20cc46a.jpeg\" target=\"_blank\">Sprzeda\u017c mieszka\u0144 w\u00a0Polsce. Zauwa\u017cono wyra\u017any trend<\/a>Czytaj te\u017c:<br \/><a href=\"https:\/\/dorzeczy.pl\/ekonomia\/785850\/przecietna-pensja-a-zakup-mieszkania-opole-i-gorzow-wielkopolski-na-czele.html\" rel=\"follow nofollow noopener\" data-schema=\"DORZECZY\" data-image=\"https:\/\/img.dorzeczy.pl\/_thumb\/6b\/91\/7d01547295c81fb61ef5a7d33fcf.jpeg\" target=\"_blank\">Tu naj\u0142atwiej kupi\u0107 mieszkanie. Wskazano dwa miasta<\/a>&#13;<\/p>\n","protected":false},"excerpt":{"rendered":"&#13; W uj\u0119ciu rok do\u00a0roku ceny wzros\u0142y w\u00a010 miastach, a\u00a0ni\u017csze ceny ni\u017c\u00a0przed rokiem utrzyma\u0142y si\u0119 jedynie w\u00a0Krakowie i\u00a0Warszawie&hellip;\n","protected":false},"author":2,"featured_media":61222,"comment_status":"","ping_status":"","sticky":false,"template":"","format":"standard","meta":{"footnotes":""},"categories":[16],"tags":[853,113,112,2834,15885,98,105,49,1304,247,102,42,38,40,39,41,15886,435],"class_list":{"0":"post-61221","1":"post","2":"type-post","3":"status-publish","4":"format-standard","5":"has-post-thumbnail","7":"category-biznes","8":"tag-aleksander-majewski","9":"tag-biznes","10":"tag-business","11":"tag-ceny","12":"tag-ceny-mieszkan","13":"tag-dorzeczy","14":"tag-ekonomia","15":"tag-kraj","16":"tag-krakow","17":"tag-mieszkania","18":"tag-opinie","19":"tag-pl","20":"tag-poland","21":"tag-polish","22":"tag-polska","23":"tag-polski","24":"tag-rynek-wtorny","25":"tag-warszawa"},"share_on_mastodon":{"url":"","error":""},"_links":{"self":[{"href":"https:\/\/www.europesays.com\/pl\/wp-json\/wp\/v2\/posts\/61221","targetHints":{"allow":["GET"]}}],"collection":[{"href":"https:\/\/www.europesays.com\/pl\/wp-json\/wp\/v2\/posts"}],"about":[{"href":"https:\/\/www.europesays.com\/pl\/wp-json\/wp\/v2\/types\/post"}],"author":[{"embeddable":true,"href":"https:\/\/www.europesays.com\/pl\/wp-json\/wp\/v2\/users\/2"}],"replies":[{"embeddable":true,"href":"https:\/\/www.europesays.com\/pl\/wp-json\/wp\/v2\/comments?post=61221"}],"version-history":[{"count":0,"href":"https:\/\/www.europesays.com\/pl\/wp-json\/wp\/v2\/posts\/61221\/revisions"}],"wp:featuredmedia":[{"embeddable":true,"href":"https:\/\/www.europesays.com\/pl\/wp-json\/wp\/v2\/media\/61222"}],"wp:attachment":[{"href":"https:\/\/www.europesays.com\/pl\/wp-json\/wp\/v2\/media?parent=61221"}],"wp:term":[{"taxonomy":"category","embeddable":true,"href":"https:\/\/www.europesays.com\/pl\/wp-json\/wp\/v2\/categories?post=61221"},{"taxonomy":"post_tag","embeddable":true,"href":"https:\/\/www.europesays.com\/pl\/wp-json\/wp\/v2\/tags?post=61221"}],"curies":[{"name":"wp","href":"https:\/\/api.w.org\/{rel}","templated":true}]}}