{"id":612265,"date":"2026-08-10T02:12:16","date_gmt":"2026-08-10T02:12:16","guid":{"rendered":"https:\/\/www.europesays.com\/pl\/612265\/"},"modified":"2026-08-10T02:12:16","modified_gmt":"2026-08-10T02:12:16","slug":"magdalena-ogorek-utozsamia-sie-z-buntem-agnieszki-hyzy-czytam-ze-jestem-za-chuda","status":"publish","type":"post","link":"https:\/\/www.europesays.com\/pl\/612265\/","title":{"rendered":"Magdalena Og\u00f3rek uto\u017csamia si\u0119 z buntem Agnieszki Hy\u017cy. &#8222;Czytam, \u017ce jestem za chuda&#8221;"},"content":{"rendered":"<p>Po imprezie ram\u00f3wkowej Telewizji Polsat internauci zacz\u0119li komentowa\u0107 zmiany w wygl\u0105dzie <a href=\"https:\/\/plejada.pl\/temat\/agnieszka-hyzy-popielewicz\/yrh96et\" id=\"8f1de104-b0e3-4b95-825f-0413ba42a69a\" rel=\"nofollow noopener\" target=\"_blank\">Agnieszki Hy\u017cy<\/a>. Niekt\u00f3rzy sugerowali nawet, \u017ce prezenterka podda\u0142a si\u0119 zabiegom i nie przypomina ju\u017c siebie samej. Gwiazda postanowi\u0142a, \u017ce nie mo\u017ce ju\u017c d\u0142u\u017cej milcze\u0107 i opublikowa\u0142a na Instagramie obszerny wpis, w kt\u00f3rym rozlicza si\u0119 z internetowymi krytykami. Gwiazda &#8222;Halo tu Polsat&#8221; mog\u0142a liczy\u0107 na wsparcie m\u0119\u017ca i przyjaci\u00f3\u0142 z show-biznesu, kt\u00f3rzy masowo komentowali jej post.Dalszy ci\u0105g artyku\u0142u pod materia\u0142em wideoMagdalena Og\u00f3rek do\u0142\u0105cza do buntu Agnieszki Hy\u017cy. &#8222;Czytam, \u017ce jestem za chuda&#8221;<a href=\"https:\/\/www.onet.pl\/\" title=\"Strona G\u0142\u00f3wna\" aria-label=\"Strona G\u0142\u00f3wna\" data-astro-prefetch=\"tap\" class=\"ods-a-logo-main-desktop\" rel=\"nofollow noopener\" target=\"_blank\"><img src=\"https:\/\/cdn.plejada.pl\/img\/Logo_desktop_Onet.svg\" class=\"ods-a-logo-main-desktop__image\" alt=\"Logo\" width=\"107\" height=\"60\" fetchpriority=\"high\" decoding=\"sync\" style=\"height:60px\"\/><\/a><\/p>\n<p class=\"ods-m-google-article__text\">Czytaj nas cz\u0119\u015bciej w Google<\/p>\n<p><a href=\"https:\/\/google.com\/preferences\/source?q=plejada.pl\" target=\"_blank\" rel=\"noopener noreferrer nofollow\" aria-label=\"Dodaj w Google\" title=\"Dodaj w Google\" class=\"ods-a-button ods-a-button__primary ods-a-button__default ods-a-button-l\">Dodaj w Google<\/a>Bunt Agnieszki Hy\u017cy wobec hejtu i bezkarnego oceniania wygl\u0105du innych ludzi zainspirowa\u0142 <a href=\"https:\/\/plejada.pl\/temat\/magdalena-ogorek-polityczka-dziennikarka\/zryj616\" id=\"dfb0a5c3-f880-4814-94b2-626d2e01e01a\" rel=\"nofollow noopener\" target=\"_blank\">Magdalen\u0119 Og\u00f3rek<\/a>. Dziennikarka opublikowa\u0142a na Instagramie relacj\u0119, w kt\u00f3rej wyjawi\u0142a, \u017ce od lat mierzy si\u0119 z nienawistnymi komentarzami na temat jej wagi.<\/p>\n<p>&#8222;Bardzo dobrze, \u017ce kto\u015b to w ko\u0144cu napisa\u0142. Od lat obserwuj\u0119 to niesamowite zjawisko \u2014 obcy ludzie (tzw. internet) uwa\u017caj\u0105, \u017ce wszystko o mnie wiedz\u0105. Na podstawie zdj\u0119cia&#8221; \u2014 zacz\u0119\u0142a.<\/p>\n<p><img class=\"ods-a-photo ods-a-photo--background\" src=\"https:\/\/www.europesays.com\/pl\/wp-content\/uploads\/2026\/08\/0FCk9lBaHR0cHM6Ly9vY2RuLmV1L3B1bHNjbXMvTURBXy8zNzdkOGEzZTRkYmVjYTQ4NzI1YTdjZGNlZTQ0NTg2Yy5qcGeRkwXNB.jpeg\" height=\"800\" width=\"533\" alt=\"Magdalena Og\u00f3rek\" loading=\"lazy\" fetchpriority=\"auto\" decoding=\"auto\"\/><\/p>\n<p>AKPA \/ AKPA<\/p>\n<p>Magdalena Og\u00f3rek<\/p>\n<p>Og\u00f3rek wyzna\u0142a, \u017ce od 2015 r. ci\u0105gle czyta, \u017ce jest za chuda i pokaza\u0142a, z jakimi obelgami musi si\u0119 mierzy\u0107.<\/p>\n<p>&#8222;Zag\u0142odzi\u0142 si\u0119 szkieletor i kropl\u00f3wki dosta\u0142a&#8221;, &#8222;Anoreksja&#8221;, &#8222;Zjedz co\u015b&#8221;, &#8222;Przytyj&#8221;, &#8222;Przesta\u0144 si\u0119 odchudza\u0107&#8221;, &#8222;Dziecko. Przecie\u017c ty cienia nie rzucasz&#8230; Zjedz co\u015b&#8221; \u2014 brzmi\u0105 niekt\u00f3re z komentarzy.<\/p>\n<blockquote class=\"ods-o-quote\">\n<p class=\"ods-o-quote__paragraph\">10 lat \u015bmia\u0142am si\u0119 z tych komentarzy, \u0142aduj\u0105c na talerz kolejnego kotleta. A\u017c pewnego dnia napisa\u0142am do fotografa, kt\u00f3ry opublikowa\u0142 moje zdj\u0119cie: &#8222;Prosz\u0119, skasuj t\u0119 fotk\u0119, bo bardzo szczup\u0142o wysz\u0142am&#8221;. Zapyta\u0142, czy pisz\u0119 powa\u017cnie<\/p>\n<\/blockquote>\n<p>\u2014 opowiedzia\u0142a, apeluj\u0105c, aby &#8222;nigdy nie przegl\u0105da\u0107 si\u0119 w krzywym zwierciadle hejtu&#8221;.<\/p>\n<p><img class=\"ods-a-photo ods-a-photo--background\" src=\"https:\/\/www.europesays.com\/pl\/wp-content\/uploads\/2026\/08\/_hXk9lBaHR0cHM6Ly9vY2RuLmV1L3B1bHNjbXMvTURBXy9hNWE3M2NkYTE2NDdmNDJhNDIzNTBhY2UzMDBkYWE1MS5wbmeSlQPNA.jpeg\" height=\"800\" width=\"451\" alt=\"Magdalena Og\u00f3rek na Instastory\" loading=\"lazy\" fetchpriority=\"auto\" decoding=\"auto\"\/><\/p>\n<p>https:\/\/www.instagram.com\/magdalena.ogorek\/?hl=pl<\/p>\n<p>Magdalena Og\u00f3rek na Instastory<\/p>\n<p class=\"ods-o-frame-in-text__paragraph\">Zobacz tak\u017ce:<\/p>\n<p class=\"ods-o-frame-in-text__paragraph\"><a href=\"https:\/\/www.onet.pl\/styl-zycia\/oneturoda\/ekspertka-o-tym-jak-osiagnac-dlugowiecznosc-piec-kluczowych-zasad\/ddrjkz8,2b83378a\" id=\"8e856768-60f3-4fc5-9690-474e5a4f9860\" rel=\"nofollow noopener\" target=\"_blank\">D\u0142ugie \u017cycie w zdrowiu. To robi\u0119, by osi\u0105gn\u0105\u0107 d\u0142ugowieczno\u015b\u0107<\/a><\/p>\n<p><img class=\"ods-a-photo ods-a-photo--background\" src=\"https:\/\/www.europesays.com\/pl\/wp-content\/uploads\/2026\/08\/1786327936_431_xMnk9lBaHR0cHM6Ly9vY2RuLmV1L3B1bHNjbXMvTURBXy9hY2I0MDYzOGFkZTE0NTE4MDIwYTZmNjIxMjg1ZTFhYi5wbmeRlQLNA.jpeg\" height=\"253\" width=\"450\" alt=\"Longevity dla ka\u017cdego\" loading=\"lazy\" fetchpriority=\"low\" decoding=\"async\"\/>Dzi\u0119kujemy, \u017ce przeczyta\u0142a\u015b\/e\u015b nasz artyku\u0142 do ko\u0144ca. W serwisie Plejada.pl ka\u017cdego dnia piszemy o najwa\u017cniejszych wydarzeniach show-biznesowych. B\u0105d\u017a na bie\u017c\u0105co!<a rel=\"nofollow noopener\" href=\"https:\/\/profile.google.com\/cp\/Cg0vZy8xMWJ6X19wdHBx\" id=\"e9fac63d-527c-476e-9a8f-ba2abf9ebbd0\" target=\"_blank\"> Obserwuj<\/a> Plejad\u0119 w Google. Odwied\u017a nas tak\u017ce na<a rel=\"nofollow noopener\" href=\"https:\/\/www.facebook.com\/plejadapl\" id=\"86df7661-1c99-4487-b911-e76db062fded\" target=\"_blank\"> Facebooku<\/a>,<a rel=\"nofollow noopener\" href=\"https:\/\/www.instagram.com\/plejadapl\/\" id=\"f9cbd6ed-1111-44e4-96fd-6443a5572f65\" target=\"_blank\"> Instagramie<\/a>,<a rel=\"nofollow noopener\" href=\"https:\/\/www.youtube.com\/c\/plejada\" id=\"98061899-b72f-4927-a6cd-d24086327580\" target=\"_blank\"> YouTubie<\/a> oraz<a rel=\"nofollow noopener\" href=\"https:\/\/www.tiktok.com\/@plejada_pl\" id=\"200b5fcc-7c29-42be-a9f3-04fa23af4d88\" target=\"_blank\"> TikToku<\/a>.Chcesz podzieli\u0107 si\u0119 ciekawym newsem lub zaproponowa\u0107 temat? Skontaktuj si\u0119 z nami, pisz\u0105c maila na adres: <a rel=\"nofollow noopener\" href=\"https:\/\/plejada.pl\/newsy\/magdalena-ogorek-utozsamia-sie-z-buntem-agnieszki-hyzy-czytam-ze-jestem-za-chuda\/mailto:plejada@redakcjaonet.pl\" id=\"d95bd3e6-7d7b-4b80-8c90-fa3716196e5b\" target=\"_blank\">plejada@redakcjaonet.pl<\/a>.<script async src=\"\/\/www.instagram.com\/embed.js\"><\/script><script async src=\"\/\/www.tiktok.com\/embed.js\"><\/script><\/p>\n","protected":false},"excerpt":{"rendered":"Po imprezie ram\u00f3wkowej Telewizji Polsat internauci zacz\u0119li komentowa\u0107 zmiany w wygl\u0105dzie Agnieszki Hy\u017cy. Niekt\u00f3rzy sugerowali nawet, \u017ce prezenterka&hellip;\n","protected":false},"author":2,"featured_media":612266,"comment_status":"","ping_status":"","sticky":false,"template":"","format":"standard","meta":{"footnotes":"","_share_on_mastodon":"0"},"categories":[22],"tags":[3833,61195,122,8819,7163,48,125,46,42,38,40,39,41,123,47],"class_list":["post-612265","post","type-post","status-publish","format-standard","has-post-thumbnail","category-rozrywka","tag-agnieszka_hyzy","tag-bottomfeed_styl","tag-entertainment","tag-hejt","tag-magdalena_ogorek","tag-nat_styl","tag-newsy","tag-omp","tag-pl","tag-poland","tag-polish","tag-polska","tag-polski","tag-rozrywka","tag-screening_general"],"share_on_mastodon":{"url":"https:\/\/pubeurope.com\/@pl\/117068795177570014","error":""},"_links":{"self":[{"href":"https:\/\/www.europesays.com\/pl\/wp-json\/wp\/v2\/posts\/612265","targetHints":{"allow":["GET"]}}],"collection":[{"href":"https:\/\/www.europesays.com\/pl\/wp-json\/wp\/v2\/posts"}],"about":[{"href":"https:\/\/www.europesays.com\/pl\/wp-json\/wp\/v2\/types\/post"}],"author":[{"embeddable":true,"href":"https:\/\/www.europesays.com\/pl\/wp-json\/wp\/v2\/users\/2"}],"replies":[{"embeddable":true,"href":"https:\/\/www.europesays.com\/pl\/wp-json\/wp\/v2\/comments?post=612265"}],"version-history":[{"count":0,"href":"https:\/\/www.europesays.com\/pl\/wp-json\/wp\/v2\/posts\/612265\/revisions"}],"wp:featuredmedia":[{"embeddable":true,"href":"https:\/\/www.europesays.com\/pl\/wp-json\/wp\/v2\/media\/612266"}],"wp:attachment":[{"href":"https:\/\/www.europesays.com\/pl\/wp-json\/wp\/v2\/media?parent=612265"}],"wp:term":[{"taxonomy":"category","embeddable":true,"href":"https:\/\/www.europesays.com\/pl\/wp-json\/wp\/v2\/categories?post=612265"},{"taxonomy":"post_tag","embeddable":true,"href":"https:\/\/www.europesays.com\/pl\/wp-json\/wp\/v2\/tags?post=612265"}],"curies":[{"name":"wp","href":"https:\/\/api.w.org\/{rel}","templated":true}]}}