{"id":612306,"date":"2026-08-10T02:50:20","date_gmt":"2026-08-10T02:50:20","guid":{"rendered":"https:\/\/www.europesays.com\/pl\/612306\/"},"modified":"2026-08-10T02:50:20","modified_gmt":"2026-08-10T02:50:20","slug":"skoki-narciarskie-lgp-w-courchevel-daniel-tschofenig-ponownie-najlepszy","status":"publish","type":"post","link":"https:\/\/www.europesays.com\/pl\/612306\/","title":{"rendered":"Skoki narciarskie. LGP w Courchevel: Daniel Tschofenig ponownie najlepszy"},"content":{"rendered":"<p>Daniel Tschofenig powt\u00f3rzy\u0142 sobotni sukces i wygra\u0142 niedzielny konkurs indywidualny Letniego Grand Prix na Tremplin du Praz (HS132) w Courchevel. Reprezentant Austrii poszybowa\u0142 na odleg\u0142o\u015b\u0107 125,5 m oraz 128,5 m. Drugi by\u0142 Philipp Raimund, a trzeci Stefan Kraft. Awans do fina\u0142u wywalczy\u0142o dw\u00f3ch Polak\u00f3w &#8211; trzynasty Maciej Kot i dwudziesty pi\u0105ty Aleksander Zniszczo\u0142.<\/p>\n<p>                            <a class=\"fancybox\" href=\"https:\/\/www.skijumping.pl\/content\/images\/news\/powieksz\/podium_2026-08-09_20-57-36.jpg\" data-fancybox=\"gallery38954\" data-caption=\"09.08.2026 - Podium LGP w Courchevel, fot. Tadeusz Mieczy\u0144ski\" rel=\"nofollow noopener\" target=\"_blank\"><img decoding=\"async\" class=\"img-responsive lazyload\" src=\"https:\/\/www.europesays.com\/pl\/wp-content\/uploads\/2026\/08\/280x190_q80_podium_2026-08-09_20-57-36.jpg\" alt=\"09.08.2026 - Podium LGP w Courchevel\" title=\"09.08.2026 - Podium LGP w Courchevel\"\/><\/a>09.08.2026 &#8211; Podium LGP w Courchevel<a class=\"fancybox\" href=\"https:\/\/www.skijumping.pl\/content\/images\/news\/powieksz\/tschofenig_2026-08-09_21-02-17.jpg\" data-fancybox=\"gallery38954\" data-caption=\"Daniel Tschofenig, fot. Tadeusz Mieczy\u0144ski\" rel=\"nofollow noopener\" target=\"_blank\"><img decoding=\"async\" class=\"img-responsive lazyload\" src=\"https:\/\/www.europesays.com\/pl\/wp-content\/uploads\/2026\/08\/280x190_q80_tschofenig_2026-08-09_21-02-17.jpg\" alt=\"Daniel Tschofenig\" title=\"Daniel Tschofenig\"\/><\/a>Daniel Tschofenig<\/p>\n<p>fot. Tadeusz Mieczy\u0144ski<\/p>\n<p><a class=\"fancybox\" href=\"https:\/\/www.skijumping.pl\/content\/images\/news\/powieksz\/raimund_2026-08-09_21-01-42.jpg\" data-fancybox=\"gallery38954\" data-caption=\"Philipp Raimund, fot. Tadeusz Mieczy\u0144ski\" rel=\"nofollow noopener\" target=\"_blank\"><img decoding=\"async\" class=\"img-responsive lazyload\" src=\"https:\/\/www.europesays.com\/pl\/wp-content\/uploads\/2026\/08\/280x190_q80_raimund_2026-08-09_21-01-42.jpg\" alt=\"Philipp Raimund\" title=\"Philipp Raimund\"\/><\/a>Philipp Raimund<\/p>\n<p>fot. Tadeusz Mieczy\u0144ski<\/p>\n<p><a class=\"fancybox\" href=\"https:\/\/www.skijumping.pl\/content\/images\/news\/powieksz\/kraft_2026-08-09_20-59-54.jpg\" data-fancybox=\"gallery38954\" data-caption=\"Stefan Kraft, fot. Tadeusz Mieczy\u0144ski\" rel=\"nofollow noopener\" target=\"_blank\"><img decoding=\"async\" class=\"img-responsive lazyload\" src=\"https:\/\/www.europesays.com\/pl\/wp-content\/uploads\/2026\/08\/280x190_q80_kraft_2026-08-09_20-59-54.jpg\" alt=\"Stefan Kraft\" title=\"Stefan Kraft\"\/><\/a>Stefan Kraft<\/p>\n<p>fot. Tadeusz Mieczy\u0144ski<\/p>\n<p>Po pierwszej, loteryjnej serii w Courchevel liderem konkursu by\u0142 Daniel Tschofenig (125,5 m). Sobotni triumfator zawod\u00f3w wyprzedza\u0142 o 0,4 punktu Philippa Raimunda (123 m) oraz o 1 punkt Maximiliana Ortnera (130,5 m). Tu\u017c za czo\u0142ow\u0105 tr\u00f3jk\u0105 plasowali si\u0119 Stefan Kraft (131,5 m), Valentin Foubert (122 m) i Gregor Deschwanden (125,5 m).<\/p>\n<p>Si\u00f3dme miejsce zajmowa\u0142 Stephan Embacher (132,5 m), \u00f3smy by\u0142 Naoki Nakamura (120 m), dziewi\u0105ty Marius Lindvik (129,5 m), natomiast dziesi\u0105ty Andreas Wellinger (127 m).<\/p>\n<p>Awans do fina\u0142u wywalczy\u0142o dw\u00f3ch Polak\u00f3w. Szesnaste miejsce na p\u00f3\u0142metku zajmowa\u0142 Maciej Kot (125,5 m). Dwudziesty trzeci by\u0142 Aleksander Zniszczo\u0142 (113 m).<\/p>\n<p>Na trzydziestej drugiej pozycji zawody uko\u0144czy\u0142 Jakub Wolny (113 m), czterdziesty trzeci by\u0142 Klemens Joniak (107 m), a czterdziesty sz\u00f3sty Kamil Waszek (88,5 m).<\/p>\n<p>Pierwsz\u0105 seri\u0119 konkursow\u0105 rozegrano z 15., 16. i 17. belki.<\/p>\n<p>W serii fina\u0142owej Daniel Tschofenig uzyska\u0142 odleg\u0142o\u015b\u0107 128,5 metra i odni\u00f3s\u0142 drugie z rz\u0119du zwyci\u0119stwo z przewag\u0105 1,2 punktu nad Philippem Raimundem (132 m). Na najni\u017cszy stopie\u0144 podium wskoczy\u0142 Stefan Kraft (131,5 m), kt\u00f3ry wyprzedzi\u0142 Maximiliana Ortnera (135,5 m), Gregora Deschwandena (129,5 m) i Jonasa Schustera (131,5 m).<\/p>\n<p>Na si\u00f3dmej pozycji konkurs uko\u0144czy\u0142 Marius Lindvik (127 m), \u00f3sme miejsce zaj\u0105\u0142 Naoki Nakamura (134 m), dziewi\u0105ty by\u0142 Stephan Embacher (126,5 m), za\u015b dziesi\u0105ty Andreas Wellinger (129,5 m).<\/p>\n<p>Maciej Kot z wynikiem 127 metr\u00f3w zanotowa\u0142 awans na trzynaste miejsce. Dwudziesty pi\u0105ty by\u0142 Aleksander Zniszczo\u0142 (107 m).<\/p>\n<p>Rund\u0119 fina\u0142ow\u0105, wielokrotnie przerywan\u0105 z powodu niekorzystnych warunk\u00f3w wietrznych, przeprowadzono z 16., 17., 18., 19. i 20. platformy.<\/p>\n<p>Liderem Letniego Grand Prix pozosta\u0142 Naoki Nakamura (292 pkt.), kt\u00f3ry wyprzedza Daniela Tschofeniga (200 pkt.) i Gregora Deschwandena (181 pkt.). Szesnasty jest Maciej Kot (64 pkt.), z kolei osiemnasty Kacper Tomasiak (62 pkt.).<\/p>\n<p>W Letnim Pucharze Narod\u00f3w na czele znajduj\u0105 si\u0119 Austriacy (822 pkt.) przed Japo\u0144czykami (332 pkt.) i Szwajcarami (303 pkt.). Polacy z dorobkiem 190 punkt\u00f3w s\u0105 na sz\u00f3stym miejscu.<\/p>\n<p>Kolejne zawody Letniego Grand Prix rozegrane zostan\u0105 za sze\u015b\u0107 tygodni, 19-20 wrze\u015bnia na Trambulinie Valei Carbunarii (HS97) w Rasnovie.<\/p>\n<p style=\"text-align: justify;\">WYNIKI I KLASYFIKACJE:<br \/>&#13;<br \/>\n<a href=\"https:\/\/www.skijumping.pl\/wyniki\/zawody\/5740\/1\" target=\"_blank\" rel=\"nofollow noopener\">Zobacz wyniki I serii konkursu &gt;&gt;&gt;<\/a><br \/>&#13;<br \/>\n<a href=\"https:\/\/www.skijumping.pl\/wyniki\/zawody\/5740\" target=\"_blank\" rel=\"nofollow noopener\">Zobacz ko\u0144cowe wyniki konkursu &gt;&gt;&gt;<\/a><br \/>&#13;<br \/>\n<a href=\"http:\/\/data.fis-ski.com\/pdf\/2027\/JP\/0265\/2027JP0265RL.pdf\" target=\"_blank\" rel=\"nofollow noopener\">Zobacz protok\u00f3\u0142 FIS z wynikami konkursu &gt;&gt;&gt;<\/a><br \/>&#13;<br \/>\n<a href=\"https:\/\/www.skijumping.pl\/wyniki\/klasyfikacja\/lgp\/2026-2027\" target=\"_blank\" rel=\"nofollow noopener\">Zobacz aktualn\u0105 klasyfikacj\u0119 Letniego Grand Prix &gt;&gt;&gt;<\/a><br \/>&#13;<br \/>\n<a href=\"https:\/\/www.skijumping.pl\/wyniki\/klasyfikacja\/lgp\/puchar_narodow\/2026-2027\" target=\"_blank\" rel=\"nofollow noopener\">Zobacz aktualn\u0105 klasyfikacj\u0119 Letniego Pucharu Narod\u00f3w &gt;&gt;&gt;<\/a><br \/>&#13;<br \/>\n<a href=\"https:\/\/www.skijumping.pl\/wyniki\/klasyfikacja\/ps\/crl\" target=\"_blank\" rel=\"nofollow noopener\">Zobacz aktualny ranking WRL &gt;&gt;&gt;<\/a><\/p>\n","protected":false},"excerpt":{"rendered":"Daniel Tschofenig powt\u00f3rzy\u0142 sobotni sukces i wygra\u0142 niedzielny konkurs indywidualny Letniego Grand Prix na Tremplin du Praz (HS132)&hellip;\n","protected":false},"author":2,"featured_media":612307,"comment_status":"","ping_status":"","sticky":false,"template":"","format":"standard","meta":{"footnotes":"","_share_on_mastodon":"0"},"categories":[5],"tags":[1574,1546,1557,1558,32,33,1561,1573,36,37,1571,1563,27,291,1553,1564,1549,1551,1543,1550,34,35,1562,1547,1565,28,31,1540,1568,25,1544,42,38,40,39,41,1554,1359,1567,1560,1559,1566,1556,1569,1539,1538,1555,1552,1541,29,30,1548,26,1542,1570,1572,645,1545],"class_list":["post-612306","post","type-post","status-publish","format-standard","has-post-thumbnail","category-naglowki","tag-4skocznie","tag-adam","tag-adam-malysz","tag-adammalysz","tag-breaking-news","tag-breakingnews","tag-coc","tag-czteryskocznie","tag-featured-news","tag-featurednews","tag-fis","tag-fis-cup","tag-headlines","tag-historia","tag-horngacher","tag-io","tag-kobayashi","tag-kraft","tag-kuba","tag-kubacki","tag-latest-news","tag-latestnews","tag-lotos-cup","tag-malysz","tag-ms","tag-naglowki","tag-najwazniejsze-artykuly","tag-narciarskie","tag-narty","tag-news","tag-piotrek","tag-pl","tag-poland","tag-polish","tag-polska","tag-polski","tag-polskie","tag-ranking","tag-ski-jumping","tag-skijump","tag-skijumping","tag-skoczkowie","tag-skocznia","tag-skocznie","tag-skoki","tag-skoki-narciarskie","tag-skokinarciarskie","tag-stefan","tag-stoch","tag-top-stories","tag-topstories","tag-wellinger","tag-wiadomosci","tag-wolny","tag-zakopane","tag-zawody","tag-zdjecia","tag-zyla"],"share_on_mastodon":{"url":"","error":"Validation failed: Text character limit of 500 exceeded"},"_links":{"self":[{"href":"https:\/\/www.europesays.com\/pl\/wp-json\/wp\/v2\/posts\/612306","targetHints":{"allow":["GET"]}}],"collection":[{"href":"https:\/\/www.europesays.com\/pl\/wp-json\/wp\/v2\/posts"}],"about":[{"href":"https:\/\/www.europesays.com\/pl\/wp-json\/wp\/v2\/types\/post"}],"author":[{"embeddable":true,"href":"https:\/\/www.europesays.com\/pl\/wp-json\/wp\/v2\/users\/2"}],"replies":[{"embeddable":true,"href":"https:\/\/www.europesays.com\/pl\/wp-json\/wp\/v2\/comments?post=612306"}],"version-history":[{"count":0,"href":"https:\/\/www.europesays.com\/pl\/wp-json\/wp\/v2\/posts\/612306\/revisions"}],"wp:featuredmedia":[{"embeddable":true,"href":"https:\/\/www.europesays.com\/pl\/wp-json\/wp\/v2\/media\/612307"}],"wp:attachment":[{"href":"https:\/\/www.europesays.com\/pl\/wp-json\/wp\/v2\/media?parent=612306"}],"wp:term":[{"taxonomy":"category","embeddable":true,"href":"https:\/\/www.europesays.com\/pl\/wp-json\/wp\/v2\/categories?post=612306"},{"taxonomy":"post_tag","embeddable":true,"href":"https:\/\/www.europesays.com\/pl\/wp-json\/wp\/v2\/tags?post=612306"}],"curies":[{"name":"wp","href":"https:\/\/api.w.org\/{rel}","templated":true}]}}