{"id":612370,"date":"2026-08-10T04:11:13","date_gmt":"2026-08-10T04:11:13","guid":{"rendered":"https:\/\/www.europesays.com\/pl\/612370\/"},"modified":"2026-08-10T04:11:13","modified_gmt":"2026-08-10T04:11:13","slug":"minister-zurek-ostro-o-karolu-nawrockim-to-my-go-ogrywamy","status":"publish","type":"post","link":"https:\/\/www.europesays.com\/pl\/612370\/","title":{"rendered":"Minister \u017burek ostro o Karolu Nawrockim. &#8222;To my go ogrywamy&#8221;"},"content":{"rendered":"<p>W wywiadzie opublikowanym w poniedzia\u0142kowym wydaniu &#8222;Rz&#8221; \u017burek by\u0142 pytany m.in. o swoje plany dot. naprawy wymiaru sprawiedliwo\u015bci w kontek\u015bcie komplikuj\u0105cych spraw\u0119 decyzji prezydenta, takich jak np. wetowanie ustaw czy &#8222;wybieranie s\u0119dzi\u00f3w, od kt\u00f3rych odbierze \u015blubowanie&#8221;.<\/p>\n<p>\u2014 [&#8230;] to my ogrywamy prezydenta, tylko metodami zgodnymi z prawem. Prezydent zawetowa\u0142 dobr\u0105 ustaw\u0119 o Krajowej Radzie S\u0105downictwa i jego ekipa pomy\u015bla\u0142a: koniec, b\u0119dzie bojkot, nie wybior\u0105 przecie\u017c nowej KRS na bazie starej ustawy, kt\u00f3r\u0105 sami kwestionowali. I pani Dagmara Pawe\u0142czyk-Woicka b\u0119dzie pe\u0142ni\u0142a obowi\u0105zki przewodnicz\u0105cej Rady do ko\u0144ca \u015bwiata i o jeden dzie\u0144 d\u0142u\u017cej. Ale s\u0119dziowie uwierzyli demokratycznym politykom \u2014 podkre\u015bli\u0142 minister sprawiedliwo\u015bci.<\/p>\n<p><a href=\"https:\/\/www.onet.pl\/\" title=\"Strona G\u0142\u00f3wna\" aria-label=\"Strona G\u0142\u00f3wna\" data-astro-prefetch=\"tap\" class=\"ods-a-logo-main-desktop\" rel=\"nofollow noopener\" target=\"_blank\"><img src=\"https:\/\/cdn.wiadomosci.onet.pl\/img\/Logo_desktop_Onet.svg\" class=\"ods-a-logo-main-desktop__image\" alt=\"Logo\" width=\"107\" height=\"60\" fetchpriority=\"high\" decoding=\"sync\" style=\"height:60px\"\/><\/a><\/p>\n<p class=\"ods-m-google-article__text\">Czytaj nas cz\u0119\u015bciej w Google<\/p>\n<p><a href=\"https:\/\/google.com\/preferences\/source?q=wiadomosci.onet.pl\" target=\"_blank\" rel=\"noopener noreferrer nofollow\" aria-label=\"Dodaj w Google\" title=\"Dodaj w Google\" class=\"ods-a-button ods-a-button__primary ods-a-button__default ods-a-button-l\">Dodaj w Google<\/a>Plan B w KRS. &#8222;To nasz wielki sukces&#8221;<\/p>\n<p>Jego zdaniem, w przywr\u00f3ceniu zgodnego z konstytucj\u0105 sk\u0142adu i funkcjonowania KRS obecnie realizowany jest &#8222;plan B&#8221;. \u2014 To nasz wielki sukces \u2014 doda\u0142. Dopytany, czy za sukces odbiera te\u017c cz\u0142onkostwo w KRS by\u0142ego wiceministra sprawiedliwo\u015bci z czas\u00f3w rz\u0105d\u00f3w PiS \u0141ukasza Piebiaka, \u017burek odpowiedzia\u0142: &#8222;w ka\u017cdym koszu trafiaj\u0105 si\u0119 \u015bliwki robaczywki&#8221;.<\/p>\n<p>\u2014 Najwa\u017cniejsze, \u017ce mamy Rad\u0119 wy\u0142onion\u0105 zgodnie z konstytucj\u0105 i europejskimi standardami, to znaczy z cz\u0119\u015bci\u0105 s\u0119dziowsk\u0105 wy\u0142onion\u0105 w wi\u0119kszo\u015bci niezale\u017cnie przez samych s\u0119dzi\u00f3w. [&#8230;] Stowarzyszenia s\u0119dziowskie spotyka\u0142y si\u0119 z przedstawicielami s\u0105d\u00f3w, a kandydatury zosta\u0142y wypracowane oddolnie. W obecnej KRS zasiadaj\u0105 s\u0119dziowie r\u00f3\u017cnego szczebla z ca\u0142ej Polski. Jeszcze raz podkre\u015bl\u0119: to wielki sukces \u2014 m\u00f3wi\u0142 \u017burek.<\/p>\n","protected":false},"excerpt":{"rendered":"W wywiadzie opublikowanym w poniedzia\u0142kowym wydaniu &#8222;Rz&#8221; \u017burek by\u0142 pytany m.in. o swoje plany dot. naprawy wymiaru sprawiedliwo\u015bci&hellip;\n","protected":false},"author":2,"featured_media":612371,"comment_status":"","ping_status":"","sticky":false,"template":"","format":"standard","meta":{"footnotes":"","_share_on_mastodon":"0"},"categories":[62712],"tags":[61195,690,43,49,1381,1380,48,46,47,793],"class_list":["post-612370","post","type-post","status-publish","format-standard","has-post-thumbnail","category-karol-nawrocki","tag-bottomfeed_styl","tag-karol-nawrocki","tag-karol_nawrocki","tag-kraj","tag-krs","tag-ministerstwo_sprawiedliwosci","tag-nat_styl","tag-omp","tag-screening_general","tag-waldemar_zurek"],"share_on_mastodon":{"url":"https:\/\/pubeurope.com\/@pl\/117069263634719779","error":""},"_links":{"self":[{"href":"https:\/\/www.europesays.com\/pl\/wp-json\/wp\/v2\/posts\/612370","targetHints":{"allow":["GET"]}}],"collection":[{"href":"https:\/\/www.europesays.com\/pl\/wp-json\/wp\/v2\/posts"}],"about":[{"href":"https:\/\/www.europesays.com\/pl\/wp-json\/wp\/v2\/types\/post"}],"author":[{"embeddable":true,"href":"https:\/\/www.europesays.com\/pl\/wp-json\/wp\/v2\/users\/2"}],"replies":[{"embeddable":true,"href":"https:\/\/www.europesays.com\/pl\/wp-json\/wp\/v2\/comments?post=612370"}],"version-history":[{"count":0,"href":"https:\/\/www.europesays.com\/pl\/wp-json\/wp\/v2\/posts\/612370\/revisions"}],"wp:featuredmedia":[{"embeddable":true,"href":"https:\/\/www.europesays.com\/pl\/wp-json\/wp\/v2\/media\/612371"}],"wp:attachment":[{"href":"https:\/\/www.europesays.com\/pl\/wp-json\/wp\/v2\/media?parent=612370"}],"wp:term":[{"taxonomy":"category","embeddable":true,"href":"https:\/\/www.europesays.com\/pl\/wp-json\/wp\/v2\/categories?post=612370"},{"taxonomy":"post_tag","embeddable":true,"href":"https:\/\/www.europesays.com\/pl\/wp-json\/wp\/v2\/tags?post=612370"}],"curies":[{"name":"wp","href":"https:\/\/api.w.org\/{rel}","templated":true}]}}