{"id":612614,"date":"2026-08-10T07:15:09","date_gmt":"2026-08-10T07:15:09","guid":{"rendered":"https:\/\/www.europesays.com\/pl\/612614\/"},"modified":"2026-08-10T07:15:09","modified_gmt":"2026-08-10T07:15:09","slug":"minimalna-emerytura-w-2027-roku-seniorzy-dostana-wiecej-ale-podwyzka-moze-rozczarowac-3","status":"publish","type":"post","link":"https:\/\/www.europesays.com\/pl\/612614\/","title":{"rendered":"Minimalna emerytura w 2027 roku. Seniorzy dostan\u0105 wi\u0119cej, ale podwy\u017cka mo\u017ce rozczarowa\u0107"},"content":{"rendered":"<p>Minimalna emerytura po raz pierwszy przekroczy 2 tys. z\u0142 brutto, ale skala podwy\u017cek mo\u017ce rozczarowa\u0107 miliony senior\u00f3w. Rz\u0105d ujawni\u0142 nowe prognozy waloryzacji na 2027 rok. Sprawd\u017a, ile mo\u017ce wynie\u015b\u0107 twoja emerytura i dlaczego przysz\u0142oroczny wzrost \u015bwiadcze\u0144 b\u0119dzie wyra\u017anie ni\u017cszy ni\u017c w ostatnich latach.<\/p>\n<p>rozwi\u0144 &gt;<\/p>\n<p>Miliony emeryt\u00f3w czekaj\u0105 na informacje dotycz\u0105ce przysz\u0142orocznej waloryzacji \u015bwiadcze\u0144. Cho\u0107 minimalna emerytura po raz pierwszy wyra\u017anie przekroczy granic\u0119 2 tys. z\u0142 brutto, skala podwy\u017cki mo\u017ce okaza\u0107 si\u0119 jedn\u0105 z najni\u017cszych od wielu lat. Najnowsze prognozy pokazuj\u0105, ile pieni\u0119dzy mo\u017ce trafi\u0107 na konta senior\u00f3w od marca 2027 roku.<\/p>\n<p>Minimalna emerytura przekroczy 2 tys. z\u0142. O tyle wzro\u015bnie od marca 2027<\/p>\n<p>Obecnie minimalna emerytura wynosi 1978,49 z\u0142 brutto. To kwota obowi\u0105zuj\u0105ca po waloryzacji przeprowadzonej w marcu 2026 roku. Wed\u0142ug aktualnych prognoz wska\u017anik waloryzacji emerytur w 2027 roku mo\u017ce wynie\u015b\u0107 oko\u0142o 3,48 proc. Oznacza\u0142oby to wzrost najni\u017cszego \u015bwiadczenia do oko\u0142o 2047,34 z\u0142 brutto. W praktyce podwy\u017cka wynios\u0142aby:<\/p>\n<ul style=\"list-style-type: disc;\">\n<li value=\"1\">68,85 z\u0142 brutto miesi\u0119cznie,<\/li>\n<li value=\"2\">826,20 z\u0142 brutto w skali roku,<\/li>\n<li value=\"3\">oko\u0142o 57\u201365 z\u0142 \u201ena r\u0119k\u0119\u201d miesi\u0119cznie (w zale\u017cno\u015bci od indywidualnej sytuacji podatkowej).<\/li>\n<\/ul>\n<p>Dla wielu senior\u00f3w b\u0119dzie to pierwsza od kilku lat waloryzacja, kt\u00f3ra nie prze\u0142o\u017cy si\u0119 na podwy\u017ck\u0119 liczon\u0105 w setkach z\u0142otych. Oznacza to, \u017ce wzrost \u015bwiadcze\u0144 b\u0119dzie zauwa\u017calnie ni\u017cszy ni\u017c podczas rekordowych waloryzacji z ostatnich lat.<\/p>\n<p>W 2027 roku waloryzacja \u015bwiadcze\u0144 obejmie r\u00f3wnie\u017c dodatkowe wyp\u0142aty, czyli 13. i 14. emerytur\u0119. Ich wysoko\u015b\u0107 b\u0119dzie uzale\u017cniona od kwoty minimalnej emerytury po waloryzacji, dlatego wraz ze wzrostem podstawowych \u015bwiadcze\u0144 automatycznie wzrosn\u0105 tak\u017ce dodatki roczne.<\/p>\n<p>Nowe kwoty emerytur po waloryzacji. Sprawd\u017a wyliczenia dla r\u00f3\u017cnych \u015bwiadcze\u0144<\/p>\n<p>Je\u017celi wska\u017anik waloryzacji faktycznie osi\u0105gnie poziom 3,48 proc., emeryci mog\u0105 otrzyma\u0107 nast\u0119puj\u0105ce kwoty:<\/p>\n<tr style=\"height: 59.0667px;\">\n<p>Obecna emerytura brutto<\/p>\n<p>Emerytura po waloryzacji<\/p>\n<\/tr>\n<tr>\n<td>\n<p>1978,49 z\u0142<\/p>\n<\/td>\n<td>\n<p>2047,34 z\u0142<\/p>\n<\/td>\n<\/tr>\n<tr>\n<td>\n<p>2100 z\u0142<\/p>\n<\/td>\n<td>\n<p>2173,08 z\u0142<\/p>\n<\/td>\n<\/tr>\n<tr>\n<td>\n<p>2500 z\u0142<\/p>\n<\/td>\n<td>\n<p>2587,00 z\u0142<\/p>\n<\/td>\n<\/tr>\n<tr>\n<td>\n<p>3000 z\u0142<\/p>\n<\/td>\n<td>\n<p>3104,40 z\u0142<\/p>\n<\/td>\n<\/tr>\n<tr>\n<td>\n<p>3500 z\u0142<\/p>\n<\/td>\n<td>\n<p>3621,80 z\u0142<\/p>\n<\/td>\n<\/tr>\n<tr>\n<td>\n<p>4000 z\u0142<\/p>\n<\/td>\n<td>\n<p>4139,20 z\u0142<\/p>\n<\/td>\n<\/tr>\n<tr>\n<td>\n<p>5000 z\u0142<\/p>\n<\/td>\n<td>\n<p>5174,00 z\u0142<\/p>\n<\/td>\n<\/tr>\n<p>Waloryzacja obejmie wszystkie \u015bwiadczenia wyp\u0142acane przez ZUS, KRUS oraz systemy mundurowe. A zatem wy\u017csze kwoty otrzymaj\u0105 nie tylko emeryci cywilni, ale r\u00f3wnie\u017c rolnicy i osoby obj\u0119te systemem emerytur mundurowych.<\/p>\n<p>Dalszy ci\u0105g materia\u0142u pod wideo<\/p>\n<p>Dlaczego waloryzacja b\u0119dzie jedn\u0105 z najni\u017cszych od lat?<\/p>\n<p>Jeszcze dwa\u2013trzy lata temu emeryci mogli liczy\u0107 na rekordowe podwy\u017cki. Wynika\u0142o to z bardzo wysokiej inflacji, kt\u00f3ra przekracza\u0142a nawet 15 proc. Dzi\u015b sytuacja wygl\u0105da zupe\u0142nie inaczej. Inflacja wyra\u017anie spad\u0142a, a wzrost wynagrodze\u0144 stopniowo hamuje. To w\u0142a\u015bnie te dwa wska\u017aniki maj\u0105 najwi\u0119kszy wp\u0142yw na wysoko\u015b\u0107 corocznej waloryzacji emerytur.<\/p>\n<p>Eksperci podkre\u015blaj\u0105, \u017ce ni\u017csza waloryzacja nie musi oznacza\u0107 pogorszenia sytuacji senior\u00f3w. Mniejsze podwy\u017cki s\u0105 bowiem efektem stabilizacji cen w gospodarce. Problem polega jednak na tym, \u017ce wielu emeryt\u00f3w przyzwyczai\u0142o si\u0119 ju\u017c do znacznie wy\u017cszych wzrost\u00f3w \u015bwiadcze\u0144.<\/p>\n<p>Kiedy <a class=\"seoMapping\" href=\"https:\/\/kadry.infor.pl\/zus\/\" title=\"ZUS\" rel=\"nofollow noopener\" target=\"_blank\">ZUS<\/a> wyp\u0142aci wy\u017csze emerytury? Oto termin waloryzacji<\/p>\n<p>Waloryzacja \u015bwiadcze\u0144 zostanie przeprowadzona tradycyjnie 1 marca 2027 roku. Seniorzy nie musz\u0105 sk\u0142ada\u0107 \u017cadnych wniosk\u00f3w.<\/p>\n<p>ZUS automatycznie przeliczy wszystkie emerytury i renty, bez konieczno\u015bci sk\u0142adania wniosk\u00f3w przez \u015bwiadczeniobiorc\u00f3w. Wy\u017csze kwoty zostan\u0105 wyp\u0142acone w najbli\u017cszym terminie p\u0142atno\u015bci przypadaj\u0105cym po waloryzacji.<\/p>\n<p>To b\u0119dzie historyczny moment. Minimalna <a class=\"seoMapping\" href=\"https:\/\/www.infor.pl\/prawo\/prawa-seniora\/emerytura\/\" title=\"emerytura\" rel=\"nofollow noopener\" target=\"_blank\">emerytura<\/a> przekroczy 2 tys. z\u0142 brutto<\/p>\n<p>Cho\u0107 podwy\u017cka nie b\u0119dzie spektakularna, minimalna emerytura po raz pierwszy mo\u017ce przekroczy\u0107 poziom 2 tys. z\u0142 brutto miesi\u0119cznie. To symboliczna granica, kt\u00f3ra ma du\u017ce znaczenie psychologiczne dla wielu \u015bwiadczeniobiorc\u00f3w.<\/p>\n<p>Dla os\u00f3b pobieraj\u0105cych najni\u017csze \u015bwiadczenia oznacza to symboliczn\u0105 zmian\u0119, jednak realny wzrost dochod\u00f3w b\u0119dzie znacznie mniejszy ni\u017c podczas rekordowych waloryzacji z ostatnich lat. Wszystko wskazuje wi\u0119c na to, \u017ce rok 2027 przyniesie seniorom wy\u017csze <a class=\"seoMapping\" href=\"https:\/\/www.infor.pl\/prawo\/prawa-seniora\/emerytura\/\" title=\"emerytury\" rel=\"nofollow noopener\" target=\"_blank\">emerytury<\/a>, ale bez finansowej rewolucji, na kt\u00f3r\u0105 liczy wielu \u015bwiadczeniobiorc\u00f3w.<\/p>\n<p>Tre\u015b\u0107 komunikatu Kancelarii Prezesa Rady Ministr\u00f3w: Propozycja zwi\u0119kszenia wska\u017anika waloryzacji emerytur i rent w 2027 r.<\/p>\n<p>Rada Ministr\u00f3w przyj\u0119\u0142a propozycj\u0119 zwi\u0119kszenia wska\u017anika waloryzacji emerytur i rent w 2027 r., przed\u0142o\u017con\u0105 przez Minister Rodziny, Pracy i Polityki Spo\u0142ecznej. Rz\u0105d zaproponuje Radzie Dialogu Spo\u0142ecznego ustalenie wska\u017anika waloryzacji emerytur i rent w 2027 roku, na poziomie 20% realnego wzrostu przeci\u0119tnego wynagrodzenia w 2026 roku. Oznacza to, \u017ce w przysz\u0142ym roku <a class=\"seoMapping\" href=\"https:\/\/mojafirma.infor.pl\/tematy\/emerytury\/\" title=\"emerytury\" rel=\"nofollow noopener\" target=\"_blank\">emerytury<\/a> i renty wzrosn\u0105 o co najmniej 3,48%.<\/p>\n<p>Najwa\u017cniejsze rozwi\u0105zania:<\/p>\n<ul style=\"list-style-type: disc;\">\n<li value=\"1\">Rz\u0105d proponuje, \u017ceby\u00a0wska\u017anik waloryzacji emerytur i rent w 2027 roku wyni\u00f3s\u0142 20% realnego wzrostu przeci\u0119tnego <a class=\"seoMapping\" href=\"https:\/\/kadry.infor.pl\/tematy\/wynagrodzenia\/\" title=\"wynagrodzenia\" rel=\"nofollow noopener\" target=\"_blank\">wynagrodzenia<\/a> w 2026 roku.<\/li>\n<li value=\"2\">Dzi\u0119ki rozwi\u0105zaniu,\u00a0w przysz\u0142ym roku <a class=\"seoMapping\" href=\"https:\/\/ksiegowosc.infor.pl\/tematy\/emerytury\/\" title=\"emerytury\" rel=\"nofollow noopener\" target=\"_blank\">emerytury<\/a> i renty wzrosn\u0105 o co najmniej 3,48%.<\/li>\n<li value=\"3\">Prognozowana najni\u017csza emerytura wzros\u0142aby od 1 marca\u00a02027 roku o 68,85 z\u0142, czyli z 1978,49 z\u0142 do 2047,34 z\u0142.<\/li>\n<li value=\"4\">Szacowany koszt waloryzacji wyniesie ok. 16,7 mld z\u0142.<\/li>\n<\/ul>\n<p>FAQ \u2013 waloryzacja emerytur i rent w 2027 rokuNa jakim poziomie b\u0119dzie waloryzacja emerytur w 2027 roku?<\/p>\n<p>Rz\u0105d przyj\u0105\u0142 propozycj\u0119, aby wska\u017anik waloryzacji emerytur i rent w 2027 roku wyni\u00f3s\u0142 20% realnego wzrostu przeci\u0119tnego wynagrodzenia w 2026 roku. W praktyce oznacza to wzrost \u015bwiadcze\u0144 o co najmniej 3,48%.<\/p>\n<p>O ile wzro\u015bnie minimalna emerytura w 2027 roku?<\/p>\n<p>Wed\u0142ug prognoz najni\u017csza emerytura wzro\u015bnie o oko\u0142o 68,85 z\u0142 brutto. Po waloryzacji od 1 marca 2027 roku mo\u017ce wynie\u015b\u0107 oko\u0142o 2047,34 z\u0142 brutto, wobec obecnych 1978,49 z\u0142.<\/p>\n<p>Kiedy nast\u0105pi waloryzacja emerytur w 2027 roku?<\/p>\n<p>Waloryzacja emerytur i rent zostanie przeprowadzona tradycyjnie 1 marca 2027 roku. Od tego momentu \u015bwiadczenia b\u0119d\u0105 wyp\u0142acane w nowych, wy\u017cszych kwotach.<\/p>\n<p>Czy trzeba sk\u0142ada\u0107 wniosek o podwy\u017ck\u0119 emerytury?<\/p>\n<p>Nie. ZUS automatycznie przeliczy wszystkie <a class=\"seoMapping\" href=\"https:\/\/kadry.infor.pl\/tematy\/emerytury\/\" title=\"emerytury\" rel=\"nofollow noopener\" target=\"_blank\">emerytury<\/a> i <a class=\"seoMapping\" href=\"https:\/\/kadry.infor.pl\/tematy\/renty\/\" title=\"renty\" rel=\"nofollow noopener\" target=\"_blank\">renty<\/a>. \u015awiadczeniobiorcy nie musz\u0105 sk\u0142ada\u0107 \u017cadnych dodatkowych dokument\u00f3w.<\/p>\n<p>Kogo obejmie waloryzacja emerytur?<\/p>\n<p>Podwy\u017cka obejmie wszystkie <a class=\"seoMapping\" href=\"https:\/\/samorzad.infor.pl\/tematy\/swiadczenia\/\" title=\"\u015bwiadczenia\" rel=\"nofollow noopener\" target=\"_blank\">\u015bwiadczenia<\/a> wyp\u0142acane przez ZUS, KRUS oraz systemy emerytur mundurowych.<\/p>\n<p>Ile wyniesie koszt waloryzacji emerytur w 2027 roku?<\/p>\n<p>Szacuje si\u0119, \u017ce ca\u0142kowity koszt waloryzacji dla bud\u017cetu pa\u0144stwa wyniesie oko\u0142o 16,7 mld z\u0142.<\/p>\n<p>Czy 13. i 14. emerytura te\u017c wzro\u015bnie?<\/p>\n<p>Tak. Wysoko\u015b\u0107 dodatkowych \u015bwiadcze\u0144, czyli 13. i 14. emerytury, zale\u017cy od wysoko\u015bci emerytury minimalnej, dlatego ich kwoty r\u00f3wnie\u017c wzrosn\u0105 po waloryzacji.<\/p>\n","protected":false},"excerpt":{"rendered":"Minimalna emerytura po raz pierwszy przekroczy 2 tys. z\u0142 brutto, ale skala podwy\u017cek mo\u017ce rozczarowa\u0107 miliony senior\u00f3w. Rz\u0105d&hellip;\n","protected":false},"author":2,"featured_media":612615,"comment_status":"","ping_status":"","sticky":false,"template":"","format":"standard","meta":{"footnotes":"","_share_on_mastodon":"0"},"categories":[16],"tags":[113,112,27571,4287,47613,42,38,40,39,41,15555,39874],"class_list":["post-612614","post","type-post","status-publish","format-standard","has-post-thumbnail","category-biznes","tag-biznes","tag-business","tag-czternasta-emerytura","tag-emerytury","tag-minimalna-emerytura","tag-pl","tag-poland","tag-polish","tag-polska","tag-polski","tag-trzynasta-emerytura","tag-waloryzacja-rent-i-emerytur"],"share_on_mastodon":{"url":"https:\/\/pubeurope.com\/@pl\/117069986117465531","error":""},"_links":{"self":[{"href":"https:\/\/www.europesays.com\/pl\/wp-json\/wp\/v2\/posts\/612614","targetHints":{"allow":["GET"]}}],"collection":[{"href":"https:\/\/www.europesays.com\/pl\/wp-json\/wp\/v2\/posts"}],"about":[{"href":"https:\/\/www.europesays.com\/pl\/wp-json\/wp\/v2\/types\/post"}],"author":[{"embeddable":true,"href":"https:\/\/www.europesays.com\/pl\/wp-json\/wp\/v2\/users\/2"}],"replies":[{"embeddable":true,"href":"https:\/\/www.europesays.com\/pl\/wp-json\/wp\/v2\/comments?post=612614"}],"version-history":[{"count":0,"href":"https:\/\/www.europesays.com\/pl\/wp-json\/wp\/v2\/posts\/612614\/revisions"}],"wp:featuredmedia":[{"embeddable":true,"href":"https:\/\/www.europesays.com\/pl\/wp-json\/wp\/v2\/media\/612615"}],"wp:attachment":[{"href":"https:\/\/www.europesays.com\/pl\/wp-json\/wp\/v2\/media?parent=612614"}],"wp:term":[{"taxonomy":"category","embeddable":true,"href":"https:\/\/www.europesays.com\/pl\/wp-json\/wp\/v2\/categories?post=612614"},{"taxonomy":"post_tag","embeddable":true,"href":"https:\/\/www.europesays.com\/pl\/wp-json\/wp\/v2\/tags?post=612614"}],"curies":[{"name":"wp","href":"https:\/\/api.w.org\/{rel}","templated":true}]}}