{"id":612912,"date":"2026-08-10T10:14:12","date_gmt":"2026-08-10T10:14:12","guid":{"rendered":"https:\/\/www.europesays.com\/pl\/612912\/"},"modified":"2026-08-10T10:14:12","modified_gmt":"2026-08-10T10:14:12","slug":"ranking-wartosci-medialnej-politykow-2026-nawrocki-liderem-wprost","status":"publish","type":"post","link":"https:\/\/www.europesays.com\/pl\/612912\/","title":{"rendered":"Ranking warto\u015bci medialnej polityk\u00f3w 2026. Nawrocki liderem \u2013 Wprost"},"content":{"rendered":"\n<p>&#13;<br \/>\nKarol Nawrocki okaza\u0142 si\u0119 najdro\u017cszym medialnie polskim politykiem w\u00a0internecie. Wed\u0142ug rankingu Instytutu Przyw\u00f3dztwa warto\u015b\u0107 publikacji z\u00a0udzia\u0142em prezydenta wynios\u0142a 340,94 mln z\u0142. Donald Tusk zaj\u0105\u0142 drugie miejsce z\u00a0wynikiem 274,66 mln z\u0142, a\u00a0Jaros\u0142aw Kaczy\u0144ski by\u0142 trzeci z\u00a0wynikiem 98,29 mln z\u0142. Zestawienie oparto na\u00a0ekwiwalencie reklamowym, czyli szacunkowej kwocie, jak\u0105 nale\u017ca\u0142oby zap\u0142aci\u0107, gdyby badane publikacje by\u0142y reklamami. Na\u00a0wynik wp\u0142ywaj\u0105 m.in. zasi\u0119g materia\u0142u, rodzaj medium oraz\u00a0ekspozycja polityka. &#13;\n<\/p>\n<p>Nawrocki wyprzedzi\u0142 Tuska. Przewaga przekroczy\u0142a 66 mln z\u0142<\/p>\n<p>&#13;<br \/>\nR\u00f3\u017cnica mi\u0119dzy prezydentem a\u00a0premierem wynios\u0142a 66,28 mln z\u0142. Autorzy raportu wi\u0105\u017c\u0105 dominacj\u0119 Nawrockiego z\u00a0obj\u0119ciem urz\u0119du i\u00a0du\u017cym zainteresowaniem medi\u00f3w oraz\u00a0opinii publicznej jego dzia\u0142aniami. Wynik Kaczy\u0144skiego pokazuje, \u017ce\u00a0mimo pozostawania poza rz\u0105dem prezes PiS nadal jest jedn\u0105 z\u00a0kluczowych postaci medialnych. &#13;\n<\/p>\n<p>&#13;<br \/>\nCzwarte miejsce zaj\u0105\u0142 W\u0142adys\u0142aw Kosiniak-Kamysz z\u00a0wycen\u0105 87,51 mln z\u0142, a\u00a0pi\u0105te Rados\u0142aw Sikorski z\u00a0wynikiem 84,94 mln z\u0142. W\u00a0pierwszej dziesi\u0105tce znale\u017ali si\u0119 r\u00f3wnie\u017c W\u0142odzimierz Czarzasty, Przemys\u0142aw Czarnek, Waldemar \u017burek, Zbigniew Ziobro i\u00a0Mateusz Morawiecki. &#13;\n<\/p>\n<p>&#13;<br \/>\nW\u015br\u00f3d polityk\u00f3w Konfederacji najwy\u017cej sklasyfikowany zosta\u0142 Grzegorz Braun. Z\u00a0wynikiem 32,2 mln z\u0142\u00a0zaj\u0105\u0142 15. miejsce, wyprzedzaj\u0105c S\u0142awomira Mentzena i\u00a0Krzysztofa Bosaka. &#13;\n<\/p>\n<p>Rozw\u00f3j Plus wart medialnie niemal tyle co\u00a0Kaczy\u0144ski<\/p>\n<p>&#13;<br \/>\n\u0141\u0105czna wycena publikacji o\u00a042 cz\u0142onkach stowarzyszenia Rozw\u00f3j Plus wynios\u0142a oko\u0142o 99,5 mln z\u0142\u00a0\u2014 niemal tyle, ile rezultat samego Jaros\u0142awa Kaczy\u0144skiego. Prawie po\u0142ow\u0119 tej kwoty generuje jednak Mateusz Morawiecki, kt\u00f3rego wynik to\u00a047,66 mln z\u0142. &#13;\n<\/p>\n<p>&#13;<br \/>\nKolejne miejsca w\u00a0tym \u015brodowisku zaj\u0119li Marek Jakubiak, Micha\u0142 Dworczyk, Janusz Cieszy\u0144ski i\u00a0Krzysztof Szczucki. Zdaniem autor\u00f3w raportu tak silne uzale\u017cnienie rozpoznawalno\u015bci projektu od\u00a0jednego lidera mo\u017ce utrudnia\u0107 budowanie trwa\u0142ego wp\u0142ywu. &#13;\n<\/p>\n<p>Tusk i\u00a0Nawrocki bior\u0105 30 procent<\/p>\n<p>&#13;<br \/>\nPublikacje dotycz\u0105ce 170 przeanalizowanych lider\u00f3w osi\u0105gn\u0119\u0142y \u0142\u0105cznie ponad 2,1 mld z\u0142 ekwiwalentu reklamowego. Blisko 30 proc. tej sumy przypad\u0142o na\u00a0Nawrockiego i\u00a0Tuska. Analiza obj\u0119\u0142a materia\u0142y opublikowane od\u00a01 stycznia do\u00a014 lipca 2026 roku na\u00a0portalach, blogach i\u00a0platformach spo\u0142eczno\u015bciowych, m.in. X, YouTube, TikToku, LinkedInie oraz\u00a0BlueSky. Nie\u00a0uwzgl\u0119dniono Facebooka i\u00a0Instagrama. &#13;\n<\/p>\n<p>&#13;<br \/>\n   Czytaj te\u017c:<br \/><a href=\"https:\/\/www.wprost.pl\/polityka\/sondaze\/12410328\/sondaz-nawrocki-i-tusk-tak-ich-wspolprace-ocenili-polacy.html\" rel=\"follow nofollow noopener\" data-schema=\"WPROST\" data-image=\"https:\/\/img.wprost.pl\/_thumb\/ee\/84\/9c59dbc8db57f79b41780417c134.jpeg\" target=\"_blank\">Polacy ocenili wsp\u00f3\u0142prac\u0119 Nawrockiego i\u00a0Tuska. Gorzkie wyniki sonda\u017cu<\/a>   Czytaj te\u017c:<br \/><a href=\"https:\/\/www.wprost.pl\/kraj\/12410436\/ryszard-czarnecki-zawieszony-w-pis-wszystko-przez-kontakty-z-braunem.html\" rel=\"follow nofollow noopener\" data-schema=\"WPROST\" data-image=\"https:\/\/img.wprost.pl\/_thumb\/55\/dd\/ab528c70ebe097e430c3dbe29a2f.jpeg\" target=\"_blank\">Kaczy\u0144ski reaguje po\u00a0konferencji Brauna. PiS zawiesza \u201eg\u0142o\u015bne nazwisko\u201d<\/a>&#13;<\/p>\n","protected":false},"excerpt":{"rendered":"&#13; Karol Nawrocki okaza\u0142 si\u0119 najdro\u017cszym medialnie polskim politykiem w\u00a0internecie. Wed\u0142ug rankingu Instytutu Przyw\u00f3dztwa warto\u015b\u0107 publikacji z\u00a0udzia\u0142em prezydenta&hellip;\n","protected":false},"author":2,"featured_media":612913,"comment_status":"","ping_status":"","sticky":false,"template":"","format":"standard","meta":{"footnotes":"","_share_on_mastodon":"0"},"categories":[62713],"tags":[1345,121049,690,49,1158,907,1359,61647,43315],"class_list":["post-612912","post","type-post","status-publish","format-standard","has-post-thumbnail","category-donald-tusk","tag-donald-tusk","tag-instytut-przywodztwa","tag-karol-nawrocki","tag-kraj","tag-media","tag-polityka","tag-ranking","tag-stanislaw-wegrowski","tag-wprost"],"share_on_mastodon":{"url":"https:\/\/pubeurope.com\/@pl\/117070690375400537","error":""},"_links":{"self":[{"href":"https:\/\/www.europesays.com\/pl\/wp-json\/wp\/v2\/posts\/612912","targetHints":{"allow":["GET"]}}],"collection":[{"href":"https:\/\/www.europesays.com\/pl\/wp-json\/wp\/v2\/posts"}],"about":[{"href":"https:\/\/www.europesays.com\/pl\/wp-json\/wp\/v2\/types\/post"}],"author":[{"embeddable":true,"href":"https:\/\/www.europesays.com\/pl\/wp-json\/wp\/v2\/users\/2"}],"replies":[{"embeddable":true,"href":"https:\/\/www.europesays.com\/pl\/wp-json\/wp\/v2\/comments?post=612912"}],"version-history":[{"count":0,"href":"https:\/\/www.europesays.com\/pl\/wp-json\/wp\/v2\/posts\/612912\/revisions"}],"wp:featuredmedia":[{"embeddable":true,"href":"https:\/\/www.europesays.com\/pl\/wp-json\/wp\/v2\/media\/612913"}],"wp:attachment":[{"href":"https:\/\/www.europesays.com\/pl\/wp-json\/wp\/v2\/media?parent=612912"}],"wp:term":[{"taxonomy":"category","embeddable":true,"href":"https:\/\/www.europesays.com\/pl\/wp-json\/wp\/v2\/categories?post=612912"},{"taxonomy":"post_tag","embeddable":true,"href":"https:\/\/www.europesays.com\/pl\/wp-json\/wp\/v2\/tags?post=612912"}],"curies":[{"name":"wp","href":"https:\/\/api.w.org\/{rel}","templated":true}]}}