{"id":613200,"date":"2026-08-10T13:04:11","date_gmt":"2026-08-10T13:04:11","guid":{"rendered":"https:\/\/www.europesays.com\/pl\/613200\/"},"modified":"2026-08-10T13:04:11","modified_gmt":"2026-08-10T13:04:11","slug":"prezydent-karol-nawrocki-do-piotra-pytla-ktorego-ulaskawil-swoje-pan-wycierpial","status":"publish","type":"post","link":"https:\/\/www.europesays.com\/pl\/613200\/","title":{"rendered":"Prezydent Karol Nawrocki do Piotra Pytla, kt\u00f3rego u\u0142askawi\u0142. &#8222;Swoje pan wycierpia\u0142&#8221;"},"content":{"rendered":"<p>\u2014 W ko\u0144cu uda\u0142o mi si\u0119 spotka\u0107 z prezydentem i osobi\u015bcie mu podzi\u0119kowa\u0107 \u2014 m\u00f3wi Onetowi Piotr Pytel, kt\u00f3ry przed tygodniem zosta\u0142 u\u0142askawiony przez prezydenta Karola Nawrockiego.<\/p>\n<p>&#8222;Ju\u017c prawie zapomnia\u0142em, jak wygl\u0105da niebo bez krat&#8221;. Piotr blisko 22 lata siedzia\u0142 za zbrodni\u0119, kt\u00f3rej nie pope\u0142ni\u0142<\/p>\n<p class=\"ods-o-frame-in-text__paragraph\"><a href=\"https:\/\/wiadomosci.onet.pl\/rzeszow\/piotr-pytel-na-wolnosci-po-22-latach-wiezienia-mialem-pretensje-do-calego-swiata-i-do\/wpysnlk\" id=\"5699fb7b-3e8f-4774-8e9d-57e3537a22b8\" rel=\"nofollow noopener\" target=\"_blank\">Czytaj zaskakuj\u0105c\u0105 histori\u0119 Piotra Pytla, kt\u00f3r\u0105 opisa\u0142 Tomasz Paj\u0105czek <\/a><\/p>\n<p><img class=\"ods-a-photo ods-a-photo--background\" src=\"https:\/\/www.europesays.com\/pl\/wp-content\/uploads\/2026\/08\/1786367050_118_qUik9lBaHR0cHM6Ly9vY2RuLmV1L3B1bHNjbXMvTURBXy80ZDVmZWE1MjY0MmRiZTIxODUwMmFiMDNmOTM3NDY4Ny5qcGeRlQLNA.jpeg\" height=\"338\" width=\"450\" loading=\"lazy\" fetchpriority=\"low\" decoding=\"async\"\/><\/p>\n<p>Do ich spotkania dosz\u0142o w niedziel\u0119 w Skawinie niedaleko Krakowa. \u2014 Ciesz\u0119 si\u0119, \u017ce mog\u0142em zamieni\u0107 z nim par\u0119 s\u0142\u00f3w. Doskonale wiedzia\u0142, kim jestem. Powiedzia\u0142, \u017ce zna moj\u0105 spraw\u0119 i \u017ce teraz powinno by\u0107 ju\u017c lepiej \u2014 podkre\u015bla Pytel.<\/p>\n<p>Na kr\u00f3tkim nagraniu z ich spotkania s\u0142ycha\u0107, jak prezydent Karol Nawrocki m\u00f3wi: \u2014 Swoje pan wycierpia\u0142.<\/p>\n<p>Dalszy ci\u0105g artyku\u0142u pod materia\u0142em wideo<\/p>\n<p>By\u0142 u\u015bcisk d\u0142oni i wsp\u00f3lne zdj\u0119cie. \u2014 Dla mnie to by\u0142o wa\u017cne, \u017ceby podzi\u0119kowa\u0107 prezydentowi, bo jego decyzja wymaga\u0142a odwagi. Tak samo chcia\u0142bym podzi\u0119kowa\u0107 ministrowi \u017burkowi, bo to on wyst\u0105pi\u0142 o moje u\u0142askawienie. Publicznie wypowiedzia\u0142 si\u0119 na m\u00f3j temat. Jestem im za to wdzi\u0119czny \u2014 s\u0142ysz\u0119.<\/p>\n<p>Dalszy ci\u0105g artyku\u0142u pod materia\u0142em wideo&#8221;Usiad\u0142em na pod\u0142odze i rozp\u0142aka\u0142em si\u0119&#8221;<\/p>\n<p>\u2014 Decyzja o u\u0142askawieniu du\u017co dla mnie znaczy. Nie ma ju\u017c tej niepewno\u015bci, co b\u0119dzie jutro, czy wr\u00f3c\u0119 za kraty. Kamie\u0144 spad\u0142 mi z serca. Gdy si\u0119 o tym dowiedzia\u0142em, usiad\u0142em na pod\u0142odze i rozp\u0142aka\u0142em si\u0119 \u2014 m\u00f3wi Piotr Pytel.<\/p>\n<p><img class=\"ods-a-photo ods-a-photo--background\" src=\"https:\/\/www.europesays.com\/pl\/wp-content\/uploads\/2026\/08\/I2Kk9lBaHR0cHM6Ly9vY2RuLmV1L3B1bHNjbXMvTURBXy8wMjgzNDViMzliNTY0ZGZiMWJhZjc2ODBkZjBhOWUyYi5qcGeRkwXNB.jpeg\" height=\"692\" width=\"940\" alt=\"Piotr Pytel i prezydent Karol Nawrocki podczas spotkania w Skawinie\" loading=\"lazy\" fetchpriority=\"auto\" decoding=\"auto\"\/><\/p>\n<p>archiwum prywatne \/ Onet<\/p>\n<p>Piotr Pytel i prezydent Karol Nawrocki podczas spotkania w Skawinie<\/p>\n<p>\u2014 Stres jeszcze ze mnie nie zszed\u0142. Czuj\u0119 si\u0119, jakbym by\u0142 w bryle lodu. Odnale\u017a\u0107 si\u0119 w nowej rzeczywisto\u015bci po tylu latach jest naprawd\u0119 trudne \u2014 dodaje.<\/p>\n<p>Teraz chce zadba\u0107 o zdrowie, znale\u017a\u0107 prac\u0119. Marzy te\u017c o w\u0142asnym mieszkaniu.<\/p>\n<p>Historia Piotra Pytla<\/p>\n<p>W 2006 r. s\u0105d w Monachium skaza\u0142 Piotra Pytla na do\u017cywocie za zab\u00f3jstwo prostytutki Ecateriny I., kt\u00f3re mia\u0142o miejsce 26 marca 2004 r. Pochodz\u0105cy z Rzeszowa m\u0119\u017cczyzna mia\u0142 w\u00f3wczas 35 lat. Od pocz\u0105tku zapewnia\u0142, \u017ce jest niewinny. P\u00f3\u017aniejsze ustalenia polskiej prokuratury wykaza\u0142y, \u017ce to nie on pope\u0142ni\u0142 t\u0119 zbrodni\u0119, tylko Tomasz W., kt\u00f3ry przyzna\u0142 si\u0119 do morderstwa i zezna\u0142, \u017ce Pytel nie bra\u0142 w nim udzia\u0142u.<\/p>\n<p>Mimo \u017ce Tomasz W. zosta\u0142 skazany za t\u0119 zbrodni\u0119 [na dziewi\u0119\u0107 lat i trzy miesi\u0105ce, bo w chwili zab\u00f3jstwa mia\u0142 17 lat], a nawet zd\u0105\u017cy\u0142 odsiedzie\u0107 wyrok, Pytel przez d\u0142ugie lata wci\u0105\u017c przebywa\u0142 za kratami. Niemiecki s\u0105d nie zgodzi\u0142 si\u0119 na wznowienie post\u0119powania, a prezydent Andrzej Duda trzy razy odrzuca\u0142 jego wniosek o u\u0142askawienie, cho\u0107 polskie s\u0105dy wydawa\u0142y pozytywn\u0105 opini\u0119.<\/p>\n<p>Na wolno\u015b\u0107 Pytel wyszed\u0142 22 czerwca, gdy prokurator generalny Waldemar \u017burek zarz\u0105dzi\u0142 mu przerw\u0119 w karze do czasu zako\u0144czenia procedury w sprawie jego u\u0142askawienia, o kt\u00f3re sam wyst\u0105pi\u0142.<\/p>\n<p>3 sierpnia prezydent Karol Nawrocki podpisa\u0142 jego u\u0142askawienie.<\/p>\n<p>Histori\u0119 Piotra Pytla opisali\u015bmy w Onecie jako pierwsi w artykule: <a href=\"https:\/\/wiadomosci.onet.pl\/tylko-w-onecie\/precedensowa-sprawa-piotra-p-siedzi-na-dozywociu-choc-do-zabojstwa-przyznal-sie-ktos\/8g0ql5b\" id=\"5fd79bc2-8af6-4ad3-8670-4779b0db7b21\" rel=\"nofollow noopener\" target=\"_blank\">&#8222;Siedzi na do\u017cywociu, cho\u0107 do zab\u00f3jstwa przyzna\u0142 si\u0119 kto\u015b inny i odby\u0142 ju\u017c kar\u0119&#8221;<\/a>.<a href=\"https:\/\/wiadomosci.onet.pl\/rzeszow\/piotr-pytel-na-wolnosci-po-22-latach-wiezienia-mialem-pretensje-do-calego-swiata-i-do\/wpysnlk\" id=\"390663fa-6020-441c-8b9c-ff359b7a4955\" rel=\"nofollow noopener\" target=\"_blank\">Przed tygodniem opublikowali\u015bmy z kolei rozmow\u0119 z Piotrem Pytlem<\/a>, podczas kt\u00f3rej m\u00f3wi\u0142: \u2014 Ju\u017c prawie zapomnia\u0142em, jak wygl\u0105da niebo bez krat. Nawet na spacerze ma pan nad g\u0142ow\u0105 siatk\u0119. Teraz gdy spogl\u0105dam w g\u00f3r\u0119 i wpatruj\u0119 si\u0119 w chmury, czuj\u0119 si\u0119, jakbym \u015bni\u0142. Jak wyszed\u0142em, prosi\u0142em przyjaciela, \u017ceby mnie uszczypn\u0105\u0142, bo nie wierzy\u0142em, \u017ce to si\u0119 dzieje naprawd\u0119.<\/p>\n<p>Kontakt z autorem: tomasz.pajaczek@redakcjaonet.pl<\/p>\n","protected":false},"excerpt":{"rendered":"\u2014 W ko\u0144cu uda\u0142o mi si\u0119 spotka\u0107 z prezydentem i osobi\u015bcie mu podzi\u0119kowa\u0107 \u2014 m\u00f3wi Onetowi Piotr Pytel,&hellip;\n","protected":false},"author":2,"featured_media":613201,"comment_status":"","ping_status":"","sticky":false,"template":"","format":"standard","meta":{"footnotes":"","_share_on_mastodon":"0"},"categories":[62712],"tags":[61195,690,43,49,48,56812,46,121121,47,8623],"class_list":["post-613200","post","type-post","status-publish","format-standard","has-post-thumbnail","category-karol-nawrocki","tag-bottomfeed_styl","tag-karol-nawrocki","tag-karol_nawrocki","tag-kraj","tag-nat_styl","tag-newbb_tst0","tag-omp","tag-piotr_pytel","tag-screening_general","tag-ulaskawienie"],"share_on_mastodon":{"url":"https:\/\/pubeurope.com\/@pl\/117071359350815078","error":""},"_links":{"self":[{"href":"https:\/\/www.europesays.com\/pl\/wp-json\/wp\/v2\/posts\/613200","targetHints":{"allow":["GET"]}}],"collection":[{"href":"https:\/\/www.europesays.com\/pl\/wp-json\/wp\/v2\/posts"}],"about":[{"href":"https:\/\/www.europesays.com\/pl\/wp-json\/wp\/v2\/types\/post"}],"author":[{"embeddable":true,"href":"https:\/\/www.europesays.com\/pl\/wp-json\/wp\/v2\/users\/2"}],"replies":[{"embeddable":true,"href":"https:\/\/www.europesays.com\/pl\/wp-json\/wp\/v2\/comments?post=613200"}],"version-history":[{"count":0,"href":"https:\/\/www.europesays.com\/pl\/wp-json\/wp\/v2\/posts\/613200\/revisions"}],"wp:featuredmedia":[{"embeddable":true,"href":"https:\/\/www.europesays.com\/pl\/wp-json\/wp\/v2\/media\/613201"}],"wp:attachment":[{"href":"https:\/\/www.europesays.com\/pl\/wp-json\/wp\/v2\/media?parent=613200"}],"wp:term":[{"taxonomy":"category","embeddable":true,"href":"https:\/\/www.europesays.com\/pl\/wp-json\/wp\/v2\/categories?post=613200"},{"taxonomy":"post_tag","embeddable":true,"href":"https:\/\/www.europesays.com\/pl\/wp-json\/wp\/v2\/tags?post=613200"}],"curies":[{"name":"wp","href":"https:\/\/api.w.org\/{rel}","templated":true}]}}